{"id":128,"date":"2024-06-19T20:11:33","date_gmt":"2024-06-19T20:11:33","guid":{"rendered":"http:\/\/kal-akal.com\/?p=128"},"modified":"2024-06-20T11:50:03","modified_gmt":"2024-06-20T11:50:03","slug":"aka","status":"publish","type":"post","link":"https:\/\/kal-akal.com\/?p=128","title":{"rendered":"Epuration ethnique d\u00e9lib\u00e9r\u00e9e !"},"content":{"rendered":"\n<p><br><br><strong>D\u00e9p\u00eache :<\/strong><br><br>Enlev\u00e9 et s\u00e9questr\u00e9 le 17 juin avec 4 autres civils de son village \u00e0 Tanaynayte,pr\u00e8s de kidal,par wagner-fama, l&rsquo;Association kal Akal apprend avec tristesse la d\u00e9couverte ce jour du corps sans vie carbonis\u00e9 du notable et non moins vieillard,maladif, plusieurs admis au coma,Mossa Ag Samoghine,pr\u00e8s d&rsquo;Ahader dans la r\u00e9gion de kidal.<br>L&rsquo;Association kal Akal a \u00e9t\u00e9 touch\u00e9e au sujet des plusieurs cas d&rsquo;allegations d&rsquo;ex\u00e9cutions sommaires,des vols des biens et des destructions des infrastructures op\u00e9r\u00e9es dans le courant de deux dernieres semaines par le couple terroriste wagner-fama. <br>Tous ces abus seront d\u00e9taill\u00e9s et rapport\u00e9s dans le rapport mensuel de fin du mois.<\/p>\n","protected":false},"excerpt":{"rendered":"<p>D\u00e9p\u00eache : Enlev\u00e9 et s\u00e9questr\u00e9 le 17 juin avec 4 autres civils de son village \u00e0 Tanaynayte,pr\u00e8s de kidal,par wagner-fama, l&rsquo;Association kal Akal apprend avec tristesse la d\u00e9couverte ce jour&hellip;<\/p>\n","protected":false},"author":1,"featured_media":87,"comment_status":"open","ping_status":"open","sticky":false,"template":"","format":"standard","meta":{"_jetpack_memberships_contains_paid_content":false,"footnotes":""},"categories":[5],"tags":[],"class_list":["post-128","post","type-post","status-publish","format-standard","has-post-thumbnail","hentry","category-depeche"],"yoast_head":"<!-- This site is optimized with the Yoast SEO plugin v27.5 - https:\/\/yoast.com\/product\/yoast-seo-wordpress\/ -->\n<title>Epuration ethnique d\u00e9lib\u00e9r\u00e9e ! - Association Kal Akal<\/title>\n<meta name=\"robots\" content=\"index, follow, max-snippet:-1, max-image-preview:large, max-video-preview:-1\" \/>\n<link rel=\"canonical\" href=\"https:\/\/kal-akal.com\/?p=128\" \/>\n<meta property=\"og:locale\" content=\"fr_FR\" \/>\n<meta property=\"og:type\" content=\"article\" \/>\n<meta property=\"og:title\" content=\"Epuration ethnique d\u00e9lib\u00e9r\u00e9e ! - Association Kal Akal\" \/>\n<meta property=\"og:description\" content=\"D\u00e9p\u00eache : Enlev\u00e9 et s\u00e9questr\u00e9 le 17 juin avec 4 autres civils de son village \u00e0 Tanaynayte,pr\u00e8s de kidal,par wagner-fama, l&rsquo;Association kal Akal apprend avec tristesse la d\u00e9couverte ce jour&hellip;\" \/>\n<meta property=\"og:url\" content=\"https:\/\/kal-akal.com\/?p=128\" \/>\n<meta property=\"og:site_name\" content=\"Association Kal Akal\" \/>\n<meta property=\"article:published_time\" content=\"2024-06-19T20:11:33+00:00\" \/>\n<meta property=\"article:modified_time\" content=\"2024-06-20T11:50:03+00:00\" \/>\n<meta property=\"og:image\" content=\"https:\/\/kal-akal.com\/wp-content\/uploads\/2024\/06\/IMG-20240605-WA0034.jpg\" \/>\n\t<meta property=\"og:image:width\" content=\"640\" \/>\n\t<meta property=\"og:image:height\" content=\"640\" \/>\n\t<meta property=\"og:image:type\" content=\"image\/jpeg\" \/>\n<meta name=\"author\" content=\"\u0639\u0628\u062f\u0627\u0644\u0644\u06472024\" \/>\n<meta name=\"twitter:card\" content=\"summary_large_image\" \/>\n<meta name=\"twitter:label1\" content=\"\u00c9crit par\" \/>\n\t<meta name=\"twitter:data1\" content=\"\u0639\u0628\u062f\u0627\u0644\u0644\u06472024\" \/>\n\t<meta name=\"twitter:label2\" content=\"Dur\u00e9e de lecture estim\u00e9e\" \/>\n\t<meta name=\"twitter:data2\" content=\"1 minute\" \/>\n<script type=\"application\/ld+json\" class=\"yoast-schema-graph\">{\"@context\":\"https:\\\/\\\/schema.org\",\"@graph\":[{\"@type\":\"Article\",\"@id\":\"https:\\\/\\\/kal-akal.com\\\/?p=128#article\",\"isPartOf\":{\"@id\":\"https:\\\/\\\/kal-akal.com\\\/?p=128\"},\"author\":{\"name\":\"\u0639\u0628\u062f\u0627\u0644\u0644\u06472024\",\"@id\":\"https:\\\/\\\/kal-akal.com\\\/#\\\/schema\\\/person\\\/38fee61aab36e307bd27480803963845\"},\"headline\":\"Epuration ethnique d\u00e9lib\u00e9r\u00e9e !\",\"datePublished\":\"2024-06-19T20:11:33+00:00\",\"dateModified\":\"2024-06-20T11:50:03+00:00\",\"mainEntityOfPage\":{\"@id\":\"https:\\\/\\\/kal-akal.com\\\/?p=128\"},\"wordCount\":130,\"commentCount\":1,\"publisher\":{\"@id\":\"https:\\\/\\\/kal-akal.com\\\/#organization\"},\"image\":{\"@id\":\"https:\\\/\\\/kal-akal.com\\\/?p=128#primaryimage\"},\"thumbnailUrl\":\"https:\\\/\\\/kal-akal.com\\\/wp-content\\\/uploads\\\/2024\\\/06\\\/IMG-20240509-WA014828229-18.jpg\",\"articleSection\":[\"D\u00e9p\u00eache\"],\"inLanguage\":\"fr-FR\",\"potentialAction\":[{\"@type\":\"CommentAction\",\"name\":\"Comment\",\"target\":[\"https:\\\/\\\/kal-akal.com\\\/?p=128#respond\"]}]},{\"@type\":\"WebPage\",\"@id\":\"https:\\\/\\\/kal-akal.com\\\/?p=128\",\"url\":\"https:\\\/\\\/kal-akal.com\\\/?p=128\",\"name\":\"Epuration ethnique d\u00e9lib\u00e9r\u00e9e ! - Association Kal Akal\",\"isPartOf\":{\"@id\":\"https:\\\/\\\/kal-akal.com\\\/#website\"},\"primaryImageOfPage\":{\"@id\":\"https:\\\/\\\/kal-akal.com\\\/?p=128#primaryimage\"},\"image\":{\"@id\":\"https:\\\/\\\/kal-akal.com\\\/?p=128#primaryimage\"},\"thumbnailUrl\":\"https:\\\/\\\/kal-akal.com\\\/wp-content\\\/uploads\\\/2024\\\/06\\\/IMG-20240509-WA014828229-18.jpg\",\"datePublished\":\"2024-06-19T20:11:33+00:00\",\"dateModified\":\"2024-06-20T11:50:03+00:00\",\"breadcrumb\":{\"@id\":\"https:\\\/\\\/kal-akal.com\\\/?p=128#breadcrumb\"},\"inLanguage\":\"fr-FR\",\"potentialAction\":[{\"@type\":\"ReadAction\",\"target\":[\"https:\\\/\\\/kal-akal.com\\\/?p=128\"]}]},{\"@type\":\"ImageObject\",\"inLanguage\":\"fr-FR\",\"@id\":\"https:\\\/\\\/kal-akal.com\\\/?p=128#primaryimage\",\"url\":\"https:\\\/\\\/kal-akal.com\\\/wp-content\\\/uploads\\\/2024\\\/06\\\/IMG-20240509-WA014828229-18.jpg\",\"contentUrl\":\"https:\\\/\\\/kal-akal.com\\\/wp-content\\\/uploads\\\/2024\\\/06\\\/IMG-20240509-WA014828229-18.jpg\",\"width\":1600,\"height\":1131},{\"@type\":\"BreadcrumbList\",\"@id\":\"https:\\\/\\\/kal-akal.com\\\/?p=128#breadcrumb\",\"itemListElement\":[{\"@type\":\"ListItem\",\"position\":1,\"name\":\"Home\",\"item\":\"https:\\\/\\\/kal-akal.com\\\/\"},{\"@type\":\"ListItem\",\"position\":2,\"name\":\"Epuration ethnique d\u00e9lib\u00e9r\u00e9e !\"}]},{\"@type\":\"WebSite\",\"@id\":\"https:\\\/\\\/kal-akal.com\\\/#website\",\"url\":\"https:\\\/\\\/kal-akal.com\\\/\",\"name\":\"Association Kal Akal\",\"description\":\"l\u2019Association Kal Akal est un Observatoire Citoyen de Veille et de D\u00e9fense des Droits Humains du Peuple de l\u2019Azawad.\",\"publisher\":{\"@id\":\"https:\\\/\\\/kal-akal.com\\\/#organization\"},\"potentialAction\":[{\"@type\":\"SearchAction\",\"target\":{\"@type\":\"EntryPoint\",\"urlTemplate\":\"https:\\\/\\\/kal-akal.com\\\/?s={search_term_string}\"},\"query-input\":{\"@type\":\"PropertyValueSpecification\",\"valueRequired\":true,\"valueName\":\"search_term_string\"}}],\"inLanguage\":\"fr-FR\"},{\"@type\":\"Organization\",\"@id\":\"https:\\\/\\\/kal-akal.com\\\/#organization\",\"name\":\"Association Kal Akal\",\"url\":\"https:\\\/\\\/kal-akal.com\\\/\",\"logo\":{\"@type\":\"ImageObject\",\"inLanguage\":\"fr-FR\",\"@id\":\"https:\\\/\\\/kal-akal.com\\\/#\\\/schema\\\/logo\\\/image\\\/\",\"url\":\"https:\\\/\\\/kal-akal.com\\\/wp-content\\\/uploads\\\/2024\\\/06\\\/cropped-\u062c\u0645\u0639\u064a\u0629-\u0643\u0644-\u0623\u0643\u0627\u0644.png\",\"contentUrl\":\"https:\\\/\\\/kal-akal.com\\\/wp-content\\\/uploads\\\/2024\\\/06\\\/cropped-\u062c\u0645\u0639\u064a\u0629-\u0643\u0644-\u0623\u0643\u0627\u0644.png\",\"width\":200,\"height\":40,\"caption\":\"Association Kal Akal\"},\"image\":{\"@id\":\"https:\\\/\\\/kal-akal.com\\\/#\\\/schema\\\/logo\\\/image\\\/\"}},{\"@type\":\"Person\",\"@id\":\"https:\\\/\\\/kal-akal.com\\\/#\\\/schema\\\/person\\\/38fee61aab36e307bd27480803963845\",\"name\":\"\u0639\u0628\u062f\u0627\u0644\u0644\u06472024\",\"image\":{\"@type\":\"ImageObject\",\"inLanguage\":\"fr-FR\",\"@id\":\"https:\\\/\\\/secure.gravatar.com\\\/avatar\\\/3c56ec666afc88ba8e609c1f64df8546bde100acf43533800f1a1368f1fb350c?s=96&d=mm&r=g\",\"url\":\"https:\\\/\\\/secure.gravatar.com\\\/avatar\\\/3c56ec666afc88ba8e609c1f64df8546bde100acf43533800f1a1368f1fb350c?s=96&d=mm&r=g\",\"contentUrl\":\"https:\\\/\\\/secure.gravatar.com\\\/avatar\\\/3c56ec666afc88ba8e609c1f64df8546bde100acf43533800f1a1368f1fb350c?s=96&d=mm&r=g\",\"caption\":\"\u0639\u0628\u062f\u0627\u0644\u0644\u06472024\"},\"sameAs\":[\"http:\\\/\\\/kal-akal.com\"],\"url\":\"https:\\\/\\\/kal-akal.com\\\/?author=1\"}]}<\/script>\n<!-- \/ Yoast SEO plugin. -->","yoast_head_json":{"title":"Epuration ethnique d\u00e9lib\u00e9r\u00e9e ! - Association Kal Akal","robots":{"index":"index","follow":"follow","max-snippet":"max-snippet:-1","max-image-preview":"max-image-preview:large","max-video-preview":"max-video-preview:-1"},"canonical":"https:\/\/kal-akal.com\/?p=128","og_locale":"fr_FR","og_type":"article","og_title":"Epuration ethnique d\u00e9lib\u00e9r\u00e9e ! - Association Kal Akal","og_description":"D\u00e9p\u00eache : Enlev\u00e9 et s\u00e9questr\u00e9 le 17 juin avec 4 autres civils de son village \u00e0 Tanaynayte,pr\u00e8s de kidal,par wagner-fama, l&rsquo;Association kal Akal apprend avec tristesse la d\u00e9couverte ce jour&hellip;","og_url":"https:\/\/kal-akal.com\/?p=128","og_site_name":"Association Kal Akal","article_published_time":"2024-06-19T20:11:33+00:00","article_modified_time":"2024-06-20T11:50:03+00:00","og_image":[{"width":640,"height":640,"url":"https:\/\/kal-akal.com\/wp-content\/uploads\/2024\/06\/IMG-20240605-WA0034.jpg","type":"image\/jpeg"}],"author":"\u0639\u0628\u062f\u0627\u0644\u0644\u06472024","twitter_card":"summary_large_image","twitter_misc":{"\u00c9crit par":"\u0639\u0628\u062f\u0627\u0644\u0644\u06472024","Dur\u00e9e de lecture estim\u00e9e":"1 minute"},"schema":{"@context":"https:\/\/schema.org","@graph":[{"@type":"Article","@id":"https:\/\/kal-akal.com\/?p=128#article","isPartOf":{"@id":"https:\/\/kal-akal.com\/?p=128"},"author":{"name":"\u0639\u0628\u062f\u0627\u0644\u0644\u06472024","@id":"https:\/\/kal-akal.com\/#\/schema\/person\/38fee61aab36e307bd27480803963845"},"headline":"Epuration ethnique d\u00e9lib\u00e9r\u00e9e !","datePublished":"2024-06-19T20:11:33+00:00","dateModified":"2024-06-20T11:50:03+00:00","mainEntityOfPage":{"@id":"https:\/\/kal-akal.com\/?p=128"},"wordCount":130,"commentCount":1,"publisher":{"@id":"https:\/\/kal-akal.com\/#organization"},"image":{"@id":"https:\/\/kal-akal.com\/?p=128#primaryimage"},"thumbnailUrl":"https:\/\/kal-akal.com\/wp-content\/uploads\/2024\/06\/IMG-20240509-WA014828229-18.jpg","articleSection":["D\u00e9p\u00eache"],"inLanguage":"fr-FR","potentialAction":[{"@type":"CommentAction","name":"Comment","target":["https:\/\/kal-akal.com\/?p=128#respond"]}]},{"@type":"WebPage","@id":"https:\/\/kal-akal.com\/?p=128","url":"https:\/\/kal-akal.com\/?p=128","name":"Epuration ethnique d\u00e9lib\u00e9r\u00e9e ! - Association Kal Akal","isPartOf":{"@id":"https:\/\/kal-akal.com\/#website"},"primaryImageOfPage":{"@id":"https:\/\/kal-akal.com\/?p=128#primaryimage"},"image":{"@id":"https:\/\/kal-akal.com\/?p=128#primaryimage"},"thumbnailUrl":"https:\/\/kal-akal.com\/wp-content\/uploads\/2024\/06\/IMG-20240509-WA014828229-18.jpg","datePublished":"2024-06-19T20:11:33+00:00","dateModified":"2024-06-20T11:50:03+00:00","breadcrumb":{"@id":"https:\/\/kal-akal.com\/?p=128#breadcrumb"},"inLanguage":"fr-FR","potentialAction":[{"@type":"ReadAction","target":["https:\/\/kal-akal.com\/?p=128"]}]},{"@type":"ImageObject","inLanguage":"fr-FR","@id":"https:\/\/kal-akal.com\/?p=128#primaryimage","url":"https:\/\/kal-akal.com\/wp-content\/uploads\/2024\/06\/IMG-20240509-WA014828229-18.jpg","contentUrl":"https:\/\/kal-akal.com\/wp-content\/uploads\/2024\/06\/IMG-20240509-WA014828229-18.jpg","width":1600,"height":1131},{"@type":"BreadcrumbList","@id":"https:\/\/kal-akal.com\/?p=128#breadcrumb","itemListElement":[{"@type":"ListItem","position":1,"name":"Home","item":"https:\/\/kal-akal.com\/"},{"@type":"ListItem","position":2,"name":"Epuration ethnique d\u00e9lib\u00e9r\u00e9e !"}]},{"@type":"WebSite","@id":"https:\/\/kal-akal.com\/#website","url":"https:\/\/kal-akal.com\/","name":"Association Kal Akal","description":"l\u2019Association Kal Akal est un Observatoire Citoyen de Veille et de D\u00e9fense des Droits Humains du Peuple de l\u2019Azawad.","publisher":{"@id":"https:\/\/kal-akal.com\/#organization"},"potentialAction":[{"@type":"SearchAction","target":{"@type":"EntryPoint","urlTemplate":"https:\/\/kal-akal.com\/?s={search_term_string}"},"query-input":{"@type":"PropertyValueSpecification","valueRequired":true,"valueName":"search_term_string"}}],"inLanguage":"fr-FR"},{"@type":"Organization","@id":"https:\/\/kal-akal.com\/#organization","name":"Association Kal Akal","url":"https:\/\/kal-akal.com\/","logo":{"@type":"ImageObject","inLanguage":"fr-FR","@id":"https:\/\/kal-akal.com\/#\/schema\/logo\/image\/","url":"https:\/\/kal-akal.com\/wp-content\/uploads\/2024\/06\/cropped-\u062c\u0645\u0639\u064a\u0629-\u0643\u0644-\u0623\u0643\u0627\u0644.png","contentUrl":"https:\/\/kal-akal.com\/wp-content\/uploads\/2024\/06\/cropped-\u062c\u0645\u0639\u064a\u0629-\u0643\u0644-\u0623\u0643\u0627\u0644.png","width":200,"height":40,"caption":"Association Kal Akal"},"image":{"@id":"https:\/\/kal-akal.com\/#\/schema\/logo\/image\/"}},{"@type":"Person","@id":"https:\/\/kal-akal.com\/#\/schema\/person\/38fee61aab36e307bd27480803963845","name":"\u0639\u0628\u062f\u0627\u0644\u0644\u06472024","image":{"@type":"ImageObject","inLanguage":"fr-FR","@id":"https:\/\/secure.gravatar.com\/avatar\/3c56ec666afc88ba8e609c1f64df8546bde100acf43533800f1a1368f1fb350c?s=96&d=mm&r=g","url":"https:\/\/secure.gravatar.com\/avatar\/3c56ec666afc88ba8e609c1f64df8546bde100acf43533800f1a1368f1fb350c?s=96&d=mm&r=g","contentUrl":"https:\/\/secure.gravatar.com\/avatar\/3c56ec666afc88ba8e609c1f64df8546bde100acf43533800f1a1368f1fb350c?s=96&d=mm&r=g","caption":"\u0639\u0628\u062f\u0627\u0644\u0644\u06472024"},"sameAs":["http:\/\/kal-akal.com"],"url":"https:\/\/kal-akal.com\/?author=1"}]}},"jetpack_featured_media_url":"https:\/\/kal-akal.com\/wp-content\/uploads\/2024\/06\/IMG-20240509-WA014828229-18.jpg","jetpack_sharing_enabled":true,"_links":{"self":[{"href":"https:\/\/kal-akal.com\/index.php?rest_route=\/wp\/v2\/posts\/128","targetHints":{"allow":["GET"]}}],"collection":[{"href":"https:\/\/kal-akal.com\/index.php?rest_route=\/wp\/v2\/posts"}],"about":[{"href":"https:\/\/kal-akal.com\/index.php?rest_route=\/wp\/v2\/types\/post"}],"author":[{"embeddable":true,"href":"https:\/\/kal-akal.com\/index.php?rest_route=\/wp\/v2\/users\/1"}],"replies":[{"embeddable":true,"href":"https:\/\/kal-akal.com\/index.php?rest_route=%2Fwp%2Fv2%2Fcomments&post=128"}],"version-history":[{"count":1,"href":"https:\/\/kal-akal.com\/index.php?rest_route=\/wp\/v2\/posts\/128\/revisions"}],"predecessor-version":[{"id":129,"href":"https:\/\/kal-akal.com\/index.php?rest_route=\/wp\/v2\/posts\/128\/revisions\/129"}],"wp:featuredmedia":[{"embeddable":true,"href":"https:\/\/kal-akal.com\/index.php?rest_route=\/wp\/v2\/media\/87"}],"wp:attachment":[{"href":"https:\/\/kal-akal.com\/index.php?rest_route=%2Fwp%2Fv2%2Fmedia&parent=128"}],"wp:term":[{"taxonomy":"category","embeddable":true,"href":"https:\/\/kal-akal.com\/index.php?rest_route=%2Fwp%2Fv2%2Fcategories&post=128"},{"taxonomy":"post_tag","embeddable":true,"href":"https:\/\/kal-akal.com\/index.php?rest_route=%2Fwp%2Fv2%2Ftags&post=128"}],"curies":[{"name":"wp","href":"https:\/\/api.w.org\/{rel}","templated":true}]}}