{"id":240,"date":"2024-08-01T13:01:25","date_gmt":"2024-08-01T13:01:25","guid":{"rendered":"http:\/\/kal-akal.com\/?p=240"},"modified":"2024-08-01T13:04:57","modified_gmt":"2024-08-01T13:04:57","slug":"rapport","status":"publish","type":"post","link":"https:\/\/kal-akal.com\/?p=240","title":{"rendered":"Rapport de l&rsquo;association kal Akal du mois du juillet relatif aux violations des droits humains en Azawad"},"content":{"rendered":"\n<h3 class=\"wp-block-heading\"> <h3>OBSERVATOIRE DE VEILLE CITOYENNE POUR LA DEFENSE DES DROITS HUMAINS DU PEUPLE DE L\u2019AZAWAD, \u00ab ASSOCIATION KAL AKAL \u00bb<\/h3>\n\n\n\n<p>associationkalakal@gmail.com<br><br>RAPPORT N\u00b008\/AKA\/2024 <br>P\u00e9riode :\u00a0 Mois de Juillet<br>Date : 1er Aout 2024<br><br><strong>Introduction<\/strong> :<br><br>L\u2019ASSOCIATION KAL AKAL ( Observatoire de Veille Citoyenne pour la Defense des droits Humains du Peuple de l\u2019Azawad) est une organisation locale, membre de la societ\u00e9 civile dont le siege social se trouve dans la r\u00e9gion de Kidal. <br>En application de ses textes,son champ d\u2019action couvre entre autres,les questions de l\u2019\u00e9ducation, de la coh\u00e9sion sociale,de la promotion de la culture,du developpement\u2026,mais surtout des droits de l\u2019homme. <br>A partir du declenchement du conflit en cours,l\u2019Association Kal Akal etend ses actions \u00e0 l\u2019ensemble du territoire de l\u2019Azawad,voire au dela, en faisant de la question des droits de l\u2019homme son centre d\u2019interet pour contribuer \u00e0 asseoir la justice et le bien-etre social au profit des victimes et\/ou de leurs ayant droits.<br>L\u2019association Kal Akal dispose des points focaux partout en Azawad qui lui rapportent regulierement les faits d\u2019allegations relatives aux violations des droits de l\u2019homme commises par les mercenaires Russes du groupe wagner et l\u2019Arm\u00e9e Malienne contre les populations civiles.<br>Outre,les mercenaires Russes du groupe Wagner et l\u2019Arm\u00e9e Malienne,les groupes terroristes(EIGS et JNIM) aussi sont impliqu\u00e9s dans les violations des droits de l\u2019homme.<br>Le mois de Juillet fut particuli\u00e8rement meurtrier et d\u00e9vastateur.<br>En effet, une vaste campagne des violations des droits de l\u2019homme a \u00e9t\u00e9 enregistr\u00e9e sur l\u2019ensemble du territoire de l\u2019Azawad, avec une pression plus soutenue dans la r\u00e9gion de Kidal. Elle vise les populations civiles, les infrastructures et l\u2019\u00e9conomie locale.<br>Des unit\u00e9s de l\u2019Arm\u00e9e Malienne et du groupe Wagner font des incursions dans les campements et points d\u2019eau pastoraux pour des commettre des ex\u00e9cutions sommaires, souvent sold\u00e9es par des d\u00e9capitations et des viols. Des animaux sont aveuglements mitraill\u00e9s en pleins p\u00e2turages, des fois emmen\u00e9s pour servir de soupe ou \u00eatre revendus. M\u00eames des voiles des femmes, des ustensiles de cuisine et autres objets domestiques sont ramass\u00e9s et emport\u00e9s.<br>L\u2019association Kal Akal a pu consulter des documents attribu\u00e9s au groupe Wagner, dont l\u2019authenticit\u00e9 est en cours de v\u00e9rification, qui affirment que la junte aurait donn\u00e9 la main libre \u00e0 Wagner de nettoyer l\u2019Azawad de ses populations blanches en contre partie d\u2019acc\u00e9der aux ressources naturelles.<br>En plus, des vocaux et des \u00e9crits d\u2019incitation \u00e0 la haine sur les r\u00e9seaux sociaux sont r\u00e9guli\u00e8rement relay\u00e9s. En somme, l\u2019association Kal Akal note \u00e0 charge tout ce qui peut perturber la qui\u00e9tude et la paix sociale comme \u00e9l\u00e9ments de preuve relatives \u00e0 la violation des droits de l\u2019homme.<br>Le pr\u00e9sent rapport fait le point des violations des droits de l\u2019homme, les auteurs et les cibles de fa\u00e7on cat\u00e9goris\u00e9e.<br>I.\tTentative des massacres,massacres\/executions : <br>Durant le mois de juillet,l\u2019Association Kal Akal a enregistr\u00e9 116 cas de morts. Ils sont tous des civils desarm\u00e9s arret\u00e9s dans leurs campements ou rencontr\u00e9s par Wagner et l\u2019Arm\u00e9e Malienne sur leur chemin,parfois autour des points d\u2019eau abreuvant leurs animaux et ex\u00e9cut\u00e9s collectivement ou individuellement. Des cas des decapitations et des corps calcin\u00e9s,puis des fosses communes sont document\u00e9s par Kal Akal.L\u2019Association a pu disposer des fragments des objets utilis\u00e9s dans le piege des corps de certaines victimes et des carcasses des animaux abattus.<br>Nous notons ici les cas des massacres les plus atroces commis par Wagner et l\u2019Arm\u00e9e Malienne,<br>Ainsi :<br>\u2022\tLe 04 Juillet 2024 : Six (6) corps ont \u00e9t\u00e9 retrouv\u00e9s ex\u00e9cut\u00e9s et calcin\u00e9s avec deux v\u00e9hicules durant les op\u00e9rations de fin juin \u00e0 Aghli dans la r\u00e9gion de Kidal ;<br>\u2022\tLe 11\/12 Juillet 2024 : Cinq (5) civils ont \u00e9t\u00e9 ex\u00e9cut\u00e9s \u00e0 Tin-Essako, leurs corps ont \u00e9t\u00e9 pi\u00e9g\u00e9s avant d\u2019\u00eatre jet\u00e9s dans une fosse commune ;<br>\u2022\tLe 17 Juillet 2024 : assassinat puis d\u00e9capitation d\u2019un civil \u00e0 Eghachar-Alkhandak, commune de Soumpi;<br>\u2022\tLe 24 Juillet 2024 : Deux (2) civils d\u2019un \u00e2ge avanc\u00e9 ont \u00e9t\u00e9 ex\u00e9cut\u00e9s sur la route d\u2019Achibrich ; <br>\u2022\tLe 30 Juillet 2024 : Plusieurs frappes des drones ont cibl\u00e9 un site d\u2019orpaillage \u00e0 In-Attayara et un abri des d\u00e9plac\u00e9s \u00e0 Ikharaban dans le secteur de Tinzaouetene, au moins 50 morts d\u2019origine Soudano Tchadienne et Nig\u00e9rienne ont \u00e9t\u00e9 d\u00e9nombr\u00e9s, avec plusieurs bless\u00e9s et des d\u00e9g\u00e2ts consid\u00e9rables. <br><br>II.\t<strong>Viols<\/strong> :<br>3 cas de viols ont \u00e9t\u00e9 not\u00e9s,<br>Le 15 Juillet 2024 : l\u2019Association Kal Akal a \u00e9t\u00e9 inform\u00e9e par des parents des victimes de ce que 16 filles seraient enlev\u00e9es et viol\u00e9es pendant toute une nuit \u00e0 Doghay, N\u2019Tillit\/Gao par des pr\u00e9sum\u00e9s terroristes et ramen\u00e9es le lendemain ;<br>Le 16 Juillet 2024 : une fille aurait \u00e9t\u00e9 viol\u00e9e par une vingtaine des terroristes \u00e0 Doghay, elle a \u00e9t\u00e9 hospitalis\u00e9e \u00e0 Gao apr\u00e8s l\u2019acte ;<br>Le 24 Juillet 2024 :\u00a0 sur la route d\u2019Achibrich, une source proche de victime affirme le viol d\u2019une femme dont le mari, d\u2019un \u00e2ge avanc\u00e9 a \u00e9t\u00e9 \u00e9gorg\u00e9. Elle succombera apr\u00e8s toute une nuit de viol et de violence physique. <br>Une autre femme serait aussi viol\u00e9e. <br>Par ailleurs, le Jeudi 27 Juin 2024 : un militaire de l\u2019Arm\u00e9e Malienne aurait viol\u00e9 une dame mari\u00e9e dans le camp des d\u00e9plac\u00e9s de Lellehoye, Ansongo.<br>Bien qu\u2019ayant des d\u00e9tails sur l\u2019identit\u00e9 compl\u00e8te des victimes et sur celles de leurs \u00e9poux. Kal Akal pr\u00e9f\u00e8re, pour des raisons de culture et de s\u00e9curit\u00e9 des victimes, garder dans sa base des donn\u00e9es les \u00e9l\u00e9ments se rapportant \u00e0 ces crimes en attendant l\u2019ouverture d\u2019une \u00e9ventuelle enqu\u00eate.<br>III.\tArrestations\/disparitions \/enl\u00e8vements : <br><br>15 cas ont pu \u00eatre recens\u00e9s, dont :<br>\u2022\tLe 04 Juillet 2024 : une dame serait arr\u00eat\u00e9e \u00e0 Kidal par wagner-fama pour avoir d\u00e9nonc\u00e9 les conditions difficiles et les raquettes polici\u00e8res contre les populations civiles de Kidal ; <br>\u2022\tLe 06 Juillet 2024 : 3 civils(commer\u00e7ants) ont \u00e9t\u00e9 arr\u00eat\u00e9s par Wagner-fama \u00e0 M\u00e9naka ;<br>\u2022\tLe 12 Juillet 2024 : enl\u00e8vement de 2 humanitaires \u00e0 Taboye, Bourem par des inconnus ;<br><br>IV.\t<strong>Tortures\/blessures<\/strong> :<br>5 cas confirm\u00e9s, parmi lesquels :<br>\u2022\tLe 19 Juillet 2024 : des \u00e9l\u00e9ments suppos\u00e9s appartenir \u00e0 l\u2019EIGS ont tent\u00e9 une incursion dans la p\u00e9riph\u00e9rie Nord de M\u00e9naka, la riposte de l\u2019Arm\u00e9e Malienne et des mercenaires Ruses du groupe Wagner a caus\u00e9 la mort d\u2019au moins sept (7) civils parmi les PDI , une femme de 33 ans et une mineure de 14 ans ont \u00e9galement \u00e9t\u00e9 bless\u00e9es ;<br>\u2022\tLe 28-29 Juillet 2024 : deux jeunes adolescents ont \u00e9t\u00e9 victimes d\u2019une fusillade de wagner-fama \u00e0 Tombouctou, ils s\u2019en sortent avec des blessures ;<br><br>V.\t<strong>Destructions \/pillages\/vols et autres dommages mat\u00e9riels :<\/strong><br>Kal Akal a suivi avec beaucoup d\u2019interet les dommages caus\u00e9s aux biens des populations que ce soit en matiere des vols, des destructions ou des pillages.<br>Nous rapportons ici quelques cas emblematiques,qui ne representent que le cot\u00e9 visible de l\u2019iceberg sur le plan des degats commis.<br>Le 02 Juillet 2024 : des hommes arm\u00e9s inconnus ont fait irruption dans un site des d\u00e9plac\u00e9s \u00e0 12km de Gao, ils ont extorqu\u00e9 la somme de trois millions huit cent cinquante mille francs (3.850.000Fcfa) et vol\u00e9 des objets des femmes ;<br>Le 07 Juillet 2024 :\u00a0 dans la r\u00e9gion de Tombouctou, village d\u2019Alghariyat alors que les populations assistaient impuissantes \u00e0 la mort de leur cheptel due au retard accus\u00e9 par l\u2019arriv\u00e9e des pluies, wagner-fama sont pass\u00e9s bruler toutes les habitations des pauvres citoyens avec tous leurs moyens de subsistance ;<br>Le 08 Juillet 2024 : plus de 50 moutons ont \u00e9t\u00e9 abattus par wagner-fama \u00e0 Inafarak, secteur d\u2019Aguelhok-Kidal ;<br>Le 11\/12 Juillet 2024 :\u00a0 la m\u00eame mission d\u2019Inafarak a abattu six (6) vaches dont elle a pi\u00e9g\u00e9 les carcasses, d\u00e9truit une mosqu\u00e9e, pill\u00e9 des maisons et vid\u00e9 le village de tous ses biens. Elle a \u00e9galement empoisonn\u00e9 le ch\u00e2teau du village, entrainant la mort des caprins qui s\u2019y sont abreuv\u00e9s et causant des maladies parmi la population.<br>Le 13 Juillet 2024 : enl\u00e8vement de b\u00e9tail \u00e0 Batalo vers Indaki, Gossi par l\u2019EIGS ; <br>Le 21,22 et 23 Juillet 2024 : des d\u00e9g\u00e2ts portant sur des saccages des plusieurs habitations et engins roulant, un ch\u00e2teau d\u2019eau et 3 camions remplis des mat\u00e9riels vol\u00e9s ont \u00e9t\u00e9 recens\u00e9s par Kal Akal \u00e0 la charge de wagner-fama dans les cercles d\u2019Abeibara (Edjerer, Intawak\u00e9, Tihadjiwen, Eleoudj\u2026) et d\u2019Aguelhok (Inafarak). En plus, Ils ont brul\u00e9 les moteurs qui servent \u00e0 arroser les jardins potagers ;<br>Le 24 Juillet 2024 : des centaines des t\u00eates d\u2019animaux (bovins, ovins, caprins, camelins\u2026) ont \u00e9t\u00e9 vol\u00e9s par l\u2019EIGS dans le secteur de Jouben, commune d\u2019Achibago.<br><br><br><br><br><strong>Conclusion<\/strong><br><br>\u25cf\tL\u2019Association Kal Akal, Observatoire de Veille Citoyenne pour la D\u00e9fense des Droits Humains du Peuple de l\u2019Azawad, conform\u00e9ment \u00e0 son serment relatif \u00e0 la d\u00e9fense des droits humains du peuple de l\u2019Azawad, condamne les violations r\u00e9p\u00e9t\u00e9es des droits de l\u2019homme perp\u00e9tr\u00e9es par les mercenaires Russes du groupes Wagner et l\u2019Arm\u00e9e Malienne contre les populations civiles d\u00e9sarm\u00e9es et leurs biens en Azawad et au centre du Mali contre les Touareg, Arabes et Peulhs, principalement ;<br>\u25cf\tDemande \u00e0 la communaut\u00e9 internationale,en particulier, aux organisations des droits de l\u2019homme d\u2019assumer toute leur responsabilit\u00e9 dans le cadre de l\u2019\u00e9puration ethnique cibl\u00e9e,s\u2019operant \u00e0 ciel ouvert par une junte au nom d\u2019un Etat signataire de toutes les conventions de protection et de promotion des droits de l\u2019homme,avec l\u2019appui aver\u00e9 des mercenaires etrangers ;<br>\u25cf\tLance un appel aux organisations humanitaires et aux bonnes volont\u00e9s \u00e0 apporter de l\u2019aide aux refugi\u00e9s et deplac\u00e9s d\u00e9j\u00e0 engoiss\u00e9s et fragilis\u00e9s par une ann\u00e9e des souffrances aigues ;<br>\u25cf\tInterpelle les organisations des droits de l\u2019homme \u00e0 s\u2019activer par tous les moyens et outils appropri\u00e9s pour assurer une impunit\u00e9 aux auteurs,co auteurs et complices des ex\u00e9cutions extrajudiciaires des civils au profit de la justice sociale ;<br>\u25cf\tRappelle les pays voisins au sujet de leur responsabilit\u00e9 morale li\u00e9e au silence assourdissant devant un genocide rampant ;<br>\u25cf\tPorte \u00e0 la connaissance du gouvernement et du peuple musulman Turcs que leurs drones ne tuent deliberemment que des populations civiles et par voix de cons\u00e9quence, de reconsiderer au detriment de la junte Malienne tout contrat d\u2019achat,de pr\u00eat,de formation impliquant les drones de fabrication turque.<\/p>\n\n\n\n<h3 class=\"wp-block-heading\">Quelques images\/preuves des massacres commis par wagner et l\u2019Arm\u00e9e Malienne<\/h3>\n\n\n\n<figure class=\"wp-block-image alignwide size-large\"><img loading=\"lazy\" decoding=\"async\" width=\"750\" height=\"1000\" src=\"http:\/\/kal-akal.com\/wp-content\/uploads\/2024\/08\/img-20240723-wa02155558084743483485479.jpg\" alt=\"\" class=\"wp-image-237\" srcset=\"https:\/\/kal-akal.com\/wp-content\/uploads\/2024\/08\/img-20240723-wa02155558084743483485479.jpg 750w, https:\/\/kal-akal.com\/wp-content\/uploads\/2024\/08\/img-20240723-wa02155558084743483485479-225x300.jpg 225w\" sizes=\"auto, (max-width: 750px) 100vw, 750px\" \/><figcaption class=\"wp-element-caption\">Fosse commune de 4 adolescents ex\u00e9cut\u00e9s par wagner-fama \u00e0 Eleoudj\/Aguelhok le 23 Juillet 2024<\/figcaption><\/figure>\n\n\n\n<figure class=\"wp-block-image size-large\"><img loading=\"lazy\" decoding=\"async\" width=\"708\" height=\"960\" src=\"http:\/\/kal-akal.com\/wp-content\/uploads\/2024\/08\/img-20240801-wa00476141192454244475070.jpg\" alt=\"\" class=\"wp-image-239\" srcset=\"https:\/\/kal-akal.com\/wp-content\/uploads\/2024\/08\/img-20240801-wa00476141192454244475070.jpg 708w, https:\/\/kal-akal.com\/wp-content\/uploads\/2024\/08\/img-20240801-wa00476141192454244475070-221x300.jpg 221w\" sizes=\"auto, (max-width: 708px) 100vw, 708px\" \/><figcaption class=\"wp-element-caption\">des objets des femmes vol\u00e9s et saisis lors des combats de Tinzaouetne le 27 Juillet<\/figcaption><\/figure>\n\n\n\n<figure class=\"wp-block-image size-large\"><img loading=\"lazy\" decoding=\"async\" width=\"758\" height=\"1024\" src=\"http:\/\/kal-akal.com\/wp-content\/uploads\/2024\/08\/img-20240730-wa02052495926464951790343-758x1024.jpg\" alt=\"\" class=\"wp-image-238\" srcset=\"https:\/\/kal-akal.com\/wp-content\/uploads\/2024\/08\/img-20240730-wa02052495926464951790343-758x1024.jpg 758w, https:\/\/kal-akal.com\/wp-content\/uploads\/2024\/08\/img-20240730-wa02052495926464951790343-222x300.jpg 222w, https:\/\/kal-akal.com\/wp-content\/uploads\/2024\/08\/img-20240730-wa02052495926464951790343-768x1038.jpg 768w, https:\/\/kal-akal.com\/wp-content\/uploads\/2024\/08\/img-20240730-wa02052495926464951790343.jpg 799w\" sizes=\"auto, (max-width: 758px) 100vw, 758px\" \/><figcaption class=\"wp-element-caption\">des pi\u00e8ces des victimes formellement identifi\u00e9es de wagner-fama \u00e0 Boghassa le 24 Juillet 2024.<\/figcaption><\/figure>\n\n\n\n<p>NB:\r<br>1.\tLes rapports de l\u2019Association Kal Akal sont des rapports \u00e0 titre indicatif ;\r<br>2.\tL\u2019Association dispose d\u2019une base des donn\u00e9es d\u00e9taill\u00e9es pour les besoins d\u2019enqu\u00eates approfondies ;\r<br>\r<br>Adresses de l\u2019Association:\r<br>1.facebook : https:\/\/cutt.ly\/Fekd7aMb\r<br>2. blog : http:\/\/kal-akal.com\/\r<br>3. Twitter :https:\/\/x.com\/kalakal2012\/\r<br>\r<br> \u0640\u0640\u0640\u0640\u0640\u0640\u0640\u0640\u0640\u0640\u0640\u0640\u0640\u0640\u0640\u0640\u0640\u0640\u0640\u0640\u0640\u0640\u0640\u0640\u0640\u0640\u0640\u0640\u0640\u0640\u0640\u0640\u0640\u0640\u0640\u0640\u0640\u0640\u0640\u0640\u0640\u0640\u0640\u0640\u0640\u0640\u0640\u0640\u0640\u0640\u0640\u0640\u0640\u0640\u0640\u0640\u0640\u0640\u0640\u0640\u0640\u0640\u0640\u0640\u0640\u0640\u0640\u0640\u0640\u0640\u0640\u0640\u0640\u0640\u0640\u0640\u0640\u0640\u0640\u0640\u0640\u0640\u0640\u0640\u0640\u0640\u0640\u0640\u0640\u0640\u0640\u0640\u0640\u0640\u0640\u0640\u0640\u0640\u0640\u0640\u0640\u0640\u0640\u0640\u0640\u0640\u0640\r<br>Wagner : mercenaires Russes ;\r<br>Fama : Forces Arm\u00e9es Maliennes ;\r<br>Aka : Association Kal Akal\r<br>\r<br><\/p>\n","protected":false},"excerpt":{"rendered":"<p>OBSERVATOIRE DE VEILLE CITOYENNE POUR LA DEFENSE DES DROITS HUMAINS DU PEUPLE DE L\u2019AZAWAD, \u00ab ASSOCIATION KAL AKAL \u00bb associationkalakal@gmail.com RAPPORT N\u00b008\/AKA\/2024 P\u00e9riode :\u00a0 Mois de JuilletDate : 1er Aout&hellip;<\/p>\n","protected":false},"author":2,"featured_media":208,"comment_status":"open","ping_status":"open","sticky":false,"template":"","format":"standard","meta":{"_jetpack_memberships_contains_paid_content":false,"footnotes":""},"categories":[3],"tags":[],"class_list":["post-240","post","type-post","status-publish","format-standard","has-post-thumbnail","hentry","category-rapport"],"yoast_head":"<!-- This site is optimized with the Yoast SEO plugin v27.5 - https:\/\/yoast.com\/product\/yoast-seo-wordpress\/ -->\n<title>Rapport de l&#039;association kal Akal du mois du juillet relatif aux violations des droits humains en Azawad - Association Kal Akal<\/title>\n<meta name=\"robots\" content=\"index, follow, max-snippet:-1, max-image-preview:large, max-video-preview:-1\" \/>\n<link rel=\"canonical\" href=\"https:\/\/kal-akal.com\/?p=240\" \/>\n<meta property=\"og:locale\" content=\"fr_FR\" \/>\n<meta property=\"og:type\" content=\"article\" \/>\n<meta property=\"og:title\" content=\"Rapport de l&#039;association kal Akal du mois du juillet relatif aux violations des droits humains en Azawad - Association Kal Akal\" \/>\n<meta property=\"og:description\" content=\"OBSERVATOIRE DE VEILLE CITOYENNE POUR LA DEFENSE DES DROITS HUMAINS DU PEUPLE DE L\u2019AZAWAD, \u00ab ASSOCIATION KAL AKAL \u00bb associationkalakal@gmail.com RAPPORT N\u00b008\/AKA\/2024 P\u00e9riode :\u00a0 Mois de JuilletDate : 1er Aout&hellip;\" \/>\n<meta property=\"og:url\" content=\"https:\/\/kal-akal.com\/?p=240\" \/>\n<meta property=\"og:site_name\" content=\"Association Kal Akal\" \/>\n<meta property=\"article:published_time\" content=\"2024-08-01T13:01:25+00:00\" \/>\n<meta property=\"article:modified_time\" content=\"2024-08-01T13:04:57+00:00\" \/>\n<meta property=\"og:image\" content=\"https:\/\/kal-akal.com\/wp-content\/uploads\/2024\/07\/IMG-20240509-WA014828329.jpg\" \/>\n\t<meta property=\"og:image:width\" content=\"1600\" \/>\n\t<meta property=\"og:image:height\" content=\"1131\" \/>\n\t<meta property=\"og:image:type\" content=\"image\/jpeg\" \/>\n<meta name=\"author\" content=\"\u0623\u063a \u0623\u0643\u0627\u0644\" \/>\n<meta name=\"twitter:card\" content=\"summary_large_image\" \/>\n<meta name=\"twitter:label1\" content=\"\u00c9crit par\" \/>\n\t<meta name=\"twitter:data1\" content=\"\u0623\u063a \u0623\u0643\u0627\u0644\" \/>\n\t<meta name=\"twitter:label2\" content=\"Dur\u00e9e de lecture estim\u00e9e\" \/>\n\t<meta name=\"twitter:data2\" content=\"10 minutes\" \/>\n<script type=\"application\/ld+json\" class=\"yoast-schema-graph\">{\"@context\":\"https:\\\/\\\/schema.org\",\"@graph\":[{\"@type\":\"Article\",\"@id\":\"https:\\\/\\\/kal-akal.com\\\/?p=240#article\",\"isPartOf\":{\"@id\":\"https:\\\/\\\/kal-akal.com\\\/?p=240\"},\"author\":{\"name\":\"\u0623\u063a \u0623\u0643\u0627\u0644\",\"@id\":\"https:\\\/\\\/kal-akal.com\\\/#\\\/schema\\\/person\\\/567ef72ecf558c48a9d23b2688e00dad\"},\"headline\":\"Rapport de l&rsquo;association kal Akal du mois du juillet relatif aux violations des droits humains en Azawad\",\"datePublished\":\"2024-08-01T13:01:25+00:00\",\"dateModified\":\"2024-08-01T13:04:57+00:00\",\"mainEntityOfPage\":{\"@id\":\"https:\\\/\\\/kal-akal.com\\\/?p=240\"},\"wordCount\":1905,\"commentCount\":0,\"publisher\":{\"@id\":\"https:\\\/\\\/kal-akal.com\\\/#organization\"},\"image\":{\"@id\":\"https:\\\/\\\/kal-akal.com\\\/?p=240#primaryimage\"},\"thumbnailUrl\":\"https:\\\/\\\/kal-akal.com\\\/wp-content\\\/uploads\\\/2024\\\/07\\\/IMG-20240509-WA014828329.jpg\",\"articleSection\":[\"rapport\"],\"inLanguage\":\"fr-FR\",\"potentialAction\":[{\"@type\":\"CommentAction\",\"name\":\"Comment\",\"target\":[\"https:\\\/\\\/kal-akal.com\\\/?p=240#respond\"]}]},{\"@type\":\"WebPage\",\"@id\":\"https:\\\/\\\/kal-akal.com\\\/?p=240\",\"url\":\"https:\\\/\\\/kal-akal.com\\\/?p=240\",\"name\":\"Rapport de l'association kal Akal du mois du juillet relatif aux violations des droits humains en Azawad - Association Kal Akal\",\"isPartOf\":{\"@id\":\"https:\\\/\\\/kal-akal.com\\\/#website\"},\"primaryImageOfPage\":{\"@id\":\"https:\\\/\\\/kal-akal.com\\\/?p=240#primaryimage\"},\"image\":{\"@id\":\"https:\\\/\\\/kal-akal.com\\\/?p=240#primaryimage\"},\"thumbnailUrl\":\"https:\\\/\\\/kal-akal.com\\\/wp-content\\\/uploads\\\/2024\\\/07\\\/IMG-20240509-WA014828329.jpg\",\"datePublished\":\"2024-08-01T13:01:25+00:00\",\"dateModified\":\"2024-08-01T13:04:57+00:00\",\"breadcrumb\":{\"@id\":\"https:\\\/\\\/kal-akal.com\\\/?p=240#breadcrumb\"},\"inLanguage\":\"fr-FR\",\"potentialAction\":[{\"@type\":\"ReadAction\",\"target\":[\"https:\\\/\\\/kal-akal.com\\\/?p=240\"]}]},{\"@type\":\"ImageObject\",\"inLanguage\":\"fr-FR\",\"@id\":\"https:\\\/\\\/kal-akal.com\\\/?p=240#primaryimage\",\"url\":\"https:\\\/\\\/kal-akal.com\\\/wp-content\\\/uploads\\\/2024\\\/07\\\/IMG-20240509-WA014828329.jpg\",\"contentUrl\":\"https:\\\/\\\/kal-akal.com\\\/wp-content\\\/uploads\\\/2024\\\/07\\\/IMG-20240509-WA014828329.jpg\",\"width\":1600,\"height\":1131},{\"@type\":\"BreadcrumbList\",\"@id\":\"https:\\\/\\\/kal-akal.com\\\/?p=240#breadcrumb\",\"itemListElement\":[{\"@type\":\"ListItem\",\"position\":1,\"name\":\"Home\",\"item\":\"https:\\\/\\\/kal-akal.com\\\/\"},{\"@type\":\"ListItem\",\"position\":2,\"name\":\"Rapport de l&rsquo;association kal Akal du mois du juillet relatif aux violations des droits humains en Azawad\"}]},{\"@type\":\"WebSite\",\"@id\":\"https:\\\/\\\/kal-akal.com\\\/#website\",\"url\":\"https:\\\/\\\/kal-akal.com\\\/\",\"name\":\"Association Kal Akal\",\"description\":\"l\u2019Association Kal Akal est un Observatoire Citoyen de Veille et de D\u00e9fense des Droits Humains du Peuple de l\u2019Azawad.\",\"publisher\":{\"@id\":\"https:\\\/\\\/kal-akal.com\\\/#organization\"},\"potentialAction\":[{\"@type\":\"SearchAction\",\"target\":{\"@type\":\"EntryPoint\",\"urlTemplate\":\"https:\\\/\\\/kal-akal.com\\\/?s={search_term_string}\"},\"query-input\":{\"@type\":\"PropertyValueSpecification\",\"valueRequired\":true,\"valueName\":\"search_term_string\"}}],\"inLanguage\":\"fr-FR\"},{\"@type\":\"Organization\",\"@id\":\"https:\\\/\\\/kal-akal.com\\\/#organization\",\"name\":\"Association Kal Akal\",\"url\":\"https:\\\/\\\/kal-akal.com\\\/\",\"logo\":{\"@type\":\"ImageObject\",\"inLanguage\":\"fr-FR\",\"@id\":\"https:\\\/\\\/kal-akal.com\\\/#\\\/schema\\\/logo\\\/image\\\/\",\"url\":\"https:\\\/\\\/kal-akal.com\\\/wp-content\\\/uploads\\\/2024\\\/06\\\/cropped-\u062c\u0645\u0639\u064a\u0629-\u0643\u0644-\u0623\u0643\u0627\u0644.png\",\"contentUrl\":\"https:\\\/\\\/kal-akal.com\\\/wp-content\\\/uploads\\\/2024\\\/06\\\/cropped-\u062c\u0645\u0639\u064a\u0629-\u0643\u0644-\u0623\u0643\u0627\u0644.png\",\"width\":200,\"height\":40,\"caption\":\"Association Kal Akal\"},\"image\":{\"@id\":\"https:\\\/\\\/kal-akal.com\\\/#\\\/schema\\\/logo\\\/image\\\/\"}},{\"@type\":\"Person\",\"@id\":\"https:\\\/\\\/kal-akal.com\\\/#\\\/schema\\\/person\\\/567ef72ecf558c48a9d23b2688e00dad\",\"name\":\"\u0623\u063a \u0623\u0643\u0627\u0644\",\"image\":{\"@type\":\"ImageObject\",\"inLanguage\":\"fr-FR\",\"@id\":\"https:\\\/\\\/secure.gravatar.com\\\/avatar\\\/81efc4726e0dba8c776f1113155f322ceb71a9ce3af03cdbfa30de879a628ffe?s=96&d=mm&r=g\",\"url\":\"https:\\\/\\\/secure.gravatar.com\\\/avatar\\\/81efc4726e0dba8c776f1113155f322ceb71a9ce3af03cdbfa30de879a628ffe?s=96&d=mm&r=g\",\"contentUrl\":\"https:\\\/\\\/secure.gravatar.com\\\/avatar\\\/81efc4726e0dba8c776f1113155f322ceb71a9ce3af03cdbfa30de879a628ffe?s=96&d=mm&r=g\",\"caption\":\"\u0623\u063a \u0623\u0643\u0627\u0644\"},\"url\":\"https:\\\/\\\/kal-akal.com\\\/?author=2\"}]}<\/script>\n<!-- \/ Yoast SEO plugin. -->","yoast_head_json":{"title":"Rapport de l'association kal Akal du mois du juillet relatif aux violations des droits humains en Azawad - Association Kal Akal","robots":{"index":"index","follow":"follow","max-snippet":"max-snippet:-1","max-image-preview":"max-image-preview:large","max-video-preview":"max-video-preview:-1"},"canonical":"https:\/\/kal-akal.com\/?p=240","og_locale":"fr_FR","og_type":"article","og_title":"Rapport de l'association kal Akal du mois du juillet relatif aux violations des droits humains en Azawad - Association Kal Akal","og_description":"OBSERVATOIRE DE VEILLE CITOYENNE POUR LA DEFENSE DES DROITS HUMAINS DU PEUPLE DE L\u2019AZAWAD, \u00ab ASSOCIATION KAL AKAL \u00bb associationkalakal@gmail.com RAPPORT N\u00b008\/AKA\/2024 P\u00e9riode :\u00a0 Mois de JuilletDate : 1er Aout&hellip;","og_url":"https:\/\/kal-akal.com\/?p=240","og_site_name":"Association Kal Akal","article_published_time":"2024-08-01T13:01:25+00:00","article_modified_time":"2024-08-01T13:04:57+00:00","og_image":[{"width":1600,"height":1131,"url":"https:\/\/kal-akal.com\/wp-content\/uploads\/2024\/07\/IMG-20240509-WA014828329.jpg","type":"image\/jpeg"}],"author":"\u0623\u063a \u0623\u0643\u0627\u0644","twitter_card":"summary_large_image","twitter_misc":{"\u00c9crit par":"\u0623\u063a \u0623\u0643\u0627\u0644","Dur\u00e9e de lecture estim\u00e9e":"10 minutes"},"schema":{"@context":"https:\/\/schema.org","@graph":[{"@type":"Article","@id":"https:\/\/kal-akal.com\/?p=240#article","isPartOf":{"@id":"https:\/\/kal-akal.com\/?p=240"},"author":{"name":"\u0623\u063a \u0623\u0643\u0627\u0644","@id":"https:\/\/kal-akal.com\/#\/schema\/person\/567ef72ecf558c48a9d23b2688e00dad"},"headline":"Rapport de l&rsquo;association kal Akal du mois du juillet relatif aux violations des droits humains en Azawad","datePublished":"2024-08-01T13:01:25+00:00","dateModified":"2024-08-01T13:04:57+00:00","mainEntityOfPage":{"@id":"https:\/\/kal-akal.com\/?p=240"},"wordCount":1905,"commentCount":0,"publisher":{"@id":"https:\/\/kal-akal.com\/#organization"},"image":{"@id":"https:\/\/kal-akal.com\/?p=240#primaryimage"},"thumbnailUrl":"https:\/\/kal-akal.com\/wp-content\/uploads\/2024\/07\/IMG-20240509-WA014828329.jpg","articleSection":["rapport"],"inLanguage":"fr-FR","potentialAction":[{"@type":"CommentAction","name":"Comment","target":["https:\/\/kal-akal.com\/?p=240#respond"]}]},{"@type":"WebPage","@id":"https:\/\/kal-akal.com\/?p=240","url":"https:\/\/kal-akal.com\/?p=240","name":"Rapport de l'association kal Akal du mois du juillet relatif aux violations des droits humains en Azawad - Association Kal Akal","isPartOf":{"@id":"https:\/\/kal-akal.com\/#website"},"primaryImageOfPage":{"@id":"https:\/\/kal-akal.com\/?p=240#primaryimage"},"image":{"@id":"https:\/\/kal-akal.com\/?p=240#primaryimage"},"thumbnailUrl":"https:\/\/kal-akal.com\/wp-content\/uploads\/2024\/07\/IMG-20240509-WA014828329.jpg","datePublished":"2024-08-01T13:01:25+00:00","dateModified":"2024-08-01T13:04:57+00:00","breadcrumb":{"@id":"https:\/\/kal-akal.com\/?p=240#breadcrumb"},"inLanguage":"fr-FR","potentialAction":[{"@type":"ReadAction","target":["https:\/\/kal-akal.com\/?p=240"]}]},{"@type":"ImageObject","inLanguage":"fr-FR","@id":"https:\/\/kal-akal.com\/?p=240#primaryimage","url":"https:\/\/kal-akal.com\/wp-content\/uploads\/2024\/07\/IMG-20240509-WA014828329.jpg","contentUrl":"https:\/\/kal-akal.com\/wp-content\/uploads\/2024\/07\/IMG-20240509-WA014828329.jpg","width":1600,"height":1131},{"@type":"BreadcrumbList","@id":"https:\/\/kal-akal.com\/?p=240#breadcrumb","itemListElement":[{"@type":"ListItem","position":1,"name":"Home","item":"https:\/\/kal-akal.com\/"},{"@type":"ListItem","position":2,"name":"Rapport de l&rsquo;association kal Akal du mois du juillet relatif aux violations des droits humains en Azawad"}]},{"@type":"WebSite","@id":"https:\/\/kal-akal.com\/#website","url":"https:\/\/kal-akal.com\/","name":"Association Kal Akal","description":"l\u2019Association Kal Akal est un Observatoire Citoyen de Veille et de D\u00e9fense des Droits Humains du Peuple de l\u2019Azawad.","publisher":{"@id":"https:\/\/kal-akal.com\/#organization"},"potentialAction":[{"@type":"SearchAction","target":{"@type":"EntryPoint","urlTemplate":"https:\/\/kal-akal.com\/?s={search_term_string}"},"query-input":{"@type":"PropertyValueSpecification","valueRequired":true,"valueName":"search_term_string"}}],"inLanguage":"fr-FR"},{"@type":"Organization","@id":"https:\/\/kal-akal.com\/#organization","name":"Association Kal Akal","url":"https:\/\/kal-akal.com\/","logo":{"@type":"ImageObject","inLanguage":"fr-FR","@id":"https:\/\/kal-akal.com\/#\/schema\/logo\/image\/","url":"https:\/\/kal-akal.com\/wp-content\/uploads\/2024\/06\/cropped-\u062c\u0645\u0639\u064a\u0629-\u0643\u0644-\u0623\u0643\u0627\u0644.png","contentUrl":"https:\/\/kal-akal.com\/wp-content\/uploads\/2024\/06\/cropped-\u062c\u0645\u0639\u064a\u0629-\u0643\u0644-\u0623\u0643\u0627\u0644.png","width":200,"height":40,"caption":"Association Kal Akal"},"image":{"@id":"https:\/\/kal-akal.com\/#\/schema\/logo\/image\/"}},{"@type":"Person","@id":"https:\/\/kal-akal.com\/#\/schema\/person\/567ef72ecf558c48a9d23b2688e00dad","name":"\u0623\u063a \u0623\u0643\u0627\u0644","image":{"@type":"ImageObject","inLanguage":"fr-FR","@id":"https:\/\/secure.gravatar.com\/avatar\/81efc4726e0dba8c776f1113155f322ceb71a9ce3af03cdbfa30de879a628ffe?s=96&d=mm&r=g","url":"https:\/\/secure.gravatar.com\/avatar\/81efc4726e0dba8c776f1113155f322ceb71a9ce3af03cdbfa30de879a628ffe?s=96&d=mm&r=g","contentUrl":"https:\/\/secure.gravatar.com\/avatar\/81efc4726e0dba8c776f1113155f322ceb71a9ce3af03cdbfa30de879a628ffe?s=96&d=mm&r=g","caption":"\u0623\u063a \u0623\u0643\u0627\u0644"},"url":"https:\/\/kal-akal.com\/?author=2"}]}},"jetpack_featured_media_url":"https:\/\/kal-akal.com\/wp-content\/uploads\/2024\/07\/IMG-20240509-WA014828329.jpg","jetpack_sharing_enabled":true,"_links":{"self":[{"href":"https:\/\/kal-akal.com\/index.php?rest_route=\/wp\/v2\/posts\/240","targetHints":{"allow":["GET"]}}],"collection":[{"href":"https:\/\/kal-akal.com\/index.php?rest_route=\/wp\/v2\/posts"}],"about":[{"href":"https:\/\/kal-akal.com\/index.php?rest_route=\/wp\/v2\/types\/post"}],"author":[{"embeddable":true,"href":"https:\/\/kal-akal.com\/index.php?rest_route=\/wp\/v2\/users\/2"}],"replies":[{"embeddable":true,"href":"https:\/\/kal-akal.com\/index.php?rest_route=%2Fwp%2Fv2%2Fcomments&post=240"}],"version-history":[{"count":2,"href":"https:\/\/kal-akal.com\/index.php?rest_route=\/wp\/v2\/posts\/240\/revisions"}],"predecessor-version":[{"id":244,"href":"https:\/\/kal-akal.com\/index.php?rest_route=\/wp\/v2\/posts\/240\/revisions\/244"}],"wp:featuredmedia":[{"embeddable":true,"href":"https:\/\/kal-akal.com\/index.php?rest_route=\/wp\/v2\/media\/208"}],"wp:attachment":[{"href":"https:\/\/kal-akal.com\/index.php?rest_route=%2Fwp%2Fv2%2Fmedia&parent=240"}],"wp:term":[{"taxonomy":"category","embeddable":true,"href":"https:\/\/kal-akal.com\/index.php?rest_route=%2Fwp%2Fv2%2Fcategories&post=240"},{"taxonomy":"post_tag","embeddable":true,"href":"https:\/\/kal-akal.com\/index.php?rest_route=%2Fwp%2Fv2%2Ftags&post=240"}],"curies":[{"name":"wp","href":"https:\/\/api.w.org\/{rel}","templated":true}]}}