{"id":38,"date":"2024-05-08T00:32:00","date_gmt":"2024-05-08T00:32:00","guid":{"rendered":""},"modified":"2024-06-14T21:16:16","modified_gmt":"2024-06-14T21:16:16","slug":"rapport-de-mois-de-fevrier-2024-sur-les-violations-de-droits-de-lhomme-commises-par-le-mali-et-wagner","status":"publish","type":"post","link":"https:\/\/kal-akal.com\/?p=38","title":{"rendered":"Rapport de mois de f\u00e9vrier 2024 sur les violations de droits de l\u2019homme commises par le Mali et Wagner"},"content":{"rendered":"<\/p>\n<div style=\"text-align: left;\">&nbsp;<\/div>\n<div style=\"clear: both; text-align: left;\"><a href=\"https:\/\/blogger.googleusercontent.com\/img\/b\/R29vZ2xl\/AVvXsEis_nuUqpfkBoZPIwrpnKzPr6R0s5QL1Xgw8XHFBZn1MtKVTEpH8c8fJSGYUhhEa-8UcBXOuNHZ6l4qLihuCdtAqRySO5Nol9gqmPpc-WiABB8UjUglftNW8BdZKslQY_iG1Z4HGc1hgwCZlK7P-MZLnJ1fk1KBIt_UAtTMa3L4uCUmI2fhw-UHp0znw9xl\/s1080\/Screenshot_%D9%A2%D9%A0%D9%A2%D9%A4%D9%A0%D9%A5%D9%A0%D9%A7_%D9%A2%D9%A2%D9%A3%D9%A5%D9%A3%D9%A1_WhatsApp.jpg\" style=\"margin-left: 1em; margin-right: 1em;\"><img loading=\"lazy\" decoding=\"async\" border=\"0\" data-original-height=\"1072\" data-original-width=\"1080\" height=\"318\" src=\"https:\/\/blogger.googleusercontent.com\/img\/b\/R29vZ2xl\/AVvXsEis_nuUqpfkBoZPIwrpnKzPr6R0s5QL1Xgw8XHFBZn1MtKVTEpH8c8fJSGYUhhEa-8UcBXOuNHZ6l4qLihuCdtAqRySO5Nol9gqmPpc-WiABB8UjUglftNW8BdZKslQY_iG1Z4HGc1hgwCZlK7P-MZLnJ1fk1KBIt_UAtTMa3L4uCUmI2fhw-UHp0znw9xl\/s320\/Screenshot_%D9%A2%D9%A0%D9%A2%D9%A4%D9%A0%D9%A5%D9%A0%D9%A7_%D9%A2%D9%A2%D9%A3%D9%A5%D9%A3%D9%A1_WhatsApp.jpg\" width=\"320\" \/><\/a><\/div>\n<div style=\"text-align: left;\"><\/div>\n<\/p>\n<p style=\"text-align: left;\"><\/p>\n<p style=\"text-align: left;\">RAPPORT N\u00b003\/AKA\/2024 P\u00e9riode : Mois de F\u00e9vrier.<\/p>\n<p style=\"text-align: left;\">Le mois de F\u00e9vrier reste marqu\u00e9 par une intensit\u00e9 des violations graves des droits de l\u2019homme en territoire de l\u2019Azawad et dans le centre du Mali. Elles n\u2019ont \u00e9pargn\u00e9 ni femmes, ni enfants, ni b\u00e9tails, ni m\u00eames les infrastructures sociales de base\u2026 la machine r\u00e9pressive et aveugle a cibl\u00e9 indistinctement tout ce qui bouge dans ses zones d\u2019incursion. Ainsi, nuit et jour, des patrouilles des mercenaires Russes du groupe Wagner et de l\u2019Arm\u00e9e Malienne sillonnent sans r\u00e9pit le territoire de l\u2019Azawad, les villages et les hameaux nomades constituent la cible privil\u00e9gi\u00e9e de leur chasse.\n<\/p>\n<p style=\"text-align: left;\">Des ex\u00e9cutions sommaires collectives et individuelles, des viols, des vols de b\u00e9tails, des incendies, des pillages, des disparitions forc\u00e9es, des destructions des points d\u2019eau\u2026 sont quotidiennement rapport\u00e9s \u00e0 l\u2019Association Kal Akal par ses sources locales partout o\u00f9 les patrouilles s\u00e9journent.\n<\/p>\n<p style=\"text-align: left;\">Les populations Touareg, Maures-Arabes et Peulhs, en majorit\u00e9 ont fui en direction de la Mauritanie avec un statut de r\u00e9fugi\u00e9s et de l\u2019Alg\u00e9rie sans statut de r\u00e9fugi\u00e9s. Le reste qui, par manque des moyens n\u2019a pas pu bouger, vit dans la peur et l\u2019angoisse et attend son \u00ab verdict \u00bb au prochain passage de Wagner-FAMa.\n<\/p>\n<p style=\"text-align: left;\">Rares sont encore les \u00e9coles ouvertes. Les centres de sant\u00e9 et les points d\u2019eau en milieu nomades sont d\u00e9truits.\n<\/p>\n<p style=\"text-align: left;\">Les habitations abandonn\u00e9es par leurs propri\u00e9taires sont soit d\u00e9truites, soit pi\u00e9g\u00e9es \u00e0 la mine dans le but d\u2019exercer la terreur et de pousser les populations \u00e0 abandonner leurs terres.\n<\/p>\n<p style=\"text-align: left;\">Les foires hebdomadaires pour l\u2019approvisionnement en denr\u00e9es et les zones de p\u00e2turages constituent un point de guet-apens pour tuer ou arr\u00eater les civils. Aucune organisation ni de droits de l\u2019homme, ni humanitaire n\u2019ose s\u2019aventurer pour savoir ce qui se passe exactement o\u00f9 tenter d\u2019apporter de l\u2019aide. L\u2019asphyxie est totale et tr\u00e8s accentu\u00e9e pour tuer physiquement les populations par les armes ou les tuer en les affamant dans l\u2019objectif d\u2019effacer leur pr\u00e9sence sur leur territoire, \u00e0 d\u00e9faut la r\u00e9duire significativement. Ainsi, l\u2019on peut peindre la situation de violations de droits de l\u2019homme en Azawad.\n<\/p>\n<p style=\"text-align: left;\">Durant le mois de f\u00e9vrier 2024, l\u2019Association Kal Akal a pu recenser les violations commises par Wagner et FAMa par cat\u00e9gorie. Elles concernent principalement le territoire et les populations de l\u2019Azawad, mais couvrent en partie, selon les informations mises \u00e0 notre disposition le centre du pays avec comme cible, la communaut\u00e9 Peuh.\n<\/p>\n<p style=\"text-align: left;\">Au titre de :\n<\/p>\n<p style=\"text-align: left;\">Ex\u00e9cutions et massacres : 117 civils dont 2 jeunes Talib\u00e9s tu\u00e9s devant le centre Al Irchad de Kidal,14 civils suite \u00e0 une frappe de Wagner- FAMa contre un village peulh du nom de konokassi dans le cercle de Niono lors d\u2019un mariage, plusieurs tu\u00e9s. Le jour suivant alors que les villageois enterrent leurs morts d\u2019autres frappent les ont cibl\u00e9s faisant encore des morts et des bless\u00e9s, ainsi qu\u2019un jeune tu\u00e9 suite \u00e0 une injection d\u2019une substance mortelle dans la zone de Tanaynayte \u00e0 Kidal.\n<\/p>\n<p style=\"text-align: left;\">Arrestations et disparitions forc\u00e9es : 72 cas av\u00e9r\u00e9s et confirm\u00e9s par les sources locales, notamment les parents des victimes ont \u00e9t\u00e9 enregistr\u00e9s don\u2019t le cas d\u2019Ahmad Ag Baye, infirmier en partance pour Tinzawatene don\u2019t les traces sont disparues depuis son arrestation. Plusieurs dizaines d\u2019autres cas d\u2019arrestations et des disparitions nous ont \u00e9t\u00e9 signal\u00e9s sans que l\u2019on puisse \u00eatre \u00e0 mesure de v\u00e9rifier les all\u00e9gations.\n<\/p>\n<p style=\"text-align: left;\">Vols : 5 cas de vol sont not\u00e9s portant sur le vol de carburant dans les r\u00e9gions de M\u00e9naka et de Kidal qu\u2019ils volent lors de leurs sorties pour le revendre sur le march\u00e9, des animaux \u00e0 Gao et de l\u2019argent \u00e0 Tin-ghardian. Des cas de vol se rapportant \u00e0 des bijoux des femmes et \u00e0 des pneus des v\u00e9hicules gar\u00e9s, des t\u00e9l\u00e9phones portables et un tricycle ont aussi \u00e9t\u00e9 enregistr\u00e9s dans la r\u00e9gion de Gao.\n<\/p>\n<p style=\"text-align: left;\">Viols : 3 cas de viol impliquant beaucoup des femmes ont \u00e9t\u00e9 rapport\u00e9s \u00e0 Kal Akal don\u2019t un \u00e0 diank\u00e9 dans le cercle de Niafunk\u00e9, un autre dans la zone de Gourma Rharous, o\u00f9 plusieurs femmes et filles seraient viol\u00e9es par le groupe Wagner et FAMa sous la conduite d\u2019un chef de Wagner qui serait nomm\u00e9 MIRONE, et enfin une fille serait viol\u00e9e dans la commune de Gab\u00e9ro, village de Traor\u00e9 par des hommes arm\u00e9s non identifi\u00e9s.\n<\/p>\n<p style=\"text-align: left;\">Incendies et Pillages : sur ce registre, unanimement au moins 9 cas sont signal\u00e9s, ils concernent entre autres l\u2019incendie de la mosqu\u00e9e de tahabanat, le pillage de la clinique m\u00e9dicale de tanaynayte, des boutiques \u00e0 Echel horo, Ingodiri, Tangara, Indelimane, Ibdakan, Djounhan, Dari, Tindirma\u2026\n<\/p>\n<p style=\"text-align: left;\">Outre, les incendies, les pillages et les vols, d\u2019\u00e9norme d\u00e9g\u00e2ts mat\u00e9riels sont caus\u00e9s par Wagner et FAMa. Ainsi, dans la nuit du 13 F\u00e9vrier des frappes de drone ont cibl\u00e9 \u00e0 Talhandak une cour de stockage d\u2019essence appartenant \u00e0 M. ASSABIT AG BAKRENE, un commer\u00e7ant, tout est parti en fum\u00e9e, en plus du bilan humain effroyable, le d\u00e9g\u00e2t mat\u00e9riel se chiffrerait \u00e0 plusieurs centaines de millions de FCFA.\n<\/p>\n<p style=\"text-align: left;\">Bless\u00e9s : au cours de leurs missions, Wagner et FAMa ont eu \u00e0 tirer aveuglement sur des campements habit\u00e9s, sur des forains ou sur des bergers derri\u00e8re leurs animaux. De ces actes criminels, il en a r\u00e9sult\u00e9 plusieurs bless\u00e9s don\u2019t certains handicap\u00e9s \u00e0 vie. Ils ont \u00e9galement tu\u00e9 beaucoup de b\u00e9tails en ouvrant sans discernement le feu sur des troupeaux d\u2019animaux, des fois Ils les tuent pour les emporter. Le dernier cas en date est celui d\u2019Aman Idarnen, Niafunk\u00e9 le 24 F\u00e9vrier o\u00f9 ils ont tu\u00e9 l\u2019\u00e9quivalent du contenu d\u2019un camion en bovins qu\u2019Ils ont emport\u00e9s.\n<\/p>\n<p style=\"text-align: left;\">RAPPORT N\u00b004\/AKA\/2024 P\u00e9riode : Mois de Mars.\n<\/p>\n<p style=\"text-align: left;\">A l\u2019Instar des mois pr\u00e9c\u00e9dents, le mois de mars se caract\u00e9rise par des violations des droits de l\u2019homme assez graves et inhumaines contre les populations civiles, leurs biens et leurs infrastructures sociales de base.\n<\/p>\n<p style=\"text-align: left;\">Les mercenaires Russes du Groupe Wagner employ\u00e9s par la junte Malienne au pouvoir accompagn\u00e9s de leurs \u00ab suppl\u00e9tifs \u00bb de l\u2019Arm\u00e9e Malienne sont les principaux auteurs de ces violations. Outre, ceux-ci, les groupes terroristes, participent en mati\u00e8re de violations des droits de l\u2019homme \u00e0 travers des assassinats cibl\u00e9s, des enl\u00e8vements et de vol de b\u00e9tail.\n<\/p>\n<p style=\"text-align: left;\">Les cibles des violations sont constitu\u00e9es principalement des Kal Tamachaght (Touareg),des Maures-Arabes, des Peulhs. Les infrastructures et les biens ne sont pas rest\u00e9s en marge.\n<\/p>\n<p style=\"text-align: left;\">Les violations vont des ex\u00e9cutions sommaires individuelles et\/ou collectives au vol des b\u00e9tails et autres biens en passant par la d\u00e9capitation et l\u2019exposition en public des t\u00eates tranch\u00e9es sur le corps pour faire r\u00e9gner un r\u00e9gime d\u2019horreur et de terreur pouvant affecter \u00e0 jamais les esprits.\n<\/p>\n<p style=\"text-align: left;\">Ces violations sont commises dans l\u2019ordre \u00e0 l\u2019aide de :\n<\/p>\n<p style=\"text-align: left;\">Les drones Bayraktar de fabrication Turque, constituent le plus grand lot en mati\u00e8re de massacre des civils et des infrastructures \u00e0 travers des frappes aveugles et criminelles ;\n<\/p>\n<p style=\"text-align: left;\">Les arrestations suivies d\u2019ex\u00e9cutions et souvent des d\u00e9capitations ;\n<\/p>\n<p style=\"text-align: left;\">Les bombardements contre des villages, des attroupements humains autour des points d\u2019eau ou des centres de sant\u00e9, des voyageurs, des forains, des bergers \u2026 ;\n<\/p>\n<p style=\"text-align: left;\">Des disparitions forc\u00e9es ;\n<\/p>\n<p style=\"text-align: left;\">Des vols ;\n<\/p>\n<p style=\"text-align: left;\">Des tentatives d\u2019atteinte \u00e0 la culture et \u00e0 l\u2019identit\u00e9 kal Tamachaght (Touareg), se manifestant par une campagne de suppression de Tifinagh (\u00e9criture autochtone des Touareg) et des dessins rupestres sur les rochers de l\u2019Adagh de Kidal ;\n<\/p>\n<p style=\"text-align: left;\">Les enl\u00e8vements ;\n<\/p>\n<p style=\"text-align: left;\">Les tortures ;\n<\/p>\n<p style=\"text-align: left;\">La politique Etatique de d\u00e9peuplement cibl\u00e9 et repeuplement planifi\u00e9 ;\n<\/p>\n<p style=\"text-align: left;\">Ainsi, durant le mois de Mars, le tableau de r\u00e9partition des violations des droits de l\u2019homme se pr\u00e9sente comme suit :\n<\/p>\n<p style=\"text-align: left;\">Massacres\/ex\u00e9cutions : au cours du mois de mars, l\u2019Association Kal Akal a pu comptabiliser au moins 65 civils tu\u00e9s don\u2019t la plupart suite aux frappes des drones Turques. Parmi ces victimes innocentes on note les cas les plus graves ci-apr\u00e8s : le 16\/3\/2024 : une frappe de drone sur le village d\u2019Amasrakad, Gao s\u2019est sold\u00e9e par au moins la mort de 13 civils don\u2019t 9 femmes parmi lesquelles une vieille de plus de 70 ans, la directrice du centre de sant\u00e9, des enfants et des adultes, 11 bless\u00e9s don\u2019t des cas graves et un v\u00e9hicule appartenant au CSCOM brul\u00e9. Dans la nuit du 22 au 23\/3\/2024 : une frappe de drone a cibl\u00e9 un regroupement des enfants talib\u00e9s (\u00e9l\u00e8ves coraniques) don\u2019t l\u2019\u00e2ge est compris entre 9 et 14 ans autour d\u2019un feu \u00e0 Douna Pen, r\u00e9gion de Koro , au moins 14 tu\u00e9s et plusieurs bless\u00e9s. Le 25\/3\/2024 : des sources proches de la victime ont confirm\u00e9 \u00e0 l\u2019Association Kal Akal la mort par torture au camp militaire de Tombouctou d\u2019un jeune adolescent du nom de Sidi Arby, pr\u00e9c\u00e9demment arr\u00eat\u00e9 avec son fr\u00e8re don\u2019t on ignore encore le sort.\n<\/p>\n<p style=\"text-align: left;\">Arrestations\/enl\u00e8vements : 66 cas ont \u00e9t\u00e9 signal\u00e9s don\u2019t celui du maire de Tidermene, YOUSSOUF AG DANDANE enlev\u00e9 chez lui \u00e0 M\u00e9naka par wagner-Fama dans la nuit du 20 au 21\/3\/2024. Il ya eu \u00e9galement le cas de 3 civils \u00e0 Kidal don\u2019t un handicap\u00e9 physique du nom de Bikka Ag Assiltane par wagner-fama le 26\/3\/2024.\n<\/p>\n<p style=\"text-align: left;\">Bless\u00e9s : 18 bless\u00e9s ont pu \u00eatre formellement point\u00e9s pour le mois de mars. Cependant, il y en a eu beaucoup qui ont \u00e9t\u00e9 signal\u00e9s \u00e0 Kal Akal sans que l\u2019on puisse \u00eatre \u00e0 mesure de verifier.\n<\/p>\n<p style=\"text-align: left;\">Pillages\/destructions \/Incendie : on enregistre principalement les cas suivants :\n<\/p>\n<p style=\"text-align: left;\">1. Le 10\/3\/2024 : plusieurs campements nomades ont \u00e9t\u00e9 incendi\u00e9s \u00e0 Egharghar,Kidal ;\n<\/p>\n<p style=\"text-align: left;\">2. Le 15\/3\/2024 : une bavure impliquant des transporteurs d\u2019essence s\u2019est sold\u00e9e outre la mort de 5 personnes, par l\u2019incendie\/dommages de 6 v\u00e9hicules avec toute leur cargaison, soit plusieurs centaines de millions de Fcfa en fum\u00e9e dans le secteur de Tabankorte ;\n<\/p>\n<p style=\"text-align: left;\">3. Le 16\/3\/2024 : campagne des destructions et des pillages des maisons \u00e0 l\u2019aide d\u2019engins lourds \u00e0 Tessalit et vol des plusieurs v\u00e9hicules et motos ;\n<\/p>\n<p style=\"text-align: left;\">4. Le 18-19\/3\/2024 : frappes de drone \u00e0 Zouera, Goundam avec 1 mort,3 bless\u00e9s et plusieurs commerces essouffl\u00e9s. Les d\u00e9g\u00e2ts sont estim\u00e9s \u00e0 plusieurs centaines des millions de francs cfa ;\n<\/p>\n<p style=\"text-align: left;\">5. Le 21\/3\/2024 : Gabero \u00e0 52km de Gao, les terroristes de l\u2019EIGS ont proc\u00e9d\u00e9 \u00e0 des pillages des boutiques, des maisons et de vol de beaucoup d\u2019animaux avant d\u2019ex\u00e9cuter un vieillard du nom d\u2019IDRISSA ALMADJISSA.\n<\/p>\n<p style=\"text-align: left;\">6. Le 29\/3\/2024 : frappe de drone contre un d\u00e9p\u00f4t de carburant appartenant \u00e0 des commer\u00e7ants \u00e0 combo, cercle de Rharous, 1 mort,2 bless\u00e9s et des dommages mat\u00e9riels importants ;\n<\/p>\n<p style=\"text-align: left;\">Vol : dans cette rubrique, l\u2019Association Kal Akal a pu documenter les cas les plus flagrants et irr\u00e9futables racont\u00e9s par les victimes elles-m\u00eames et les t\u00e9moins de la sc\u00e8ne sur place.\n<\/p>\n<p style=\"text-align: left;\">Ainsi, le 15\/3\/2024 : une patrouille de wagner-fama a sillonn\u00e9 certaines localit\u00e9s relevant du cercle de Tidermene dans la r\u00e9gion de Menaka, elle a vol\u00e9\/confisqu\u00e9 de l\u2019argent avec 6 personnes pour une somme totale d\u2019un million quatre cent trente-cinq milles (1.435.000F) se r\u00e9partissant ainsi qu\u2019il suit :\n<\/p>\n<p style=\"text-align: left;\">Vol de 400000F appartenant \u00e0 un boucher ;\n<\/p>\n<p style=\"text-align: left;\">Vol de 100000F appartenant \u00e0 un berger ;\n<\/p>\n<p style=\"text-align: left;\">Vol de 285000 d\u2019un maraicher ;\n<\/p>\n<p style=\"text-align: left;\">Vol de 400000 d\u2019un commer\u00e7ant ;\n<\/p>\n<p style=\"text-align: left;\">Vol de 150000 d\u2019un maraicher ;\n<\/p>\n<p style=\"text-align: left;\">Vol de 100000 d\u2019un maraicher\n<\/p>\n<p style=\"text-align: left;\">16\/3\/2024 : en marge de leur campagne des destructions et des pillages des maisons \u00e0 l\u2019aide d\u2019engins lourds \u00e0 Tessalit, Wagner et ses suppl\u00e9tifs Famas ont proc\u00e9d\u00e9 au vol des plusieurs v\u00e9hicules et motos ;\n<\/p>\n<p style=\"text-align: left;\">RAPPORT N\u00b005\/AKA\/2024 P\u00e9riode : Mois d\u2019Avril\n<\/p>\n<p style=\"text-align: left;\">Les auteurs des violations des droits de l\u2019homme sont, dans l\u2019ordre de l\u2019ampleur et de la gravit\u00e9 des actes pos\u00e9s wagner-fama, puis l\u2019EIGS et le JNIM.\n<\/p>\n<p style=\"text-align: left;\">Elles sont commises au moyen de :\n<\/p>\n<p style=\"text-align: left;\">\u27a2 Drones Bayraktar de fabrication Turque ;\n<\/p>\n<p style=\"text-align: left;\">\u27a2 Avions de chasse ;\n<\/p>\n<p style=\"text-align: left;\">\u27a2 H\u00e9licopt\u00e8res ;\n<\/p>\n<p style=\"text-align: left;\">\u27a2 Artillerie \u00e0 travers des bombardements aveugles ;\n<\/p>\n<p style=\"text-align: left;\">\u27a2 Ex\u00e9cutions sommaires \u00e0 l\u2019aide des armes l\u00e9g\u00e8res ;\n<\/p>\n<p style=\"text-align: left;\">\u27a2 D\u00e9capitations avec des armes blanches ;\n<\/p>\n<p style=\"text-align: left;\">Dans le courant du mois d\u2019Avril, Kal Akal a pu recueillir, au titre de :\n<\/p>\n<p style=\"text-align: left;\">1.\tMassacres\/ex\u00e9cutions : 114 cas portant exclusivement sur des civils d\u00e9sarm\u00e9s en Azawad et dans le centre du Mali. Les cas les plus embl\u00e9matiques furent l\u2019ex\u00e9cution sommaire de 9 civils \u00e0 Adanan Nakafar, Anafif le13.04.2024 par wagner-fama et de 42 civils suite \u00e0 une vaste campagne meurtri\u00e8re men\u00e9e entre le 20 et 25 Avril dans des villages relevant des cercles de Niafunk\u00e9 et de Youwarou sur la rive droite du fleuve Niger.\n<\/p>\n<p style=\"text-align: left;\">Il ya eu \u00e9galement le cas de Mohamed Ag Said, gardien de l\u2019Assembl\u00e9e r\u00e9gionale de Kidal et de Mohamed Ag Abah, enseignant \u00e0 la Medersa du quartier de l\u2019aviation don\u2019t les corps sans vie ont \u00e9t\u00e9 retrouv\u00e9s pr\u00e8s d\u2019Intidban. On note dans ce registre macabre une frappe de drone \u00e0 Hassi loumazil, secteur de Zarho,120 km au Nord de ber, tuant une femme et ses deux enfants don\u2019t un nourrisson le 07\/04\/2024.\n<\/p>\n<p style=\"text-align: left;\">2.\tArrestations\/disparitions : 37 cas ont \u00e9t\u00e9 signal\u00e9s par nos relais locaux, don\u2019t le cas de 3 vieillards d\u2019environs 80 ans arr\u00eat\u00e9s \u00e0 Egar-gar, Tessalit lors d\u2019une sortie de wagner-fama dans la zone. L\u2019Association a pu se procurer de leur vid\u00e9o d\u2019arrestation. Deux civils, g\u00e9rants d\u2019une pharmacie \u00e0 kidal aussi ont \u00e9t\u00e9 signal\u00e9s. Le 09.04.2024 :la disparition de Hamzata Ag Mahmoud a \u00e9t\u00e9 signal\u00e9e alors qu\u2019il revenait de l\u2019Alg\u00e9rie.\n<\/p>\n<p style=\"text-align: left;\">3.\tTortures et blessures : plusieurs cas de blessures nous ont \u00e9t\u00e9 rapport\u00e9s sans \u00eatre \u00e0 mesure de les rapporter de fa\u00e7on quantifi\u00e9e. Les cas de tortures concernent principalement Saboghak\/Tessalit, Toulabela, dans le mema, Gabero, hombori, Garib\u2026et impliquent wagner-fama et EIGS.\n<\/p>\n<p style=\"text-align: left;\">4.\tVol : quatre (4) v\u00e9hicules ont \u00e9t\u00e9 vol\u00e9s dans la zone d\u2019Achibago, du b\u00e9tail non quantifi\u00e9 et de motocyclistes ont \u00e9t\u00e9 vol\u00e9s \u00e0 bara\/Ansongo et des t\u00e9l\u00e9phones et argent vol\u00e9s \u00e0 Tedjerert\/Alata suite \u00e0 une incursion de l\u2019EIGS. Il ya eu aussi plus de cinq cent (500) t\u00eates de bovins vol\u00e9s \u00e0 Diankabou\/Koro par des hommes de Wagner-Fama.\n<\/p>\n<p style=\"text-align: left;\">5.\tDestructions\/Pillages et autres dommages mat\u00e9riels : nous avons pu suivre les cas suivants :\n<\/p>\n<p style=\"text-align: left;\">\u27a2 Destruction \u00e0 l\u2019aide des bulldozers des habitations et des infrastructures \u00e0 Saboghak, Tessalit, la destruction d\u2019un ch\u00e2teau, des habitations et la mort des camelins, des \u00e2nes, des ovins \u00e0 Toulabella dans le mema.\n<\/p>\n<p style=\"text-align: left;\">\u27a2 Kal Akal a not\u00e9 \u00e9galement la mort d\u2019un fennec suite \u00e0 une frappe de drone r\u00e9alis\u00e9e entre le 02 et le 03 \/04\/2024 \u00e0 Al ourch, 45km au Nord de Larnab. Sur un tout autre registre, Kal Akal a \u00e9t\u00e9 inform\u00e9 de la d\u00e9cision de wagner-fama de forcer tous les d\u00e9plac\u00e9s nomades dans les p\u00e9riph\u00e9ries de Tombouctou, Niafunk\u00e9 de rallier les grandes agglom\u00e9rations sous peine de cibles militaires.\n<\/p>\n<p style=\"text-align: left;\">Par ailleurs, apr\u00e8s la production du rapport mensuel de mars, l\u2019Association Kal Akal a pu se procurer des informations relatives \u00e0 87 cas d\u2019ex\u00e9cutions des civils op\u00e9r\u00e9s dans les zones de Boni, Koro, Niono et de 6 cas d\u2019arrestations par Wagner-Fama.\n<\/p>\n<p style=\"text-align: left;\">C\u2019est dans ce cadre et conform\u00e9ment \u00e0 sa ligne directrice consistant \u00e0 ne rien laisser passer par les mailles du filet que Kal Akal a pu se procurer la vid\u00e9o et le t\u00e9moignage d\u2019une dame don\u2019t le mari a \u00e9t\u00e9 enlev\u00e9 par Wagner-Fama en plein c\u0153ur de Tombouctou \u00e0 travers un tableau r\u00e9capitulatif des renseignements recueillis. Depuis ce jour, il demeure myst\u00e9rieusement introuvable.\n<\/p>\n<p style=\"text-align: left;\">Pour ne rien arranger dans les souffrances des populations, en plus des violations de droits de l\u2019homme se manifestant par des ex\u00e9cutions, des vols, des arrestations\u2026s\u2019ajoutent des blocus impos\u00e9s par les groupes terroristes notamment sur Tombouctou, Tessit, M\u00e9naka\u2026mettant les populations dans une situation de psychose et de pr\u00e9carit\u00e9 assez \u00e9lev\u00e9e.\n<\/p>\n<p style=\"text-align: left;\">Conclusion :\n<\/p>\n<p style=\"text-align: left;\">L\u2019Association Kal Akal, conform\u00e9ment \u00e0 sa mission de d\u00e9fense des droits humains du peuple de l\u2019Azawad condamne fermement ces violations inhumaines, injustifi\u00e9es et r\u00e9p\u00e9t\u00e9es commises par des mercenaires internationaux blacklist\u00e9s par les Nations Unies et employ\u00e9s par un Etat, via la junte de Bamako, signataire de tous les textes relatifs \u00e0 la protection des droits humains.\n<\/p>\n<p style=\"text-align: left;\">Elle d\u00e9nonce le silence assourdissant, apparent\u00e9 \u00e0 une indiff\u00e9rence de la part de la communaut\u00e9 internationale, principalement les organisations des droits de l\u2019homme devant une \u00e9puration ethnique cibl\u00e9e \u00e0 l\u2019image des celles du Rwanda, du Soudan\u2026perp\u00e9tr\u00e9e \u00e0 ciel ouvert contre un peuple autochtone sur ses terres.\n<\/p>\n<p style=\"text-align: left;\">L\u2019Association Kal Akal lance un appel pressant aux ONGs des droits de l\u2019homme \u00e0 s\u2019int\u00e9resser vivement et dans l\u2019urgence \u00e0 ce dossier pour garantir l\u2019impunit\u00e9 aux criminels.\n<\/p>\n<p style=\"text-align: left;\">L\u2019Association Kal Akal tend sa main \u00e0 toutes les personnes, acteurs, organisations \u00e9pris de paix et de justice et d\u00e9sireux d\u2019apporter leur pierre pour aider \u00e0 faire la lumi\u00e8re sur les violations des droits du peuple de l\u2019Azawad \u00e0 travers un droit de poursuite contre les auteurs, coauteurs et complices des crimes.\n<\/p>\n<p style=\"text-align: left;\"><\/p>\n<\/p>\n<\/p>\n<\/p>\n<\/p>\n<\/p>\n<\/p>\n<\/p>\n<\/p>\n<\/p>\n<\/p>\n<\/p>\n<\/p>\n<\/p>\n<\/p>\n<\/p>\n<\/p>\n<\/p>\n<\/p>\n<\/p>\n<\/p>\n<\/p>\n<\/p>\n<\/p>\n<\/p>\n<\/p>\n<\/p><\/p>\n","protected":false},"excerpt":{"rendered":"<p>&nbsp; RAPPORT N\u00b003\/AKA\/2024 P\u00e9riode : Mois de F\u00e9vrier. Le mois de F\u00e9vrier reste marqu\u00e9 par une intensit\u00e9 des violations graves des droits de l\u2019homme en territoire de l\u2019Azawad et dans&hellip;<\/p>\n","protected":false},"author":1,"featured_media":13,"comment_status":"open","ping_status":"open","sticky":false,"template":"","format":"standard","meta":{"_jetpack_memberships_contains_paid_content":false,"footnotes":""},"categories":[3],"tags":[],"class_list":["post-38","post","type-post","status-publish","format-standard","has-post-thumbnail","hentry","category-rapport"],"yoast_head":"<!-- This site is optimized with the Yoast SEO plugin v27.5 - https:\/\/yoast.com\/product\/yoast-seo-wordpress\/ -->\n<title>Rapport de mois de f\u00e9vrier 2024 sur les violations de droits de l\u2019homme commises par le Mali et Wagner - Association Kal Akal<\/title>\n<meta name=\"robots\" content=\"index, follow, max-snippet:-1, max-image-preview:large, max-video-preview:-1\" \/>\n<link rel=\"canonical\" href=\"https:\/\/kal-akal.com\/?p=38\" \/>\n<meta property=\"og:locale\" content=\"fr_FR\" \/>\n<meta property=\"og:type\" content=\"article\" \/>\n<meta property=\"og:title\" content=\"Rapport de mois de f\u00e9vrier 2024 sur les violations de droits de l\u2019homme commises par le Mali et Wagner - Association Kal Akal\" \/>\n<meta property=\"og:description\" content=\"&nbsp; RAPPORT N\u00b003\/AKA\/2024 P\u00e9riode : Mois de F\u00e9vrier. Le mois de F\u00e9vrier reste marqu\u00e9 par une intensit\u00e9 des violations graves des droits de l\u2019homme en territoire de l\u2019Azawad et dans&hellip;\" \/>\n<meta property=\"og:url\" content=\"https:\/\/kal-akal.com\/?p=38\" \/>\n<meta property=\"og:site_name\" content=\"Association Kal Akal\" \/>\n<meta property=\"article:published_time\" content=\"2024-05-08T00:32:00+00:00\" \/>\n<meta property=\"article:modified_time\" content=\"2024-06-14T21:16:16+00:00\" \/>\n<meta property=\"og:image\" content=\"https:\/\/kal-akal.com\/wp-content\/uploads\/2024\/06\/10005516961497368929085544548.png\" \/>\n\t<meta property=\"og:image:width\" content=\"1080\" \/>\n\t<meta property=\"og:image:height\" content=\"1080\" \/>\n\t<meta property=\"og:image:type\" content=\"image\/png\" \/>\n<meta name=\"author\" content=\"\u0639\u0628\u062f\u0627\u0644\u0644\u06472024\" \/>\n<meta name=\"twitter:card\" content=\"summary_large_image\" \/>\n<meta name=\"twitter:label1\" content=\"\u00c9crit par\" \/>\n\t<meta name=\"twitter:data1\" content=\"\u0639\u0628\u062f\u0627\u0644\u0644\u06472024\" \/>\n\t<meta name=\"twitter:label2\" content=\"Dur\u00e9e de lecture estim\u00e9e\" \/>\n\t<meta name=\"twitter:data2\" content=\"14 minutes\" \/>\n<script type=\"application\/ld+json\" class=\"yoast-schema-graph\">{\"@context\":\"https:\\\/\\\/schema.org\",\"@graph\":[{\"@type\":\"Article\",\"@id\":\"https:\\\/\\\/kal-akal.com\\\/?p=38#article\",\"isPartOf\":{\"@id\":\"https:\\\/\\\/kal-akal.com\\\/?p=38\"},\"author\":{\"name\":\"\u0639\u0628\u062f\u0627\u0644\u0644\u06472024\",\"@id\":\"https:\\\/\\\/kal-akal.com\\\/#\\\/schema\\\/person\\\/38fee61aab36e307bd27480803963845\"},\"headline\":\"Rapport de mois de f\u00e9vrier 2024 sur les violations de droits de l\u2019homme commises par le Mali et Wagner\",\"datePublished\":\"2024-05-08T00:32:00+00:00\",\"dateModified\":\"2024-06-14T21:16:16+00:00\",\"mainEntityOfPage\":{\"@id\":\"https:\\\/\\\/kal-akal.com\\\/?p=38\"},\"wordCount\":2908,\"commentCount\":0,\"publisher\":{\"@id\":\"https:\\\/\\\/kal-akal.com\\\/#organization\"},\"image\":{\"@id\":\"https:\\\/\\\/kal-akal.com\\\/?p=38#primaryimage\"},\"thumbnailUrl\":\"https:\\\/\\\/kal-akal.com\\\/wp-content\\\/uploads\\\/2024\\\/06\\\/10005516961497368929085544548.png\",\"articleSection\":[\"rapport\"],\"inLanguage\":\"fr-FR\",\"potentialAction\":[{\"@type\":\"CommentAction\",\"name\":\"Comment\",\"target\":[\"https:\\\/\\\/kal-akal.com\\\/?p=38#respond\"]}]},{\"@type\":\"WebPage\",\"@id\":\"https:\\\/\\\/kal-akal.com\\\/?p=38\",\"url\":\"https:\\\/\\\/kal-akal.com\\\/?p=38\",\"name\":\"Rapport de mois de f\u00e9vrier 2024 sur les violations de droits de l\u2019homme commises par le Mali et Wagner - Association Kal Akal\",\"isPartOf\":{\"@id\":\"https:\\\/\\\/kal-akal.com\\\/#website\"},\"primaryImageOfPage\":{\"@id\":\"https:\\\/\\\/kal-akal.com\\\/?p=38#primaryimage\"},\"image\":{\"@id\":\"https:\\\/\\\/kal-akal.com\\\/?p=38#primaryimage\"},\"thumbnailUrl\":\"https:\\\/\\\/kal-akal.com\\\/wp-content\\\/uploads\\\/2024\\\/06\\\/10005516961497368929085544548.png\",\"datePublished\":\"2024-05-08T00:32:00+00:00\",\"dateModified\":\"2024-06-14T21:16:16+00:00\",\"breadcrumb\":{\"@id\":\"https:\\\/\\\/kal-akal.com\\\/?p=38#breadcrumb\"},\"inLanguage\":\"fr-FR\",\"potentialAction\":[{\"@type\":\"ReadAction\",\"target\":[\"https:\\\/\\\/kal-akal.com\\\/?p=38\"]}]},{\"@type\":\"ImageObject\",\"inLanguage\":\"fr-FR\",\"@id\":\"https:\\\/\\\/kal-akal.com\\\/?p=38#primaryimage\",\"url\":\"https:\\\/\\\/kal-akal.com\\\/wp-content\\\/uploads\\\/2024\\\/06\\\/10005516961497368929085544548.png\",\"contentUrl\":\"https:\\\/\\\/kal-akal.com\\\/wp-content\\\/uploads\\\/2024\\\/06\\\/10005516961497368929085544548.png\",\"width\":1080,\"height\":1080},{\"@type\":\"BreadcrumbList\",\"@id\":\"https:\\\/\\\/kal-akal.com\\\/?p=38#breadcrumb\",\"itemListElement\":[{\"@type\":\"ListItem\",\"position\":1,\"name\":\"Home\",\"item\":\"https:\\\/\\\/kal-akal.com\\\/\"},{\"@type\":\"ListItem\",\"position\":2,\"name\":\"Rapport de mois de f\u00e9vrier 2024 sur les violations de droits de l\u2019homme commises par le Mali et Wagner\"}]},{\"@type\":\"WebSite\",\"@id\":\"https:\\\/\\\/kal-akal.com\\\/#website\",\"url\":\"https:\\\/\\\/kal-akal.com\\\/\",\"name\":\"Association Kal Akal\",\"description\":\"l\u2019Association Kal Akal est un Observatoire Citoyen de Veille et de D\u00e9fense des Droits Humains du Peuple de l\u2019Azawad.\",\"publisher\":{\"@id\":\"https:\\\/\\\/kal-akal.com\\\/#organization\"},\"potentialAction\":[{\"@type\":\"SearchAction\",\"target\":{\"@type\":\"EntryPoint\",\"urlTemplate\":\"https:\\\/\\\/kal-akal.com\\\/?s={search_term_string}\"},\"query-input\":{\"@type\":\"PropertyValueSpecification\",\"valueRequired\":true,\"valueName\":\"search_term_string\"}}],\"inLanguage\":\"fr-FR\"},{\"@type\":\"Organization\",\"@id\":\"https:\\\/\\\/kal-akal.com\\\/#organization\",\"name\":\"Association Kal Akal\",\"url\":\"https:\\\/\\\/kal-akal.com\\\/\",\"logo\":{\"@type\":\"ImageObject\",\"inLanguage\":\"fr-FR\",\"@id\":\"https:\\\/\\\/kal-akal.com\\\/#\\\/schema\\\/logo\\\/image\\\/\",\"url\":\"https:\\\/\\\/kal-akal.com\\\/wp-content\\\/uploads\\\/2024\\\/06\\\/cropped-\u062c\u0645\u0639\u064a\u0629-\u0643\u0644-\u0623\u0643\u0627\u0644.png\",\"contentUrl\":\"https:\\\/\\\/kal-akal.com\\\/wp-content\\\/uploads\\\/2024\\\/06\\\/cropped-\u062c\u0645\u0639\u064a\u0629-\u0643\u0644-\u0623\u0643\u0627\u0644.png\",\"width\":200,\"height\":40,\"caption\":\"Association Kal Akal\"},\"image\":{\"@id\":\"https:\\\/\\\/kal-akal.com\\\/#\\\/schema\\\/logo\\\/image\\\/\"}},{\"@type\":\"Person\",\"@id\":\"https:\\\/\\\/kal-akal.com\\\/#\\\/schema\\\/person\\\/38fee61aab36e307bd27480803963845\",\"name\":\"\u0639\u0628\u062f\u0627\u0644\u0644\u06472024\",\"image\":{\"@type\":\"ImageObject\",\"inLanguage\":\"fr-FR\",\"@id\":\"https:\\\/\\\/secure.gravatar.com\\\/avatar\\\/3c56ec666afc88ba8e609c1f64df8546bde100acf43533800f1a1368f1fb350c?s=96&d=mm&r=g\",\"url\":\"https:\\\/\\\/secure.gravatar.com\\\/avatar\\\/3c56ec666afc88ba8e609c1f64df8546bde100acf43533800f1a1368f1fb350c?s=96&d=mm&r=g\",\"contentUrl\":\"https:\\\/\\\/secure.gravatar.com\\\/avatar\\\/3c56ec666afc88ba8e609c1f64df8546bde100acf43533800f1a1368f1fb350c?s=96&d=mm&r=g\",\"caption\":\"\u0639\u0628\u062f\u0627\u0644\u0644\u06472024\"},\"sameAs\":[\"http:\\\/\\\/kal-akal.com\"],\"url\":\"https:\\\/\\\/kal-akal.com\\\/?author=1\"}]}<\/script>\n<!-- \/ Yoast SEO plugin. -->","yoast_head_json":{"title":"Rapport de mois de f\u00e9vrier 2024 sur les violations de droits de l\u2019homme commises par le Mali et Wagner - Association Kal Akal","robots":{"index":"index","follow":"follow","max-snippet":"max-snippet:-1","max-image-preview":"max-image-preview:large","max-video-preview":"max-video-preview:-1"},"canonical":"https:\/\/kal-akal.com\/?p=38","og_locale":"fr_FR","og_type":"article","og_title":"Rapport de mois de f\u00e9vrier 2024 sur les violations de droits de l\u2019homme commises par le Mali et Wagner - Association Kal Akal","og_description":"&nbsp; RAPPORT N\u00b003\/AKA\/2024 P\u00e9riode : Mois de F\u00e9vrier. Le mois de F\u00e9vrier reste marqu\u00e9 par une intensit\u00e9 des violations graves des droits de l\u2019homme en territoire de l\u2019Azawad et dans&hellip;","og_url":"https:\/\/kal-akal.com\/?p=38","og_site_name":"Association Kal Akal","article_published_time":"2024-05-08T00:32:00+00:00","article_modified_time":"2024-06-14T21:16:16+00:00","og_image":[{"width":1080,"height":1080,"url":"https:\/\/kal-akal.com\/wp-content\/uploads\/2024\/06\/10005516961497368929085544548.png","type":"image\/png"}],"author":"\u0639\u0628\u062f\u0627\u0644\u0644\u06472024","twitter_card":"summary_large_image","twitter_misc":{"\u00c9crit par":"\u0639\u0628\u062f\u0627\u0644\u0644\u06472024","Dur\u00e9e de lecture estim\u00e9e":"14 minutes"},"schema":{"@context":"https:\/\/schema.org","@graph":[{"@type":"Article","@id":"https:\/\/kal-akal.com\/?p=38#article","isPartOf":{"@id":"https:\/\/kal-akal.com\/?p=38"},"author":{"name":"\u0639\u0628\u062f\u0627\u0644\u0644\u06472024","@id":"https:\/\/kal-akal.com\/#\/schema\/person\/38fee61aab36e307bd27480803963845"},"headline":"Rapport de mois de f\u00e9vrier 2024 sur les violations de droits de l\u2019homme commises par le Mali et Wagner","datePublished":"2024-05-08T00:32:00+00:00","dateModified":"2024-06-14T21:16:16+00:00","mainEntityOfPage":{"@id":"https:\/\/kal-akal.com\/?p=38"},"wordCount":2908,"commentCount":0,"publisher":{"@id":"https:\/\/kal-akal.com\/#organization"},"image":{"@id":"https:\/\/kal-akal.com\/?p=38#primaryimage"},"thumbnailUrl":"https:\/\/kal-akal.com\/wp-content\/uploads\/2024\/06\/10005516961497368929085544548.png","articleSection":["rapport"],"inLanguage":"fr-FR","potentialAction":[{"@type":"CommentAction","name":"Comment","target":["https:\/\/kal-akal.com\/?p=38#respond"]}]},{"@type":"WebPage","@id":"https:\/\/kal-akal.com\/?p=38","url":"https:\/\/kal-akal.com\/?p=38","name":"Rapport de mois de f\u00e9vrier 2024 sur les violations de droits de l\u2019homme commises par le Mali et Wagner - Association Kal Akal","isPartOf":{"@id":"https:\/\/kal-akal.com\/#website"},"primaryImageOfPage":{"@id":"https:\/\/kal-akal.com\/?p=38#primaryimage"},"image":{"@id":"https:\/\/kal-akal.com\/?p=38#primaryimage"},"thumbnailUrl":"https:\/\/kal-akal.com\/wp-content\/uploads\/2024\/06\/10005516961497368929085544548.png","datePublished":"2024-05-08T00:32:00+00:00","dateModified":"2024-06-14T21:16:16+00:00","breadcrumb":{"@id":"https:\/\/kal-akal.com\/?p=38#breadcrumb"},"inLanguage":"fr-FR","potentialAction":[{"@type":"ReadAction","target":["https:\/\/kal-akal.com\/?p=38"]}]},{"@type":"ImageObject","inLanguage":"fr-FR","@id":"https:\/\/kal-akal.com\/?p=38#primaryimage","url":"https:\/\/kal-akal.com\/wp-content\/uploads\/2024\/06\/10005516961497368929085544548.png","contentUrl":"https:\/\/kal-akal.com\/wp-content\/uploads\/2024\/06\/10005516961497368929085544548.png","width":1080,"height":1080},{"@type":"BreadcrumbList","@id":"https:\/\/kal-akal.com\/?p=38#breadcrumb","itemListElement":[{"@type":"ListItem","position":1,"name":"Home","item":"https:\/\/kal-akal.com\/"},{"@type":"ListItem","position":2,"name":"Rapport de mois de f\u00e9vrier 2024 sur les violations de droits de l\u2019homme commises par le Mali et Wagner"}]},{"@type":"WebSite","@id":"https:\/\/kal-akal.com\/#website","url":"https:\/\/kal-akal.com\/","name":"Association Kal Akal","description":"l\u2019Association Kal Akal est un Observatoire Citoyen de Veille et de D\u00e9fense des Droits Humains du Peuple de l\u2019Azawad.","publisher":{"@id":"https:\/\/kal-akal.com\/#organization"},"potentialAction":[{"@type":"SearchAction","target":{"@type":"EntryPoint","urlTemplate":"https:\/\/kal-akal.com\/?s={search_term_string}"},"query-input":{"@type":"PropertyValueSpecification","valueRequired":true,"valueName":"search_term_string"}}],"inLanguage":"fr-FR"},{"@type":"Organization","@id":"https:\/\/kal-akal.com\/#organization","name":"Association Kal Akal","url":"https:\/\/kal-akal.com\/","logo":{"@type":"ImageObject","inLanguage":"fr-FR","@id":"https:\/\/kal-akal.com\/#\/schema\/logo\/image\/","url":"https:\/\/kal-akal.com\/wp-content\/uploads\/2024\/06\/cropped-\u062c\u0645\u0639\u064a\u0629-\u0643\u0644-\u0623\u0643\u0627\u0644.png","contentUrl":"https:\/\/kal-akal.com\/wp-content\/uploads\/2024\/06\/cropped-\u062c\u0645\u0639\u064a\u0629-\u0643\u0644-\u0623\u0643\u0627\u0644.png","width":200,"height":40,"caption":"Association Kal Akal"},"image":{"@id":"https:\/\/kal-akal.com\/#\/schema\/logo\/image\/"}},{"@type":"Person","@id":"https:\/\/kal-akal.com\/#\/schema\/person\/38fee61aab36e307bd27480803963845","name":"\u0639\u0628\u062f\u0627\u0644\u0644\u06472024","image":{"@type":"ImageObject","inLanguage":"fr-FR","@id":"https:\/\/secure.gravatar.com\/avatar\/3c56ec666afc88ba8e609c1f64df8546bde100acf43533800f1a1368f1fb350c?s=96&d=mm&r=g","url":"https:\/\/secure.gravatar.com\/avatar\/3c56ec666afc88ba8e609c1f64df8546bde100acf43533800f1a1368f1fb350c?s=96&d=mm&r=g","contentUrl":"https:\/\/secure.gravatar.com\/avatar\/3c56ec666afc88ba8e609c1f64df8546bde100acf43533800f1a1368f1fb350c?s=96&d=mm&r=g","caption":"\u0639\u0628\u062f\u0627\u0644\u0644\u06472024"},"sameAs":["http:\/\/kal-akal.com"],"url":"https:\/\/kal-akal.com\/?author=1"}]}},"jetpack_featured_media_url":"https:\/\/kal-akal.com\/wp-content\/uploads\/2024\/06\/10005516961497368929085544548.png","jetpack_sharing_enabled":true,"_links":{"self":[{"href":"https:\/\/kal-akal.com\/index.php?rest_route=\/wp\/v2\/posts\/38","targetHints":{"allow":["GET"]}}],"collection":[{"href":"https:\/\/kal-akal.com\/index.php?rest_route=\/wp\/v2\/posts"}],"about":[{"href":"https:\/\/kal-akal.com\/index.php?rest_route=\/wp\/v2\/types\/post"}],"author":[{"embeddable":true,"href":"https:\/\/kal-akal.com\/index.php?rest_route=\/wp\/v2\/users\/1"}],"replies":[{"embeddable":true,"href":"https:\/\/kal-akal.com\/index.php?rest_route=%2Fwp%2Fv2%2Fcomments&post=38"}],"version-history":[{"count":1,"href":"https:\/\/kal-akal.com\/index.php?rest_route=\/wp\/v2\/posts\/38\/revisions"}],"predecessor-version":[{"id":47,"href":"https:\/\/kal-akal.com\/index.php?rest_route=\/wp\/v2\/posts\/38\/revisions\/47"}],"wp:featuredmedia":[{"embeddable":true,"href":"https:\/\/kal-akal.com\/index.php?rest_route=\/wp\/v2\/media\/13"}],"wp:attachment":[{"href":"https:\/\/kal-akal.com\/index.php?rest_route=%2Fwp%2Fv2%2Fmedia&parent=38"}],"wp:term":[{"taxonomy":"category","embeddable":true,"href":"https:\/\/kal-akal.com\/index.php?rest_route=%2Fwp%2Fv2%2Fcategories&post=38"},{"taxonomy":"post_tag","embeddable":true,"href":"https:\/\/kal-akal.com\/index.php?rest_route=%2Fwp%2Fv2%2Ftags&post=38"}],"curies":[{"name":"wp","href":"https:\/\/api.w.org\/{rel}","templated":true}]}}