{"id":40,"date":"2024-05-07T22:38:00","date_gmt":"2024-05-07T22:38:00","guid":{"rendered":""},"modified":"2024-06-14T21:14:38","modified_gmt":"2024-06-14T21:14:38","slug":"objet-lettre-ouverte-de-denonciation-relatives-aux-graves-violations-des-droits-de-lhomme-dans-le-sillage-du-conflit-azawado-malien","status":"publish","type":"post","link":"https:\/\/kal-akal.com\/?p=40","title":{"rendered":"Objet : Lettre ouverte de d\u00e9nonciation relatives aux graves violations des droits de l\u2019homme dans le sillage du conflit Azawado-Malien"},"content":{"rendered":"<p style=\"text-align:left;\">\n<div style=\"clear:both; text-align:center;\"><a href=\"https:\/\/imgur.com\/gHQsJT5.jpg\" style=\"margin-left: 1em; margin-right: 1em;\"><img loading=\"lazy\" decoding=\"async\" border=\"0\" data-original-height=\"226\" data-original-width=\"320\" height=\"226\" src=\"https:\/\/imgur.com\/gHQsJT5.jpg\" width=\"320\" data-temp-aztec-id=\"3876f471-f025-4189-aeec-e22b1fd16677\"><\/a>\n<\/div>\n<p style=\"text-align:left;\"><span style=\"font-family:arial;\"><b>Destinataires<\/b><\/span> : Organisations internationales des droits de l\u2019homme, m\u00e9dias, analystes, chercheurs ind\u00e9pendants, Institutions internationales et responsables politiques\u2026<\/p>\n<p style=\"text-align:left;\">Mesdames et Messieurs,  <\/p>\n<p style=\"text-align:left;\">Membre de la soci\u00e9t\u00e9 civile, don\u2019t le si\u00e8ge social sis dans la r\u00e9gion de Kidal, l\u2019Association Kal Akal est un Observatoire Citoyen de Veille et de D\u00e9fense des Droits Humains du Peuple de l\u2019Azawad.<\/p>\n<p style=\"text-align:left;\">A ce titre, Il suit et documente r\u00e9guli\u00e8rement, selon ses moyens, toutes les violations des droits humains commises par les mercenaires Russes du groupe Wagner et leurs Suppl\u00e9tifs de l\u2019Arm\u00e9e Malienne contre les populations civiles, principalement Touaregs, Maures-Arabes et Peulhs en Azawad et dans le centre du pays du Mali.<\/p>\n<p style=\"text-align:left;\">D\u2019ao\u00fbt 2023 \u00e0 nos jours, l\u2019Observatoire a pu documenter \u00e0 travers un d\u00e9compte loin d\u2019\u00eatre exhaustif mais assez indicatif environ 500 civils innocents tu\u00e9s don\u2019t la plupart suite aux frappes aveugles des drones Bayraktar de fabrication turque mis \u00e0 la disposition de la junte Malienne.<\/p>\n<p style=\"text-align:left;\">A ce d\u00e9compte macabre s\u2019ajoute des centaines des bless\u00e9s-handicap\u00e9s \u00e0 vie, des disparitions forc\u00e9es, des destructions des infrastructures sociales de base et le repeuplement planifi\u00e9 des zones d\u00e9peupl\u00e9es des autochtones suite \u00e0 l\u2019instauration de la terreur.<\/p>\n<p style=\"text-align:left;\">L\u2019Association Kal Akal est engag\u00e9e dans cette mission d\u00e9licate de fa\u00e7on volontaire, sans une quelconque contrepartie autre que le souci de combattre l\u2019injustice et l\u2019impunit\u00e9 en vue d\u2019aider \u00e0 construire une soci\u00e9t\u00e9 de justice et de droit.<\/p>\n<p style=\"text-align:left;\">Malheureusement, des rapports des organisations des droits de l\u2019homme qui nous parviennent et des articles de presses et autres plateformes de diffusions des informations en lien avec les violations des droits de l\u2019homme, il nous a \u00e9t\u00e9 donn\u00e9 de constater que les souffrances des populations civiles de l\u2019Azawad, malgr\u00e9 les efforts faits dans le sens de tout porter \u00e0 la connaissance de qui de droit, ne sont pas assez relay\u00e9es aupr\u00e8s de l\u2019opinion internationale.<\/p>\n<p style=\"text-align:left;\">L\u2019attention des m\u00e9dias et des organisations des droits de l\u2019homme semble \u00eatre focalis\u00e9e presque exclusivement par ce qui se passe au centre, rel\u00e9guant en marge des souffrances pourtant r\u00e9elles, accentu\u00e9es, suffisamment document\u00e9es et quotidiennement rapport\u00e9es via tous les canaux appropri\u00e9s.<\/p>\n<p style=\"text-align:left;\">Mesdames et Messieurs,<\/p>\n<p style=\"text-align:left;\">Bien que nous saluons et apprecions toute l\u2019attention port\u00e9e sur les drames du centre, que nous rapportons aussi \u00e0 travers nos rapports, nous estimons que toutes les victimes et toutes les souffrances se valent et doivent b\u00e9n\u00e9ficier de la m\u00eame attention et du m\u00eame traitement.<\/p>\n<p style=\"text-align:left;\">L\u2019association Kal Akal s\u2019indigne et proteste vigoureusement contre cette pratique qui s\u2019apparente \u00e0 la banalisation des vies humaines, fr\u00f4lant l\u2019indiff\u00e9rence coupable de la part des auteurs de telles pratiques s\u00e9lectives devant des situations pourtant similaires quant aux souffrances et injustices endur\u00e9es.<\/p>\n<p style=\"text-align:left;\">Nous souhaiterions que les souffrances subies par notre peuple sur ses terres de la part des mercenaires \u00e9trangers blacklist\u00e9s par les Nations unies, commis par une junte en manque de l\u00e9gitimit\u00e9 et de rep\u00e8res b\u00e9n\u00e9ficient d\u2019une attention \u00e0 la hauteur des violations des droits humains injustes et injustifi\u00e9es qui nous sont inflig\u00e9es.<\/p>\n<p style=\"text-align:left;\">Aucune organisation des droits de l\u2019homme, ni m\u00e9dias \u00e9pris de justice ne devait travailler \u00e0 traiter des souffrances humaines aussi flagrantes qu\u2019abjectes avec de la l\u00e9g\u00e8ret\u00e9, au risque d\u2019encourager davantage l\u2019impunit\u00e9 et le terrorisme institutionnalis\u00e9.<\/p>\n<p style=\"text-align:left;\">Dans l\u2019espoir de r\u00e9server une suite favorable \u00e0 notre lettre de protestation, et en vous envoyant nos propres rapports de ces quatre derniers mois, veuillez agr\u00e9er Mesdames et Messieurs, l\u2019expression de notre profond respect.<\/p>\n<blockquote style=\"border:none; margin:0px40px0px0px; padding:0px;\">\n<p style=\"text-align:right;\"><b>  Sign\u00e9 : Sidi Ag Baye \u2013 Secr\u00e9taire G\u00e9n\u00e9ral     <\/b><\/p>\n<\/blockquote>\n<p style=\"text-align:left;\"><b>RAPPORT N\u00b002\/AKA\/2024 DU MOIS DE JANVIER 2024<\/b>  ,<\/p>\n<p style=\"text-align:left;\"><b>Introduction<\/b> : Depuis le d\u00e9but de d\u00e9clenchement du conflit en cours, Kal Akal s\u2019active par les moyens \u00e0 sa disposition \u00e0 r\u00e9pertorier les diff\u00e9rentes violations des droits humains commises par le groupe des mercenaires Wagner et l\u2019Arm\u00e9e Malienne en territoire de l\u2019Azawad.<\/p>\n<p style=\"text-align:left;\">Ce pr\u00e9sent rapport se veut une compilation non exhaustive mais assez indicative des violations perp\u00e9tr\u00e9es courant du mois de Janvier 2024 sur le territoire de l\u2019Azawad et dans certaines parties du centre du Mali.<\/p>\n<p style=\"text-align:left;\">Les violations recens\u00e9es vont des crimes graves, notamment des ex\u00e9cutions sommaires, des massacres de masses aux vols, pillages\u2026<\/p>\n<p style=\"text-align:left;\">Les principales cibles ethniques :<\/p>\n<p style=\"text-align:left;\">Les Touaregs ;<\/p>\n<p style=\"text-align:left;\">Les Maures-Arabes ;<\/p>\n<p style=\"text-align:left;\">Les Peulhs ;<\/p>\n<p style=\"text-align:left;\"><b>Les auteurs des crimes <\/b>: Mercenaires du groupe Wagner, accompagn\u00e9s par l\u2019Arm\u00e9e Malienne et leurs indicateurs locaux ;<\/p>\n<p style=\"text-align:left;\">Les moyens de commission des violations :<\/p>\n<p style=\"text-align:left;\">Drones de fabrication Turque et drones kamikaze ;<\/p>\n<p style=\"text-align:left;\">Avions de chasse et h\u00e9licopt\u00e8res ;<\/p>\n<p style=\"text-align:left;\">Barils explosifs ;<\/p>\n<p style=\"text-align:left;\">Mines et grenades explosives ;<\/p>\n<p style=\"text-align:left;\">Artillerie ;<\/p>\n<p style=\"text-align:left;\">Armes l\u00e9g\u00e8res ;<\/p>\n<p style=\"text-align:left;\">Armes blanches (couteaux). ; Ainsi, durant ce mois de janvier Kal Akal a enregistr\u00e9, au titre de <\/p>\n<p style=\"text-align:left;\"><b>Ex\u00e9cutions sommaires et massacres<\/b> : 93 cas d\u2019ex\u00e9cutions dontdon\u2019tvieux de 80 ans et 4 orpailleurs \u00e9trangers. Parmi ces victimes se trouvent 24 civils bergers peulh ex\u00e9cut\u00e9s de sang froid dans la r\u00e9gion de Nara, village de Welingara\/Wuro Ferro, le 26 Janvier, par l\u2019Arm\u00e9e Malienne. L\u2019Association Kal Akal a pu se procurer la vid\u00e9o de l\u2019ex\u00e9cution gr\u00e2ce aux parents des victimes.<\/p>\n<p style=\"text-align:left;\">Disparitions forc\u00e9es : Plusieurs dizaines de civils arr\u00eat\u00e9s pr\u00e8s de Tombouctou puis emmen\u00e9s \u00e0 l\u2019a\u00e9roport sont port\u00e9s disparus. De nos jours leurs familles demeurent sans nouvelles d\u2019eux.<\/p>\n<p style=\"text-align:left;\"> : Bless\u00e9s : Plusieurs dizaines de bless\u00e9s <\/p>\n<p style=\"text-align:left;\"><b>Pillages et\/ou vols<\/b> : des sources locales ont rapport\u00e9 \u00e0 Kal Akal des cas de vols et\/ou pillages des nattes de couchage, des boutiques, des vivres dans le site de Sangh pr\u00e8s de L\u00e9r\u00e9.<\/p>\n<p style=\"text-align:left;\">Des commerces et des boutiques pill\u00e9s \u00e0 Kidal. Cette situation a \u00e9t\u00e9 rapport\u00e9e au gouverneur qui n\u2019a pu faire quelque chose. Deux voitures ont \u00e9t\u00e9 vol\u00e9s \u00e0 Enekar\/Anchawadj.<\/p>\n<p style=\"text-align:left;\"><b>Arrestations<\/b> :24<\/p>\n<p style=\"text-align:left;\"><b>Saccages\/incendies<\/b> : Plusieurs maisons du site de sang pr\u00e8s de L\u00e9r\u00e9 du c\u00e9l\u00e8bre cheik Abak ont \u00e9t\u00e9 incendi\u00e9es, sa biblioth\u00e8que coranique d\u2019une valeur estim\u00e9e \u00e0 plus de 10 millions de CFA a \u00e9t\u00e9 brul\u00e9e,2 voitures et des vivres brul\u00e9s. Son fils Ismaguil port\u00e9 disparu.<\/p>\n<p style=\"text-align:left;\">On note \u00e9galement l\u2019incendie du camp des d\u00e9plac\u00e9s de Tabagart\/Ber dans la r\u00e9gion de Tombouctou. Au total, il a \u00e9t\u00e9 rapport\u00e9 4 villages\/sites incendi\u00e9s dans le courant du mois de janvier.<\/p>\n<p style=\"text-align:left;\">Mort du b\u00e9tail : plusieurs dizaines de t\u00eates de bovins, camelins, ovins\u2026ont \u00e9t\u00e9 tu\u00e9es dans des bombardement aveugles de Wagner-Fama.<\/p>\n<p style=\"text-align:left;\"><b>Cas de d\u00e9peuplement\/ d\u00e9guerpissement :<\/b> plusieurs sites aux alentours de M\u00e9naka ont \u00e9t\u00e9 contraints de d\u00e9guerpir pour rallier le centre-ville de M\u00e9naka sous la menace de l\u2019etat Islamique au Grand Sahara (EIGS). Dans les r\u00e9gions de Kidal, Tombouctou et Gao c\u2019est Wagner et l\u2019Arm\u00e9e Malienne qui sont \u00e0 l\u2019origine du d\u00e9peuplement forc\u00e9 des sites de leurs populations autochtones pour la destination de la Mauritanie et de l\u2019Alg\u00e9rie d\u00e9j\u00e0 satur\u00e9s par l\u2019afflux des r\u00e9fugi\u00e9s. Pour rappel les derni\u00e8res donn\u00e9es chiffr\u00e9es de D\u00e9cembre 2023 estiment \u00e0 150000 \u00e2mes le nombre des r\u00e9fugi\u00e9s en Mauritanie, hormis les r\u00e9fugi\u00e9s hors camps, non recens\u00e9s par le HCR.<\/p>\n<p style=\"text-align:left;\">Dans le registre des tueries sauvages des civils, kal Akal a pu recenser un cas impliquant le bombardement de deux voitures civiles pr\u00e8s de M\u00e9naka\/ avec la mort de leurs occupants.<\/p>\n<p style=\"text-align:left;\">On note aussi des cas de largage des bombes artisanales de fabrication Russe sur une zone r\u00e9sidentielle \u00e0 Tabankorte\/M\u00e9naka.<\/p>\n<p style=\"text-align:left;\">Ces violations concernent : Tombouctou, Aguelhok, Ler\u00e9, Goundam, Kidal, M\u00e9naka, Tessalit, Tabankorte, Tadoumoumt, Ber, Tinza, Dir\u00e9, Tindirma, Tonka, Fatakara\u2026 entre autres.<\/p>\n<p style=\"text-align:left;\">L\u2019Association Kal Akal conform\u00e9ment \u00e0 son r\u00f4le d\u2019Observatoire de Veille et de D\u00e9fense des Droits Humains du Peuple de l\u2019Azawad d\u00e9nonce et condamne ces violations graves des droits humains commises \u00e0 dessein par des mercenaires \u00e9trangers blacklist\u00e9s par les Nations Unies, recrut\u00e9s par la junte Malienne pour faire disparaitre, sinon chasser de leurs terroirs d\u2019attache traditionnelle certaines composantes ethniques cibl\u00e9es.<\/p>\n<p style=\"text-align:left;\">Elle interpelle l\u2019ensemble de la communaut\u00e9 internationale et sous r\u00e9gionale \u00e0 agir vite pour mettre fin \u00e0 l\u2019impunit\u00e9 visant les populations Touareg, Arabes et Peulhs.<\/p>\n<p style=\"text-align:left;\">Elle lance un appel pressant aux organisations internationales des droits de l\u2019hommes, notamment Human Right, Amnesty International, Ligue Europ\u00e9enne des Droits de l\u2019Homme, Ligue des Droits de l\u2019Homme (LDH) \u2026\u00e0 s\u2019impliquer dans ce dossier en collaboration avec Kal Akal pour aider \u00e0 faire triompher le droit au profit des victimes par des canaux cr\u00e9dibles et ind\u00e9pendants.<\/p>\n<p style=\"text-align:left;\"><b>RAPPORT N\u00b003\/AKA\/2024 P\u00e9riode : Mois de F\u00e9vrier.<\/b><\/p>\n<p style=\"text-align:left;\">Le mois de F\u00e9vrier reste marqu\u00e9 par une intensit\u00e9 des violations graves des droits de l\u2019homme en territoire de l\u2019Azawad et dans le centre du Mali. Elles n\u2019ont \u00e9pargn\u00e9 ni femmes, ni enfants, ni b\u00e9tails, ni m\u00eames les infrastructures sociales de base\u2026 la machine r\u00e9pressive et aveugle a cibl\u00e9 indistinctement tout ce qui bouge dans ses zones d\u2019incursion. Ainsi, nuit et jour, des patrouilles des mercenaires Russes du groupe Wagner et de l\u2019Arm\u00e9e Malienne sillonnent sans r\u00e9pit le territoire de l\u2019Azawad, les villages et les hameaux nomades constituent la cible privil\u00e9gi\u00e9e de leur chasse.<\/p>\n<p style=\"text-align:left;\">Des ex\u00e9cutions sommaires collectives et individuelles, des viols, des vols de b\u00e9tails, des incendies, des pillages, des disparitions forc\u00e9es, des destructions des points d\u2019eau\u2026 sont quotidiennement rapport\u00e9s \u00e0 l\u2019Association Kal Akal par ses sources locales partout o\u00f9 les patrouilles s\u00e9journent.<\/p>\n<p style=\"text-align:left;\">Les populations Touareg, Maures-Arabes et Peulhs, en majorit\u00e9 ont fui en direction de la Mauritanie avec un statut de r\u00e9fugi\u00e9s et de l\u2019Alg\u00e9rie sans statut de r\u00e9fugi\u00e9s. Le reste qui, par manque des moyens n\u2019a pas pu bouger, vit dans la peur et l\u2019angoisse et attend son \u00ab verdict \u00bb au prochain passage de Wagner-FAMa.<\/p>\n<p style=\"text-align:left;\">Rares sont encore les \u00e9coles ouvertes. Les centres de sant\u00e9 et les points d\u2019eau en milieu nomades sont d\u00e9truits.<\/p>\n<p style=\"text-align:left;\">Les habitations abandonn\u00e9es par leurs propri\u00e9taires sont soit d\u00e9truites, soit pi\u00e9g\u00e9es \u00e0 la mine dans le but d\u2019exercer la terreur et de pousser les populations \u00e0 abandonner leurs terres.<\/p>\n<p style=\"text-align:left;\">Les foires hebdomadaires pour l\u2019approvisionnement en denr\u00e9es et les zones de p\u00e2turages constituent un point de guet-apens pour tuer ou arr\u00eater les civils. Aucune organisation ni de droits de l\u2019homme, ni humanitaire n\u2019ose s\u2019aventurer pour savoir ce qui se passe exactement o\u00f9 tenter d\u2019apporter de l\u2019aide. L\u2019asphyxie est totale et tr\u00e8s accentu\u00e9e pour tuer physiquement les populations par les armes ou les tuer en les affamant dans l\u2019objectif d\u2019effacer leur pr\u00e9sence sur leur territoire, \u00e0 d\u00e9faut la r\u00e9duire significativement. Ainsi, l\u2019on peut peindre la situation de violations de droits de l\u2019homme en Azawad.<\/p>\n<p style=\"text-align:left;\">Durant le mois de f\u00e9vrier 2024, l\u2019Association Kal Akal a pu recenser les violations commises par Wagner et FAMa par cat\u00e9gorie. Elles concernent principalement le territoire et les populations de l\u2019Azawad, mais couvrent en partie, selon les informations mises \u00e0 notre disposition le centre du pays avec comme cible, la communaut\u00e9 Peuh.<\/p>\n<p style=\"text-align:left;\"> : <b>Au titre de <\/b><\/p>\n<p style=\"text-align:left;\">Ex\u00e9cutions et massacres : 117 civils dont 2 jeunes Talib\u00e9s tu\u00e9s devant le centre Al Irchad de Kidal,14 civils suite \u00e0 une frappe de Wagner- FAMa contre un village peulh du nom de konokassi dans le cercle de Niono lors d\u2019un mariage, plusieurs tu\u00e9s. Le jour suivant alors que les villageois enterrent leurs morts d\u2019autres frappent les ont cibl\u00e9s faisant encore des morts et des bless\u00e9s, ainsi qu\u2019un jeune tu\u00e9 suite \u00e0 une injection d\u2019une substance mortelle dans la zone de Tanaynayte \u00e0 Kidal.<\/p>\n<p style=\"text-align:left;\"><b>Arrestations et disparitions forc\u00e9es <\/b>: 72 cas av\u00e9r\u00e9s et confirm\u00e9s par les sources locales, notamment les parents des victimes ont \u00e9t\u00e9 enregistr\u00e9s don\u2019t le cas d\u2019Ahmad Ag Baye, infirmier en partance pour Tinzawatene don\u2019t les traces sont disparues depuis son arrestation. Plusieurs dizaines d\u2019autres cas d\u2019arrestations et des disparitions nous ont \u00e9t\u00e9 signal\u00e9s sans que l\u2019on puisse \u00eatre \u00e0 mesure de v\u00e9rifier les all\u00e9gations.<\/p>\n<p style=\"text-align:left;\"><b>Vols <\/b>: 5 cas de vol sont not\u00e9s portant sur le vol de carburant dans les r\u00e9gions de M\u00e9naka et de Kidal qu\u2019ils volent lors de leurs sorties pour le revendre sur le march\u00e9, des animaux \u00e0 Gao et de l\u2019argent \u00e0 Tin-ghardian. Des cas de vol se rapportant \u00e0 des bijoux des femmes et \u00e0 des pneus des v\u00e9hicules gar\u00e9s, des t\u00e9l\u00e9phones portables et un tricycle ont aussi \u00e9t\u00e9 enregistr\u00e9s dans la r\u00e9gion de Gao.<\/p>\n<p style=\"text-align:left;\"><b>Viols <\/b>: 3 cas de viol impliquant beaucoup des femmes ont \u00e9t\u00e9 rapport\u00e9s \u00e0 Kal Akal don\u2019t un \u00e0 diank\u00e9 dans le cercle de Niafunk\u00e9, un autre dans la zone de Gourma Rharous, o\u00f9 plusieurs femmes et filles seraient viol\u00e9es par le groupe Wagner et FAMa sous la conduite d\u2019un chef de Wagner qui serait nomm\u00e9 MIRONE, et enfin une fille serait viol\u00e9e dans la commune de Gab\u00e9ro, village de Traor\u00e9 par des hommes arm\u00e9s non identifi\u00e9s.<\/p>\n<p style=\"text-align:left;\"><b>Incendies et Pillages <\/b>: sur ce registre, unanimement au moins 9 cas sont signal\u00e9s, ils concernent entre autres l\u2019incendie de la mosqu\u00e9e de tahabanat, le pillage de la clinique m\u00e9dicale de tanaynayte, des boutiques \u00e0 Echel horo, Ingodiri, Tangara, Indelimane, Ibdakan, Djounhan, Dari, Tindirma\u2026<\/p>\n<p style=\"text-align:left;\">Outre, les incendies, les pillages et les vols, d\u2019\u00e9norme d\u00e9g\u00e2ts mat\u00e9riels sont caus\u00e9s par Wagner et FAMa. Ainsi, dans la nuit du 13 F\u00e9vrier des frappes de drone ont cibl\u00e9 \u00e0 Talhandak une cour de stockage d\u2019essence appartenant \u00e0 M. ASSABIT AG BAKRENE, un commer\u00e7ant, tout est parti en fum\u00e9e, en plus du bilan humain effroyable, le d\u00e9g\u00e2t mat\u00e9riel se chiffrerait \u00e0 plusieurs centaines de millions de FCFA.<\/p>\n<p style=\"text-align:left;\"><b>Bless\u00e9s <\/b>: au cours de leurs missions, Wagner et FAMa ont eu \u00e0 tirer aveuglement sur des campements habit\u00e9s, sur des forains ou sur des bergers derri\u00e8re leurs animaux. De ces actes criminels, il en a r\u00e9sult\u00e9 plusieurs bless\u00e9s don\u2019t certains handicap\u00e9s \u00e0 vie. Ils ont \u00e9galement tu\u00e9 beaucoup de b\u00e9tails en ouvrant sans discernement le feu sur des troupeaux d\u2019animaux, des fois Ils les tuent pour les emporter. Le dernier cas en date est celui d\u2019Aman Idarnen, Niafunk\u00e9 le 24 F\u00e9vrier o\u00f9 ils ont tu\u00e9 l\u2019\u00e9quivalent du contenu d\u2019un camion en bovins qu\u2019Ils ont emport\u00e9s.<\/p>\n<p style=\"text-align:left;\">RAPPORT N\u00b004\/AKA\/2024 P\u00e9riode : Mois de Mars.<\/p>\n<p style=\"text-align:left;\">A l\u2019Instar des mois pr\u00e9c\u00e9dents, le mois de mars se caract\u00e9rise par des violations des droits de l\u2019homme assez graves et inhumaines contre les populations civiles, leurs biens et leurs infrastructures sociales de base.<\/p>\n<p style=\"text-align:left;\">Les mercenaires Russes du Groupe Wagner employ\u00e9s par la junte Malienne au pouvoir accompagn\u00e9s de leurs \u00ab suppl\u00e9tifs \u00bb de l\u2019Arm\u00e9e Malienne sont les principaux auteurs de ces violations. Outre, ceux-ci, les groupes terroristes, participent en mati\u00e8re de violations des droits de l\u2019homme \u00e0 travers des assassinats cibl\u00e9s, des enl\u00e8vements et de vol de b\u00e9tail.<\/p>\n<p style=\"text-align:left;\">Les cibles des violations sont constitu\u00e9es principalement des Kal Tamachaght (Touareg),des Maures-Arabes, des Peulhs. Les infrastructures et les biens ne sont pas rest\u00e9s en marge.<\/p>\n<p style=\"text-align:left;\">Les violations vont des ex\u00e9cutions sommaires individuelles et\/ou collectives au vol des b\u00e9tails et autres biens en passant par la d\u00e9capitation et l\u2019exposition en public des t\u00eates tranch\u00e9es sur le corps pour faire r\u00e9gner un r\u00e9gime d\u2019horreur et de terreur pouvant affecter \u00e0 jamais les esprits.<\/p>\n<p style=\"text-align:left;\">Ces violations sont commises dans l\u2019ordre \u00e0 l\u2019aide de Les drones Bayraktar de fabrication Turque, constituent le plus grand lot en mati\u00e8re de massacre des civils et des infrastructures \u00e0 travers des   frappes  aveugles et criminelle <\/p>\n<p style=\"text-align:left;\"> : Les arrestations suivies d\u2019ex\u00e9cutions et souvent des d\u00e9capitations <\/p>\n<p style=\"text-align:left;\">Les bombardements contre des villages, des attroupements humains autour des points d\u2019eau ou des centres de sant\u00e9, des voyageurs, des forains, des bergers \u2026 ;<\/p>\n<p style=\"text-align:left;\">Des disparitions forc\u00e9es ;<\/p>\n<p style=\"text-align:left;\">Des vols ;<\/p>\n<p style=\"text-align:left;\">Des tentatives d\u2019atteinte \u00e0 la culture et \u00e0 l\u2019identit\u00e9 kal Tamachaght (Touareg), se manifestant par une campagne de suppression de Tifinagh (\u00e9criture autochtone des Touareg) et des dessins rupestres sur les rochers de l\u2019Adagh de Kidal ;<\/p>\n<p style=\"text-align:left;\">Les enl\u00e8vements ;<\/p>\n<p style=\"text-align:left;\">Les tortures ;<\/p>\n<p style=\"text-align:left;\">La politique Etatique de d\u00e9peuplement cibl\u00e9 et repeuplement planifi\u00e9 ;<\/p>\n<p style=\"text-align:left;\">Ainsi, durant le mois de Mars, le tableau de r\u00e9partition des violations des droits de l\u2019homme se pr\u00e9sente comme suit :<\/p>\n<p style=\"text-align:left;\">Massacres\/ex\u00e9cutions : au cours du mois de mars, l\u2019Association Kal Akal a pu comptabiliser au moins 65 civils tu\u00e9s don\u2019t la plupart suite aux frappes des drones Turques. Parmi ces victimes innocentes on note les cas les plus graves ci-apr\u00e8s : le 16\/3\/2024 : une frappe de drone sur le village d\u2019Amasrakad, Gao s\u2019est sold\u00e9e par au moins la mort de 13 civils don\u2019t 9 femmes parmi lesquelles une vieille de plus de 70 ans, la directrice du centre de sant\u00e9, des enfants et des adultes, 11 bless\u00e9s don\u2019t des cas graves et un v\u00e9hicule appartenant au CSCOM brul\u00e9. Dans la nuit du 22 au 23\/3\/2024 : une frappe de drone a cibl\u00e9 un regroupement des enfants talib\u00e9s (\u00e9l\u00e8ves coraniques) don\u2019t l\u2019\u00e2ge est compris entre 9 et 14 ans autour d\u2019un feu \u00e0 Douna Pen, r\u00e9gion de Koro , au moins 14 tu\u00e9s et plusieurs bless\u00e9s. Le 25\/3\/2024 : des sources proches de la victime ont confirm\u00e9 \u00e0 l\u2019Association Kal Akal la mort par torture au camp militaire de Tombouctou d\u2019un jeune adolescent du nom de Sidi Arby, pr\u00e9c\u00e9demment arr\u00eat\u00e9 avec son fr\u00e8re don\u2019t on ignore encore le sort.<\/p>\n<p style=\"text-align:left;\">Arrestations\/enl\u00e8vements : 66 cas ont \u00e9t\u00e9 signal\u00e9s don\u2019t celui du maire de Tidermene, YOUSSOUF AG DANDANE enlev\u00e9 chez lui \u00e0 M\u00e9naka par wagner-Fama dans la nuit du 20 au 21\/3\/2024. Il ya eu \u00e9galement le cas de 3 civils \u00e0 Kidal don\u2019t un handicap\u00e9 physique du nom de Bikka Ag Assiltane par wagner-fama le 26\/3\/2024.<\/p>\n<p style=\"text-align:left;\">Bless\u00e9s : 18 bless\u00e9s ont pu \u00eatre formellement point\u00e9s pour le mois de mars. Cependant, il y en a eu beaucoup qui ont \u00e9t\u00e9 signal\u00e9s \u00e0 Kal Akal sans que l\u2019on puisse \u00eatre \u00e0 mesure de verifier.<\/p>\n<p style=\"text-align:left;\">Pillages\/destructions \/Incendie : on enregistre principalement les cas suivants :<\/p>\n<p style=\"text-align:left;\">1. Le 10\/3\/2024 : plusieurs campements nomades ont \u00e9t\u00e9 incendi\u00e9s \u00e0 Egharghar,Kidal ;<\/p>\n<p style=\"text-align:left;\">2. Le 15\/3\/2024 : une bavure impliquant des transporteurs d\u2019essence s\u2019est sold\u00e9e outre la mort de 5 personnes, par l\u2019incendie\/dommages de 6 v\u00e9hicules avec toute leur cargaison, soit plusieurs centaines de millions de Fcfa en fum\u00e9e dans le secteur de Tabankorte ;<\/p>\n<p style=\"text-align:left;\">3. Le 16\/3\/2024 : campagne des destructions et des pillages des maisons \u00e0 l\u2019aide d\u2019engins lourds \u00e0 Tessalit et vol des plusieurs v\u00e9hicules et motos ;<\/p>\n<p style=\"text-align:left;\">4. Le 18-19\/3\/2024 : frappes de drone \u00e0 Zouera, Goundam avec 1 mort,3 bless\u00e9s et plusieurs commerces essouffl\u00e9s. Les d\u00e9g\u00e2ts sont estim\u00e9s \u00e0 plusieurs centaines des millions de francs cfa ;<\/p>\n<p style=\"text-align:left;\">5. Le 21\/3\/2024 : Gabero \u00e0 52km de Gao, les terroristes de l\u2019EIGS ont proc\u00e9d\u00e9 \u00e0 des pillages des boutiques, des maisons et de vol de beaucoup d\u2019animaux avant d\u2019ex\u00e9cuter un vieillard du nom d\u2019IDRISSA ALMADJISSA.<\/p>\n<p style=\"text-align:left;\">6. Le 29\/3\/2024 : frappe de drone contre un d\u00e9p\u00f4t de carburant appartenant \u00e0 des commer\u00e7ants \u00e0 combo, cercle de Rharous, 1 mort,2 bless\u00e9s et des dommages mat\u00e9riels importants ;<\/p>\n<p style=\"text-align:left;\">Vol : dans cette rubrique, l\u2019Association Kal Akal a pu documenter les cas les plus flagrants et irr\u00e9futables racont\u00e9s par les victimes elles-m\u00eames et les t\u00e9moins de la sc\u00e8ne sur place.<\/p>\n<p style=\"text-align:left;\">Ainsi, le 15\/3\/2024 : une patrouille de wagner-fama a sillonn\u00e9 certaines localit\u00e9s relevant du cercle de Tidermene dans la r\u00e9gion de Menaka, elle a vol\u00e9\/confisqu\u00e9 de l\u2019argent avec 6 personnes pour une somme totale d\u2019un million quatre cent trente-cinq milles (1.435.000F) se r\u00e9partissant ainsi qu\u2019il suit :<\/p>\n<p style=\"text-align:left;\">Vol de 400000F appartenant \u00e0 un boucher ;<\/p>\n<p style=\"text-align:left;\">Vol de 100000F appartenant \u00e0 un berger ;<\/p>\n<p style=\"text-align:left;\">Vol de 285000 d\u2019un maraicher ;<\/p>\n<p style=\"text-align:left;\">Vol de 400000 d\u2019un commer\u00e7ant ;<\/p>\n<p style=\"text-align:left;\">Vol de 150000 d\u2019un maraicher ;<\/p>\n<p style=\"text-align:left;\">Vol de 100000 d\u2019un maraicher<\/p>\n<p style=\"text-align:left;\">16\/3\/2024 : en marge de leur campagne des destructions et des pillages des maisons \u00e0 l\u2019aide d\u2019engins lourds \u00e0 Tessalit, Wagner et ses suppl\u00e9tifs Famas ont proc\u00e9d\u00e9 au vol des plusieurs v\u00e9hicules et motos ;<\/p>\n<p style=\"text-align:left;\">RAPPORT N\u00b005\/AKA\/2024 P\u00e9riode : Mois d\u2019Avril<\/p>\n<p style=\"text-align:left;\">Les auteurs des violations des droits de l\u2019homme sont, dans l\u2019ordre de l\u2019ampleur et de la gravit\u00e9 des actes pos\u00e9s wagner-fama, puis l\u2019EIGS et le JNIM.<\/p>\n<p style=\"text-align:left;\">Elles sont commises au moyen de :<\/p>\n<p style=\"text-align:left;\">\u27a2 Drones Bayraktar de fabrication Turque ;<\/p>\n<p style=\"text-align:left;\">\u27a2 Avions de chasse ;<\/p>\n<p style=\"text-align:left;\">\u27a2 H\u00e9licopt\u00e8res ;<\/p>\n<p style=\"text-align:left;\">\u27a2 Artillerie \u00e0 travers des bombardements aveugles ;<\/p>\n<p style=\"text-align:left;\">\u27a2 Ex\u00e9cutions sommaires \u00e0 l\u2019aide des armes l\u00e9g\u00e8res ;<\/p>\n<p style=\"text-align:left;\">\u27a2 D\u00e9capitations avec des armes blanches ;<\/p>\n<p style=\"text-align:left;\">Dans le courant du mois d\u2019Avril, Kal Akal a pu recueillir, au titre de :<\/p>\n<p style=\"text-align:left;\">1.\tMassacres\/ex\u00e9cutions : 114 cas portant exclusivement sur des civils d\u00e9sarm\u00e9s en Azawad et dans le centre du Mali. Les cas les plus embl\u00e9matiques furent l\u2019ex\u00e9cution sommaire de 9 civils \u00e0 Adanan Nakafar, Anafif le13.04.2024 par wagner-fama et de 42 civils suite \u00e0 une vaste campagne meurtri\u00e8re men\u00e9e entre le 20 et 25 Avril dans des villages relevant des cercles de Niafunk\u00e9 et de Youwarou sur la rive droite du fleuve Niger.<\/p>\n<p style=\"text-align:left;\">Il ya eu \u00e9galement le cas de Mohamed Ag Said, gardien de l\u2019Assembl\u00e9e r\u00e9gionale de Kidal et de Mohamed Ag Abah, enseignant \u00e0 la Medersa du quartier de l\u2019aviation don\u2019t les corps sans vie ont \u00e9t\u00e9 retrouv\u00e9s pr\u00e8s d\u2019Intidban. On note dans ce registre macabre une frappe de drone \u00e0 Hassi loumazil, secteur de Zarho,120 km au Nord de ber, tuant une femme et ses deux enfants don\u2019t un nourrisson le 07\/04\/2024.<\/p>\n<p style=\"text-align:left;\">2.\tArrestations\/disparitions : 37 cas ont \u00e9t\u00e9 signal\u00e9s par nos relais locaux, don\u2019t le cas de 3 vieillards d\u2019environs 80 ans arr\u00eat\u00e9s \u00e0 Egar-gar, Tessalit lors d\u2019une sortie de wagner-fama dans la zone. L\u2019Association a pu se procurer de leur vid\u00e9o d\u2019arrestation. Deux civils, g\u00e9rants d\u2019une pharmacie \u00e0 kidal aussi ont \u00e9t\u00e9 signal\u00e9s. Le 09.04.2024 :la disparition de Hamzata Ag Mahmoud a \u00e9t\u00e9 signal\u00e9e alors qu\u2019il revenait de l\u2019Alg\u00e9rie.<\/p>\n<p style=\"text-align:left;\">3.\tTortures et blessures : plusieurs cas de blessures nous ont \u00e9t\u00e9 rapport\u00e9s sans \u00eatre \u00e0 mesure de les rapporter de fa\u00e7on quantifi\u00e9e. Les cas de tortures concernent principalement Saboghak\/Tessalit, Toulabela, dans le mema, Gabero, hombori, Garib\u2026et impliquent wagner-fama et EIGS.<\/p>\n<p style=\"text-align:left;\">4.\tVol : quatre (4) v\u00e9hicules ont \u00e9t\u00e9 vol\u00e9s dans la zone d\u2019Achibago, du b\u00e9tail non quantifi\u00e9 et de motocyclistes ont \u00e9t\u00e9 vol\u00e9s \u00e0 bara\/Ansongo et des t\u00e9l\u00e9phones et argent vol\u00e9s \u00e0 Tedjerert\/Alata suite \u00e0 une incursion de l\u2019EIGS. Il ya eu aussi plus de cinq cent (500) t\u00eates de bovins vol\u00e9s \u00e0 Diankabou\/Koro par des hommes de Wagner-Fama.<\/p>\n<p style=\"text-align:left;\">5.\tDestructions\/Pillages et autres dommages mat\u00e9riels : nous avons pu suivre les cas suivants :<\/p>\n<p style=\"text-align:left;\">\u27a2 Destruction \u00e0 l\u2019aide des bulldozers des habitations et des infrastructures \u00e0 Saboghak, Tessalit, la destruction d\u2019un ch\u00e2teau, des habitations et la mort des camelins, des \u00e2nes, des ovins \u00e0 Toulabella dans le mema.<\/p>\n<p style=\"text-align:left;\">\u27a2 Kal Akal a not\u00e9 \u00e9galement la mort d\u2019un fennec suite \u00e0 une frappe de drone r\u00e9alis\u00e9e entre le 02 et le 03 \/04\/2024 \u00e0 Al ourch, 45km au Nord de Larnab. Sur un tout autre registre, Kal Akal a \u00e9t\u00e9 inform\u00e9 de la d\u00e9cision de wagner-fama de forcer tous les d\u00e9plac\u00e9s nomades dans les p\u00e9riph\u00e9ries de Tombouctou, Niafunk\u00e9 de rallier les grandes agglom\u00e9rations sous peine de cibles militaires.<\/p>\n<p style=\"text-align:left;\">Par ailleurs, apr\u00e8s la production du rapport mensuel de mars, l\u2019Association Kal Akal a pu se procurer des informations relatives \u00e0 87 cas d\u2019ex\u00e9cutions des civils op\u00e9r\u00e9s dans les zones de Boni, Koro, Niono et de 6 cas d\u2019arrestations par Wagner-Fama.<\/p>\n<p style=\"text-align:left;\">C\u2019est dans ce cadre et conform\u00e9ment \u00e0 sa ligne directrice consistant \u00e0 ne rien laisser passer par les mailles du filet que Kal Akal a pu se procurer la vid\u00e9o et le t\u00e9moignage d\u2019une dame don\u2019t le mari a \u00e9t\u00e9 enlev\u00e9 par Wagner-Fama en plein c\u0153ur de Tombouctou \u00e0 travers un tableau r\u00e9capitulatif des renseignements recueillis. Depuis ce jour, il demeure myst\u00e9rieusement introuvable.<\/p>\n<p style=\"text-align:left;\">Pour ne rien arranger dans les souffrances des populations, en plus des violations de droits de l\u2019homme se manifestant par des ex\u00e9cutions, des vols, des arrestations\u2026s\u2019ajoutent des blocus impos\u00e9s par les groupes terroristes notamment sur Tombouctou, Tessit, M\u00e9naka\u2026mettant les populations dans une situation de psychose et de pr\u00e9carit\u00e9 assez \u00e9lev\u00e9e.<\/p>\n<p style=\"text-align:left;\">Conclusion :<\/p>\n<p style=\"text-align:left;\">L\u2019Association Kal Akal, conform\u00e9ment \u00e0 sa mission de d\u00e9fense des droits humains du peuple de l\u2019Azawad condamne fermement ces violations inhumaines, injustifi\u00e9es et r\u00e9p\u00e9t\u00e9es commises par des mercenaires internationaux blacklist\u00e9s par les Nations Unies et employ\u00e9s par un Etat, via la junte de Bamako, signataire de tous les textes relatifs \u00e0 la protection des droits humains.<\/p>\n<p style=\"text-align:left;\">Elle d\u00e9nonce le silence assourdissant, apparent\u00e9 \u00e0 une indiff\u00e9rence de la part de la communaut\u00e9 internationale, principalement les organisations des droits de l\u2019homme devant une \u00e9puration ethnique cibl\u00e9e \u00e0 l\u2019image des celles du Rwanda, du Soudan\u2026perp\u00e9tr\u00e9e \u00e0 ciel ouvert contre un peuple autochtone sur ses terres.<\/p>\n<p style=\"text-align:left;\">L\u2019Association Kal Akal lance un appel pressant aux ONGs des droits de l\u2019homme \u00e0 s\u2019int\u00e9resser vivement et dans l\u2019urgence \u00e0 ce dossier pour garantir l\u2019impunit\u00e9 aux criminels.<\/p>\n<p style=\"text-align:left;\">L\u2019Association Kal Akal tend sa main \u00e0 toutes les personnes, acteurs, organisations \u00e9pris de paix et de justice et d\u00e9sireux d\u2019apporter leur pierre pour aider \u00e0 faire la lumi\u00e8re sur les violations des droits du peuple de l\u2019Azawad \u00e0 travers un droit de poursuite contre les auteurs, coauteurs et complices des crimes.<\/p>\n<p style=\"text-align:left;\">Association Kal Akal,<\/p>\n<p style=\"text-align:left;\">Tinzawaten kidal<\/p>\n","protected":false},"excerpt":{"rendered":"<p>Destinataires : Organisations internationales des droits de l\u2019homme, m\u00e9dias, analystes, chercheurs ind\u00e9pendants, Institutions internationales et responsables politiques\u2026 Mesdames et Messieurs, Membre de la soci\u00e9t\u00e9 civile, don\u2019t le si\u00e8ge social sis&hellip;<\/p>\n","protected":false},"author":1,"featured_media":13,"comment_status":"open","ping_status":"open","sticky":false,"template":"","format":"standard","meta":{"_jetpack_memberships_contains_paid_content":false,"footnotes":""},"categories":[2],"tags":[],"class_list":["post-40","post","type-post","status-publish","format-standard","has-post-thumbnail","hentry","category-lettre"],"yoast_head":"<!-- This site is optimized with the Yoast SEO plugin v27.5 - https:\/\/yoast.com\/product\/yoast-seo-wordpress\/ -->\n<title>Objet : Lettre ouverte de d\u00e9nonciation relatives aux graves violations des droits de l\u2019homme dans le sillage du conflit Azawado-Malien - Association Kal Akal<\/title>\n<meta name=\"robots\" content=\"index, follow, max-snippet:-1, max-image-preview:large, max-video-preview:-1\" \/>\n<link rel=\"canonical\" href=\"https:\/\/kal-akal.com\/?p=40\" \/>\n<meta property=\"og:locale\" content=\"fr_FR\" \/>\n<meta property=\"og:type\" content=\"article\" \/>\n<meta property=\"og:title\" content=\"Objet : Lettre ouverte de d\u00e9nonciation relatives aux graves violations des droits de l\u2019homme dans le sillage du conflit Azawado-Malien - Association Kal Akal\" \/>\n<meta property=\"og:description\" content=\"Destinataires : Organisations internationales des droits de l\u2019homme, m\u00e9dias, analystes, chercheurs ind\u00e9pendants, Institutions internationales et responsables politiques\u2026 Mesdames et Messieurs, Membre de la soci\u00e9t\u00e9 civile, don\u2019t le si\u00e8ge social sis&hellip;\" \/>\n<meta property=\"og:url\" content=\"https:\/\/kal-akal.com\/?p=40\" \/>\n<meta property=\"og:site_name\" content=\"Association Kal Akal\" \/>\n<meta property=\"article:published_time\" content=\"2024-05-07T22:38:00+00:00\" \/>\n<meta property=\"article:modified_time\" content=\"2024-06-14T21:14:38+00:00\" \/>\n<meta property=\"og:image\" content=\"https:\/\/kal-akal.com\/wp-content\/uploads\/2024\/06\/10005516961497368929085544548.png\" \/>\n\t<meta property=\"og:image:width\" content=\"1080\" \/>\n\t<meta property=\"og:image:height\" content=\"1080\" \/>\n\t<meta property=\"og:image:type\" content=\"image\/png\" \/>\n<meta name=\"author\" content=\"\u0639\u0628\u062f\u0627\u0644\u0644\u06472024\" \/>\n<meta name=\"twitter:card\" content=\"summary_large_image\" \/>\n<meta name=\"twitter:label1\" content=\"\u00c9crit par\" \/>\n\t<meta name=\"twitter:data1\" content=\"\u0639\u0628\u062f\u0627\u0644\u0644\u06472024\" \/>\n\t<meta name=\"twitter:label2\" content=\"Dur\u00e9e de lecture estim\u00e9e\" \/>\n\t<meta name=\"twitter:data2\" content=\"22 minutes\" \/>\n<script type=\"application\/ld+json\" class=\"yoast-schema-graph\">{\"@context\":\"https:\\\/\\\/schema.org\",\"@graph\":[{\"@type\":\"Article\",\"@id\":\"https:\\\/\\\/kal-akal.com\\\/?p=40#article\",\"isPartOf\":{\"@id\":\"https:\\\/\\\/kal-akal.com\\\/?p=40\"},\"author\":{\"name\":\"\u0639\u0628\u062f\u0627\u0644\u0644\u06472024\",\"@id\":\"https:\\\/\\\/kal-akal.com\\\/#\\\/schema\\\/person\\\/38fee61aab36e307bd27480803963845\"},\"headline\":\"Objet : Lettre ouverte de d\u00e9nonciation relatives aux graves violations des droits de l\u2019homme dans le sillage du conflit Azawado-Malien\",\"datePublished\":\"2024-05-07T22:38:00+00:00\",\"dateModified\":\"2024-06-14T21:14:38+00:00\",\"mainEntityOfPage\":{\"@id\":\"https:\\\/\\\/kal-akal.com\\\/?p=40\"},\"wordCount\":4373,\"commentCount\":0,\"publisher\":{\"@id\":\"https:\\\/\\\/kal-akal.com\\\/#organization\"},\"image\":{\"@id\":\"https:\\\/\\\/kal-akal.com\\\/?p=40#primaryimage\"},\"thumbnailUrl\":\"https:\\\/\\\/kal-akal.com\\\/wp-content\\\/uploads\\\/2024\\\/06\\\/10005516961497368929085544548.png\",\"articleSection\":[\"lettre\"],\"inLanguage\":\"fr-FR\",\"potentialAction\":[{\"@type\":\"CommentAction\",\"name\":\"Comment\",\"target\":[\"https:\\\/\\\/kal-akal.com\\\/?p=40#respond\"]}]},{\"@type\":\"WebPage\",\"@id\":\"https:\\\/\\\/kal-akal.com\\\/?p=40\",\"url\":\"https:\\\/\\\/kal-akal.com\\\/?p=40\",\"name\":\"Objet : Lettre ouverte de d\u00e9nonciation relatives aux graves violations des droits de l\u2019homme dans le sillage du conflit Azawado-Malien - Association Kal Akal\",\"isPartOf\":{\"@id\":\"https:\\\/\\\/kal-akal.com\\\/#website\"},\"primaryImageOfPage\":{\"@id\":\"https:\\\/\\\/kal-akal.com\\\/?p=40#primaryimage\"},\"image\":{\"@id\":\"https:\\\/\\\/kal-akal.com\\\/?p=40#primaryimage\"},\"thumbnailUrl\":\"https:\\\/\\\/kal-akal.com\\\/wp-content\\\/uploads\\\/2024\\\/06\\\/10005516961497368929085544548.png\",\"datePublished\":\"2024-05-07T22:38:00+00:00\",\"dateModified\":\"2024-06-14T21:14:38+00:00\",\"breadcrumb\":{\"@id\":\"https:\\\/\\\/kal-akal.com\\\/?p=40#breadcrumb\"},\"inLanguage\":\"fr-FR\",\"potentialAction\":[{\"@type\":\"ReadAction\",\"target\":[\"https:\\\/\\\/kal-akal.com\\\/?p=40\"]}]},{\"@type\":\"ImageObject\",\"inLanguage\":\"fr-FR\",\"@id\":\"https:\\\/\\\/kal-akal.com\\\/?p=40#primaryimage\",\"url\":\"https:\\\/\\\/kal-akal.com\\\/wp-content\\\/uploads\\\/2024\\\/06\\\/10005516961497368929085544548.png\",\"contentUrl\":\"https:\\\/\\\/kal-akal.com\\\/wp-content\\\/uploads\\\/2024\\\/06\\\/10005516961497368929085544548.png\",\"width\":1080,\"height\":1080},{\"@type\":\"BreadcrumbList\",\"@id\":\"https:\\\/\\\/kal-akal.com\\\/?p=40#breadcrumb\",\"itemListElement\":[{\"@type\":\"ListItem\",\"position\":1,\"name\":\"Home\",\"item\":\"https:\\\/\\\/kal-akal.com\\\/\"},{\"@type\":\"ListItem\",\"position\":2,\"name\":\"Objet : Lettre ouverte de d\u00e9nonciation relatives aux graves violations des droits de l\u2019homme dans le sillage du conflit Azawado-Malien\"}]},{\"@type\":\"WebSite\",\"@id\":\"https:\\\/\\\/kal-akal.com\\\/#website\",\"url\":\"https:\\\/\\\/kal-akal.com\\\/\",\"name\":\"Association Kal Akal\",\"description\":\"l\u2019Association Kal Akal est un Observatoire Citoyen de Veille et de D\u00e9fense des Droits Humains du Peuple de l\u2019Azawad.\",\"publisher\":{\"@id\":\"https:\\\/\\\/kal-akal.com\\\/#organization\"},\"potentialAction\":[{\"@type\":\"SearchAction\",\"target\":{\"@type\":\"EntryPoint\",\"urlTemplate\":\"https:\\\/\\\/kal-akal.com\\\/?s={search_term_string}\"},\"query-input\":{\"@type\":\"PropertyValueSpecification\",\"valueRequired\":true,\"valueName\":\"search_term_string\"}}],\"inLanguage\":\"fr-FR\"},{\"@type\":\"Organization\",\"@id\":\"https:\\\/\\\/kal-akal.com\\\/#organization\",\"name\":\"Association Kal Akal\",\"url\":\"https:\\\/\\\/kal-akal.com\\\/\",\"logo\":{\"@type\":\"ImageObject\",\"inLanguage\":\"fr-FR\",\"@id\":\"https:\\\/\\\/kal-akal.com\\\/#\\\/schema\\\/logo\\\/image\\\/\",\"url\":\"https:\\\/\\\/kal-akal.com\\\/wp-content\\\/uploads\\\/2024\\\/06\\\/cropped-\u062c\u0645\u0639\u064a\u0629-\u0643\u0644-\u0623\u0643\u0627\u0644.png\",\"contentUrl\":\"https:\\\/\\\/kal-akal.com\\\/wp-content\\\/uploads\\\/2024\\\/06\\\/cropped-\u062c\u0645\u0639\u064a\u0629-\u0643\u0644-\u0623\u0643\u0627\u0644.png\",\"width\":200,\"height\":40,\"caption\":\"Association Kal Akal\"},\"image\":{\"@id\":\"https:\\\/\\\/kal-akal.com\\\/#\\\/schema\\\/logo\\\/image\\\/\"}},{\"@type\":\"Person\",\"@id\":\"https:\\\/\\\/kal-akal.com\\\/#\\\/schema\\\/person\\\/38fee61aab36e307bd27480803963845\",\"name\":\"\u0639\u0628\u062f\u0627\u0644\u0644\u06472024\",\"image\":{\"@type\":\"ImageObject\",\"inLanguage\":\"fr-FR\",\"@id\":\"https:\\\/\\\/secure.gravatar.com\\\/avatar\\\/3c56ec666afc88ba8e609c1f64df8546bde100acf43533800f1a1368f1fb350c?s=96&d=mm&r=g\",\"url\":\"https:\\\/\\\/secure.gravatar.com\\\/avatar\\\/3c56ec666afc88ba8e609c1f64df8546bde100acf43533800f1a1368f1fb350c?s=96&d=mm&r=g\",\"contentUrl\":\"https:\\\/\\\/secure.gravatar.com\\\/avatar\\\/3c56ec666afc88ba8e609c1f64df8546bde100acf43533800f1a1368f1fb350c?s=96&d=mm&r=g\",\"caption\":\"\u0639\u0628\u062f\u0627\u0644\u0644\u06472024\"},\"sameAs\":[\"http:\\\/\\\/kal-akal.com\"],\"url\":\"https:\\\/\\\/kal-akal.com\\\/?author=1\"}]}<\/script>\n<!-- \/ Yoast SEO plugin. -->","yoast_head_json":{"title":"Objet : Lettre ouverte de d\u00e9nonciation relatives aux graves violations des droits de l\u2019homme dans le sillage du conflit Azawado-Malien - Association Kal Akal","robots":{"index":"index","follow":"follow","max-snippet":"max-snippet:-1","max-image-preview":"max-image-preview:large","max-video-preview":"max-video-preview:-1"},"canonical":"https:\/\/kal-akal.com\/?p=40","og_locale":"fr_FR","og_type":"article","og_title":"Objet : Lettre ouverte de d\u00e9nonciation relatives aux graves violations des droits de l\u2019homme dans le sillage du conflit Azawado-Malien - Association Kal Akal","og_description":"Destinataires : Organisations internationales des droits de l\u2019homme, m\u00e9dias, analystes, chercheurs ind\u00e9pendants, Institutions internationales et responsables politiques\u2026 Mesdames et Messieurs, Membre de la soci\u00e9t\u00e9 civile, don\u2019t le si\u00e8ge social sis&hellip;","og_url":"https:\/\/kal-akal.com\/?p=40","og_site_name":"Association Kal Akal","article_published_time":"2024-05-07T22:38:00+00:00","article_modified_time":"2024-06-14T21:14:38+00:00","og_image":[{"width":1080,"height":1080,"url":"https:\/\/kal-akal.com\/wp-content\/uploads\/2024\/06\/10005516961497368929085544548.png","type":"image\/png"}],"author":"\u0639\u0628\u062f\u0627\u0644\u0644\u06472024","twitter_card":"summary_large_image","twitter_misc":{"\u00c9crit par":"\u0639\u0628\u062f\u0627\u0644\u0644\u06472024","Dur\u00e9e de lecture estim\u00e9e":"22 minutes"},"schema":{"@context":"https:\/\/schema.org","@graph":[{"@type":"Article","@id":"https:\/\/kal-akal.com\/?p=40#article","isPartOf":{"@id":"https:\/\/kal-akal.com\/?p=40"},"author":{"name":"\u0639\u0628\u062f\u0627\u0644\u0644\u06472024","@id":"https:\/\/kal-akal.com\/#\/schema\/person\/38fee61aab36e307bd27480803963845"},"headline":"Objet : Lettre ouverte de d\u00e9nonciation relatives aux graves violations des droits de l\u2019homme dans le sillage du conflit Azawado-Malien","datePublished":"2024-05-07T22:38:00+00:00","dateModified":"2024-06-14T21:14:38+00:00","mainEntityOfPage":{"@id":"https:\/\/kal-akal.com\/?p=40"},"wordCount":4373,"commentCount":0,"publisher":{"@id":"https:\/\/kal-akal.com\/#organization"},"image":{"@id":"https:\/\/kal-akal.com\/?p=40#primaryimage"},"thumbnailUrl":"https:\/\/kal-akal.com\/wp-content\/uploads\/2024\/06\/10005516961497368929085544548.png","articleSection":["lettre"],"inLanguage":"fr-FR","potentialAction":[{"@type":"CommentAction","name":"Comment","target":["https:\/\/kal-akal.com\/?p=40#respond"]}]},{"@type":"WebPage","@id":"https:\/\/kal-akal.com\/?p=40","url":"https:\/\/kal-akal.com\/?p=40","name":"Objet : Lettre ouverte de d\u00e9nonciation relatives aux graves violations des droits de l\u2019homme dans le sillage du conflit Azawado-Malien - Association Kal Akal","isPartOf":{"@id":"https:\/\/kal-akal.com\/#website"},"primaryImageOfPage":{"@id":"https:\/\/kal-akal.com\/?p=40#primaryimage"},"image":{"@id":"https:\/\/kal-akal.com\/?p=40#primaryimage"},"thumbnailUrl":"https:\/\/kal-akal.com\/wp-content\/uploads\/2024\/06\/10005516961497368929085544548.png","datePublished":"2024-05-07T22:38:00+00:00","dateModified":"2024-06-14T21:14:38+00:00","breadcrumb":{"@id":"https:\/\/kal-akal.com\/?p=40#breadcrumb"},"inLanguage":"fr-FR","potentialAction":[{"@type":"ReadAction","target":["https:\/\/kal-akal.com\/?p=40"]}]},{"@type":"ImageObject","inLanguage":"fr-FR","@id":"https:\/\/kal-akal.com\/?p=40#primaryimage","url":"https:\/\/kal-akal.com\/wp-content\/uploads\/2024\/06\/10005516961497368929085544548.png","contentUrl":"https:\/\/kal-akal.com\/wp-content\/uploads\/2024\/06\/10005516961497368929085544548.png","width":1080,"height":1080},{"@type":"BreadcrumbList","@id":"https:\/\/kal-akal.com\/?p=40#breadcrumb","itemListElement":[{"@type":"ListItem","position":1,"name":"Home","item":"https:\/\/kal-akal.com\/"},{"@type":"ListItem","position":2,"name":"Objet : Lettre ouverte de d\u00e9nonciation relatives aux graves violations des droits de l\u2019homme dans le sillage du conflit Azawado-Malien"}]},{"@type":"WebSite","@id":"https:\/\/kal-akal.com\/#website","url":"https:\/\/kal-akal.com\/","name":"Association Kal Akal","description":"l\u2019Association Kal Akal est un Observatoire Citoyen de Veille et de D\u00e9fense des Droits Humains du Peuple de l\u2019Azawad.","publisher":{"@id":"https:\/\/kal-akal.com\/#organization"},"potentialAction":[{"@type":"SearchAction","target":{"@type":"EntryPoint","urlTemplate":"https:\/\/kal-akal.com\/?s={search_term_string}"},"query-input":{"@type":"PropertyValueSpecification","valueRequired":true,"valueName":"search_term_string"}}],"inLanguage":"fr-FR"},{"@type":"Organization","@id":"https:\/\/kal-akal.com\/#organization","name":"Association Kal Akal","url":"https:\/\/kal-akal.com\/","logo":{"@type":"ImageObject","inLanguage":"fr-FR","@id":"https:\/\/kal-akal.com\/#\/schema\/logo\/image\/","url":"https:\/\/kal-akal.com\/wp-content\/uploads\/2024\/06\/cropped-\u062c\u0645\u0639\u064a\u0629-\u0643\u0644-\u0623\u0643\u0627\u0644.png","contentUrl":"https:\/\/kal-akal.com\/wp-content\/uploads\/2024\/06\/cropped-\u062c\u0645\u0639\u064a\u0629-\u0643\u0644-\u0623\u0643\u0627\u0644.png","width":200,"height":40,"caption":"Association Kal Akal"},"image":{"@id":"https:\/\/kal-akal.com\/#\/schema\/logo\/image\/"}},{"@type":"Person","@id":"https:\/\/kal-akal.com\/#\/schema\/person\/38fee61aab36e307bd27480803963845","name":"\u0639\u0628\u062f\u0627\u0644\u0644\u06472024","image":{"@type":"ImageObject","inLanguage":"fr-FR","@id":"https:\/\/secure.gravatar.com\/avatar\/3c56ec666afc88ba8e609c1f64df8546bde100acf43533800f1a1368f1fb350c?s=96&d=mm&r=g","url":"https:\/\/secure.gravatar.com\/avatar\/3c56ec666afc88ba8e609c1f64df8546bde100acf43533800f1a1368f1fb350c?s=96&d=mm&r=g","contentUrl":"https:\/\/secure.gravatar.com\/avatar\/3c56ec666afc88ba8e609c1f64df8546bde100acf43533800f1a1368f1fb350c?s=96&d=mm&r=g","caption":"\u0639\u0628\u062f\u0627\u0644\u0644\u06472024"},"sameAs":["http:\/\/kal-akal.com"],"url":"https:\/\/kal-akal.com\/?author=1"}]}},"jetpack_featured_media_url":"https:\/\/kal-akal.com\/wp-content\/uploads\/2024\/06\/10005516961497368929085544548.png","jetpack_sharing_enabled":true,"_links":{"self":[{"href":"https:\/\/kal-akal.com\/index.php?rest_route=\/wp\/v2\/posts\/40","targetHints":{"allow":["GET"]}}],"collection":[{"href":"https:\/\/kal-akal.com\/index.php?rest_route=\/wp\/v2\/posts"}],"about":[{"href":"https:\/\/kal-akal.com\/index.php?rest_route=\/wp\/v2\/types\/post"}],"author":[{"embeddable":true,"href":"https:\/\/kal-akal.com\/index.php?rest_route=\/wp\/v2\/users\/1"}],"replies":[{"embeddable":true,"href":"https:\/\/kal-akal.com\/index.php?rest_route=%2Fwp%2Fv2%2Fcomments&post=40"}],"version-history":[{"count":1,"href":"https:\/\/kal-akal.com\/index.php?rest_route=\/wp\/v2\/posts\/40\/revisions"}],"predecessor-version":[{"id":45,"href":"https:\/\/kal-akal.com\/index.php?rest_route=\/wp\/v2\/posts\/40\/revisions\/45"}],"wp:featuredmedia":[{"embeddable":true,"href":"https:\/\/kal-akal.com\/index.php?rest_route=\/wp\/v2\/media\/13"}],"wp:attachment":[{"href":"https:\/\/kal-akal.com\/index.php?rest_route=%2Fwp%2Fv2%2Fmedia&parent=40"}],"wp:term":[{"taxonomy":"category","embeddable":true,"href":"https:\/\/kal-akal.com\/index.php?rest_route=%2Fwp%2Fv2%2Fcategories&post=40"},{"taxonomy":"post_tag","embeddable":true,"href":"https:\/\/kal-akal.com\/index.php?rest_route=%2Fwp%2Fv2%2Ftags&post=40"}],"curies":[{"name":"wp","href":"https:\/\/api.w.org\/{rel}","templated":true}]}}