{"id":417,"date":"2025-02-01T10:43:57","date_gmt":"2025-02-01T10:43:57","guid":{"rendered":"http:\/\/kal-akal.com\/?p=417"},"modified":"2025-02-01T10:43:59","modified_gmt":"2025-02-01T10:43:59","slug":"kal-akal-4","status":"publish","type":"post","link":"https:\/\/kal-akal.com\/?p=417","title":{"rendered":"Rapport de Janvier 2025, sur les violations des Droits Humains dans l&rsquo;Azawad."},"content":{"rendered":"\n<figure class=\"wp-block-image size-full\"><img loading=\"lazy\" decoding=\"async\" width=\"400\" height=\"400\" src=\"http:\/\/kal-akal.com\/wp-content\/uploads\/2025\/01\/20241231_235244.jpg\" alt=\"\" class=\"wp-image-389\" srcset=\"https:\/\/kal-akal.com\/wp-content\/uploads\/2025\/01\/20241231_235244.jpg 400w, https:\/\/kal-akal.com\/wp-content\/uploads\/2025\/01\/20241231_235244-300x300.jpg 300w, https:\/\/kal-akal.com\/wp-content\/uploads\/2025\/01\/20241231_235244-150x150.jpg 150w\" sizes=\"auto, (max-width: 400px) 100vw, 400px\" \/><\/figure>\n\n\n\n<p><strong>OBSERVATOIRE DE VEILLE CITOYENNE POUR LA DEFENSE DES DROITS HUMAINS DU PEUPLE DE L\u2019AZAWAD, \u00ab&nbsp;ASSOCIATION KAL AKAL&nbsp;\u00bb<\/strong><\/p>\n\n\n\n<p><strong><u>RAPPORT N\u00b001\/AKA\/2025<\/u><\/strong><\/p>\n\n\n\n<p><strong><u>P\u00e9riode<\/u><\/strong><strong>&nbsp;: Mois de Janvier<\/strong><\/p>\n\n\n\n<p><strong><u>Date<\/u><\/strong><strong>&nbsp;: le 1<sup>er<\/sup> &nbsp;F\u00e9vrier 2025<\/strong><\/p>\n\n\n\n<p><strong><u>Introduction<\/u><\/strong><strong>&nbsp;:<\/strong><\/p>\n\n\n\n<p>L\u2019association Kal Akal est une organisation locale de la soci\u00e9t\u00e9 civile d\u00e9di\u00e9e \u00e0 la d\u00e9fense des droits humains du peuple de l\u2019Azawad. Elle a un but non lucratif et vise entre autres objectifs, la promotion de l\u2019\u00e9ducation, la pr\u00e9servation du patrimoine culturel, la coh\u00e9sion sociale, la d\u00e9fense des droits humains\u2026<\/p>\n\n\n\n<p>Le si\u00e8ge social de kal Akal se trouve dans la r\u00e9gion de Kidal. Les activit\u00e9s de collecte d\u2019informations et de documentation sur les violations des droits humains de l\u2019association couvrent l\u2019ensemble des r\u00e9gions de l\u2019Azawad et une partie du centre du pays, proche de l\u2019Azawad.<\/p>\n\n\n\n<p>L\u2019association documente et traite r\u00e9guli\u00e8rement toutes les violations des droits humains qui s\u2019op\u00e8rent sur son champ d\u2019action \u00e0 travers des relais locaux et des personnes anonymes de bonne foi qui lui remontent les informations, sans distinctions d\u2019auteurs et des cibles et quel que soit le mobile.<\/p>\n\n\n\n<p>Elle dispose d\u2019une base des donn\u00e9es contenant des d\u00e9tails, des rapports mensuels et des d\u00e9p\u00eaches de circonstances.<\/p>\n\n\n\n<p>Les auteurs de ces violations formellement identifi\u00e9s sont principalement des membres des forces Arm\u00e9es Maliennes et des mercenaires Russes du groupe Wagner. Au regard des m\u00e9thodes employ\u00e9es, des moyens utilis\u00e9s, de l\u2019ampleur et de la fr\u00e9quence des violations et surtout de l\u2019identit\u00e9 des victimes, tout laisse \u00e0 conclure \u00e0 un programme d\u2019\u00e9puration ethnique planifi\u00e9 au plus haut sommet de l\u2019Etat sous la direction de la junte au pouvoir.<\/p>\n\n\n\n<p>Outre, l\u2019Arm\u00e9e Malienne et les mercenaires Russes, les groupes djihadistes aussi sont impliqu\u00e9s dans les violations des droits humains.<\/p>\n\n\n\n<p>Ce pr\u00e9sent rapport mensuel de monitoring fait le point de la situation des violations des droits humains commises en janvier sur le territoire de l\u2019Azawad et sur une partie du centre du Mali plus proche de l\u2019Azawad o\u00f9 certaines communaut\u00e9s sont cibl\u00e9es pour leur appartenance ethnique sur fond d\u2019amalgame.<\/p>\n\n\n\n<p>Ces violations commises ce mois portent sur des ex\u00e9cutions sommaires, arrestations arbitraires, des blessures suite aux tirs \u00e0 l\u2019arme, destruction de p\u00e2turage, des pillages des marchandises et des biens personnels appartenant \u00e0 des civils cens\u00e9s \u00eatre prot\u00e9g\u00e9s et s\u00e9curis\u00e9s, et m\u00eame sur des infrastructures publiques.<\/p>\n\n\n\n<ol start=\"1\" style=\"list-style-type:upper-roman\" class=\"wp-block-list\">\n<li><strong><u>EXECUTIONS, TENTATIVES D\u2019EXECUTIONS, MASSACRES<\/u><\/strong>&nbsp;: <strong>52 cas confirm\u00e9s<\/strong><\/li>\n<\/ol>\n\n\n\n<p>Dans ce rapport, seuls quelques cas embl\u00e9matiques sont port\u00e9s. Il s\u2019agit pour la plupart des morts suite aux exactions sommaires des Famas- Wagner, des massacres collectifs, des poses d\u2019engins pi\u00e9g\u00e9s et frappe des drones.<\/p>\n\n\n\n<p>Ci-dessous les d\u00e9tails des faits&nbsp;:&nbsp;&nbsp;&nbsp;&nbsp;&nbsp;&nbsp;&nbsp;&nbsp;&nbsp;<\/p>\n\n\n\n<ul class=\"wp-block-list\">\n<li>Le 02 janvier 2025:<\/li>\n<\/ul>\n\n\n\n<p>&nbsp;Une mission conjointe des Famas- Wagner s\u2019est rendu a Inghasan n\u2019Elwan, situ\u00e9 \u00e0 l\u2019ouest de Gossi dans la region de Tombouctou. Ils ont arret\u00e9 et ex\u00e9cut\u00e9 deux jeunes sur place.<\/p>\n\n\n\n<ul class=\"wp-block-list\">\n<li>Le 3 janvier 2025:<\/li>\n<\/ul>\n\n\n\n<p>Une mission conjointe des Famas-Wagner \u00e0 la solde de la junte de Bamako, a arr\u00eat\u00e9 et tu\u00e9 tous les passagers (une qinzaine) d&rsquo;un v\u00e9hicule de transport de marque Toyota Hilux appartenant \u00e0 <a href=\"http:\/\/kal-akal.com\/?p=412\">Nalfou<\/a> Ag Doulahi, \u00e0 Tin Haba, \u00e0 l&rsquo;ouest de Fatissouma(Mema).<\/p>\n\n\n\n<p>Ces passagers ont \u00e9t\u00e9 tous tu\u00e9 et enterrer, d&rsquo;autres jet\u00e9s dans un puit sur place, y compris des femmes dont une enceinte et un enfant de moins de 3 ans.<\/p>\n\n\n\n<p>Parmi ces victimes un Humanitaire tres connu et sa famille en cong\u00e9 pour rende visite \u00e0 sa mere au camp de refugi\u00e9s. Ce dernier est en service au <a href=\"https:\/\/www.trianglegh.org\/tgh-deplore-le-deces-dun-de-ses-collaborateurs-enaderfe-ag-hamama\/\">Centre Afrique<\/a>.<\/p>\n\n\n\n<p>Apr\u00e8s avoir tu\u00e9 tous les occupants, ils ont br\u00fbl\u00e9 \u00e9galement le v\u00e9hicule.<\/p>\n\n\n\n<ul class=\"wp-block-list\">\n<li>Le 4 janvier 2025:<\/li>\n<\/ul>\n\n\n\n<p>Une patrouille des Famas-Wagner a arr\u00eat\u00e9 3 personnes dans la zone de gargando et dont leur corps ont \u00e9t\u00e9 retrouv\u00e9 le lendemain non loin de la localit\u00e9.<\/p>\n\n\n\n<ul class=\"wp-block-list\">\n<li>Le&nbsp; 9 janvier 2025:<\/li>\n<\/ul>\n\n\n\n<p>&nbsp;Une patrouille conjointe Famas-Wagner venant de Niafunke a arr\u00eat\u00e9&nbsp; Ibrahim AG takourou dans son v\u00e9hicule Toyota Pick UP avec son fils et son chauffeur \u00e0 Bortel, \u00e0 l&rsquo;ouest de Echal dans le cercle de Goundam. Deux jours apres leur forfait le corps de Ibrahim a \u00e9t\u00e9 retrouv\u00e9 execute et decaput\u00e9.<\/p>\n\n\n\n<p>Le vehicule etait rempli des moutons qu\u2019il devrait vendre au march\u00e9 hebdomadaire de Echel pour subvenir \u00e0 ses besoins familiaux.<\/p>\n\n\n\n<ul class=\"wp-block-list\">\n<li>Le 11 janvier 2025:<\/li>\n<\/ul>\n\n\n\n<p>&nbsp;Une patrouille compos\u00e9e de soldats maliens et leurs mercenaires russes de Wagner a arr\u00eat\u00e9 deux personnes \u00e0 Anefif dans la region de kidal, dont un \u00e9leveur peulh ex\u00e9cut\u00e9 sur place et l&rsquo;autre a \u00e9t\u00e9 conduit au camp des FAMA-Wagner situ\u00e9 dans la meme loclit\u00e9.<\/p>\n\n\n\n<p>Une semaine plutard son corps a \u00e9t\u00e9 retrouv\u00e9 sans vie<\/p>\n\n\n\n<ul class=\"wp-block-list\">\n<li>Le 14 janvier 2025:<\/li>\n<\/ul>\n\n\n\n<p>Une patrouille de l&rsquo;arm\u00e9e malienne et des mercenaires de Wagner ont pris d&rsquo;assaut la commune d&rsquo;Inadjatfane dans le cercle de Rharous r\u00e9gion de Tombouctou, Ils ont arr\u00eat\u00e9 et execut\u00e9 un civil peulh sur place.<\/p>\n\n\n\n<p>La m\u00eame mission a \u00e9galement arret\u00e9 et tu\u00e9 deux freres sur le chemin de Fifo.<\/p>\n\n\n\n<ul class=\"wp-block-list\">\n<li>Le 15 Janvier 2025:<\/li>\n<\/ul>\n\n\n\n<p>Une patrouille de l&rsquo;arm\u00e9e malienne et ses mercenaires de Wagner a arret\u00e9 et ex\u00e9cut\u00e9 une dizaine des personnes dans les localit\u00e9s de Karkadjane, Ebangue, Inkilla dans le Haoussa et le long de la route entre Ber et Zarho.<\/p>\n\n\n\n<ul class=\"wp-block-list\">\n<li>Le 18 janvier 2025:<\/li>\n<\/ul>\n\n\n\n<p>Une patrouille du duo Famas et leurs mercenaires de Wagner a ouvert le feu sur un cycliste dans le village de Tangara, il a \u00e9t\u00e9 tu\u00e9 sur le coup. Son identit\u00e9 reste inconnue.<\/p>\n\n\n\n<p>Au m\u00eame moment une autre mission a execut\u00e9 sommairement six personnes \u00e0 Intalacha dans le Horo, entre Niafunk\u00e9 et Goundam apr\u00e8s l&rsquo;explosion par IED, d\u2019un des leurs v\u00e9hicules du convoi.<\/p>\n\n\n\n<ul class=\"wp-block-list\">\n<li>Le 20 janvier 2025:<\/li>\n<\/ul>\n\n\n\n<p>&nbsp;Les Famas et les mercenaires de Wagner ont arr\u00eat\u00e9 quatre civils et ex\u00e9cut\u00e9 sommairement un parmi eux sur place, dans la zone d&rsquo;Anafif, dans la r\u00e9gion de Kidal.<\/p>\n\n\n\n<ul class=\"wp-block-list\">\n<li>Le 25 janvier 2025:<\/li>\n<\/ul>\n\n\n\n<p>&nbsp;Une patrouille des Famas-Wagner arret\u00e9 et execut\u00e9 un civil \u00e0 Alkite dans la commune urbaine de Kidal.<\/p>\n\n\n\n<ul class=\"wp-block-list\">\n<li>Le 27 janvier 2025:<\/li>\n<\/ul>\n\n\n\n<p>Une patrouille de l&rsquo;arm\u00e9e malienne et leurs mercenaires de Wagner, est arriv\u00e9e dans le village d&rsquo;Amassine, dans la r\u00e9gion de Kidal, o\u00f9 Ils ont arret\u00e9 et ex\u00e9cut\u00e9 cinq civils sans d\u00e9fense&nbsp; et une autre personne ag\u00e9e execut\u00e9e \u00e9galement par la m\u00eame mission sur la route d\u2019In Tabzaz<\/p>\n\n\n\n<ol start=\"2\" style=\"list-style-type:upper-roman\" class=\"wp-block-list\">\n<li><strong><u>ARRESTATIONS\/DISPARITIONS\/ENLEVEMENTS&nbsp;<\/u><\/strong><strong>: 25 cas confirm\u00e9s<\/strong><\/li>\n<\/ol>\n\n\n\n<p>Quelques cas ont retenu notre attention, il s\u2019agit de :<\/p>\n\n\n\n<ul class=\"wp-block-list\">\n<li>Le 8 Janvier2025:<\/li>\n<\/ul>\n\n\n\n<p>Un commercant (vendeur de carburant) a \u00e9t\u00e9 arret\u00e9 par des \u00e9l\u00e9ments de Wagner \u00e0 Tombouctou ville et dont son sort reste inconnu.<\/p>\n\n\n\n<ul class=\"wp-block-list\">\n<li>Le&nbsp; 9 janvier 2025:<\/li>\n<\/ul>\n\n\n\n<p>Une patrouille conjointe Famas-Wagner venant de Niafunke a arr\u00eat\u00e9&nbsp; Ibrahim AG takourou dans son v\u00e9hicule Toyota Pick UP avec son fils et son chauffeur \u00e0 Bortel, \u00e0 l&rsquo;ouest de Echal dans le cercle de Goundam.<\/p>\n\n\n\n<p>Le v\u00e9hicule etait rempli des moutons qu\u2019il devrait vendre au march\u00e9 hebdomadaire de Echel pour subvenir \u00e0 ses besoins familiaux.<\/p>\n\n\n\n<p>Le m\u00eame jour, ils ont \u00e9galement arr\u00eat\u00e9 un malade mental \u00e0 dos d&rsquo;un \u00e2ne et ont lib\u00e9r\u00e9 le chauffeur de Ibrahim (tamasheq noirs).<\/p>\n\n\n\n<ul class=\"wp-block-list\">\n<li>Le 14 janvier 2025:<\/li>\n<\/ul>\n\n\n\n<p>Une patrouille de l&rsquo;arm\u00e9e malienne et des mercenaires de Wagner ont pris d&rsquo;assaut la commune d&rsquo;Inadjatfane dans le cercle de Rharous, r\u00e9gion de Tombouctou, Ils ont arr\u00eat\u00e9 le chef du village Warinok Ag bahou et qui sera liber\u00e9 deux semaines plutard en payant une ran\u00e7on de dix millions de Franc CFA.<\/p>\n\n\n\n<p>Le m\u00eame jour une autre mission dans la region de Kidal pr\u00e9cis\u00e9ment \u00e0 Kanay a ar\u00eat\u00e9 un civil de la communaut\u00e9 arabe.<\/p>\n\n\n\n<ul class=\"wp-block-list\">\n<li>Le 15 Janvier 2025:<\/li>\n<\/ul>\n\n\n\n<p>Une patrouille de l&rsquo;arm\u00e9e malienne et ses mercenaires de Wagner a arret\u00e9 et enlev\u00e9 deux personnes le long de la route entre Ber et Zarho et dont leur sort reste inconnu.<\/p>\n\n\n\n<p>Le m\u00eame jour, une autre patrouille de l&rsquo;arm\u00e9e malienne et des mercenaires de Wagner ont arr\u00eat\u00e9 Abou Ag Idriss dans la commune de Takalote r\u00e9gion de Kidal et fouill\u00e9 des tentes. Son sort reste inconnu.<\/p>\n\n\n\n<ul class=\"wp-block-list\">\n<li>Le 18 Janvier 2025:<\/li>\n<\/ul>\n\n\n\n<p>Un convoi de l&rsquo;arm\u00e9e malienne, accompagn\u00e9 de mercenaires du groupe Wagner, a intercept\u00e9 cinq voyageurs en provenance de BBM (Alg\u00e9rie) dans la zone de Tessalit. Ils les ont ensuite transf\u00e9r\u00e9 au camp FAMA-Wagner \u00e0 Adjelhoc, dans la r\u00e9gion de Kidal. Mais malheureusement deux corps ont \u00e9t\u00e9 retrouv\u00e9 sans vie plutard.<\/p>\n\n\n\n<ul class=\"wp-block-list\">\n<li>Le 20 janvier 2025:<\/li>\n<\/ul>\n\n\n\n<p>L&rsquo;arm\u00e9e malienne et les mercenaires de Wagner ont arr\u00eat\u00e9 quatre civils et ex\u00e9cut\u00e9 un parmi eux sur place, dans la zone d&rsquo;Anafif, dans la r\u00e9gion de Kidal. Le sort de trois autres reste inconnu.<\/p>\n\n\n\n<ul class=\"wp-block-list\">\n<li>Le 25 janvier 2025:<\/li>\n<\/ul>\n\n\n\n<p>&nbsp;Une patrouille conjointe de l&rsquo;arm\u00e9e malienne et des suppl\u00e9tifs de Wagner a arret\u00e9 deux personnes \u00e0 Intechaq et Talabit&nbsp; dans la commune d&rsquo;Adjelhoc, r\u00e9gion de Kidal.<\/p>\n\n\n\n<p>Le dernier arret\u00e9 \u00e0 Talabit etait le g\u00e9rant de la pharmacie.<\/p>\n\n\n\n<ul class=\"wp-block-list\">\n<li>Le 26 janvier 2025:<\/li>\n<\/ul>\n\n\n\n<p>Une patrouille de l&rsquo;arm\u00e9e malienne avec leurs mercenaires Wagner, a arr\u00eat\u00e9 une personne pr\u00e8s de la ville d&rsquo;Adjelhok.<\/p>\n\n\n\n<ul class=\"wp-block-list\">\n<li>Le 28 janvier 2025:<\/li>\n<\/ul>\n\n\n\n<p>Une patrouille de l&rsquo;arm\u00e9e malienne et des mercenaires de Wagner ont sem\u00e9 le chaos dans le village d&rsquo;Int\u00e9pozog. Ils ont arret\u00e9 deux personnes dans la vall\u00e9e d&rsquo;Inkin, entre Task et In Tabzaz, dans la r\u00e9gion de Kidal.<\/p>\n\n\n\n<ul class=\"wp-block-list\">\n<li>Le 29 janvier 2025:<\/li>\n<\/ul>\n\n\n\n<p>Quelques elements Wagner et Famas, ont fait irruption et arret\u00e9 dans une maison \u00e0 Gao ville trois jeunes, deux de la communaut\u00e9 idnane et un Kounta dans la nuit. Leur sort reste inconnu<\/p>\n\n\n\n<ul class=\"wp-block-list\">\n<li>Le 30 Janvier 2025:<\/li>\n<\/ul>\n\n\n\n<p>Une mission des Famas et leurs mercenaires de Wagner a arr\u00eat\u00e9 un jeune adolescent \u00e0 Aguelhock dans la r\u00e9gion de Kidal, \u00e2g\u00e9 d&rsquo;environ 14 ans.<\/p>\n\n\n\n<ol start=\"3\" style=\"list-style-type:upper-roman\" class=\"wp-block-list\">\n<li><strong><u>TORTURES\/BLESSURES\/MENACES&nbsp;<\/u><\/strong><strong>: 10 cas confirm\u00e9s<\/strong><\/li>\n<\/ol>\n\n\n\n<p>Quelques cas ont retenu notre attention, il s\u2019agit de :<\/p>\n\n\n\n<ul class=\"wp-block-list\">\n<li>Le 9 janvier 2025:<\/li>\n<\/ul>\n\n\n\n<p>Un&nbsp; vieux \u00e0 \u00e9t\u00e9 gri\u00e9vement bless\u00e9 \u00e0 Ibdakhan apr\u00e8s avoir touch\u00e9 une bouteille \u00e0 Gaz pi\u00e9g\u00e9e par une mission des Famas-Wagner lors de leur passage, il y avait 3 semaines.<\/p>\n\n\n\n<p>Il succombe suite \u00e0 ses blessures le lendemain.<\/p>\n\n\n\n<ul class=\"wp-block-list\">\n<li>Le 14 janvier 2025:<\/li>\n<\/ul>\n\n\n\n<p>Une patrouille conjointe Famas-Wagner a gri\u00e8vement bless\u00e9 par balle une personne \u00e0 15 km de la ville d&rsquo;Adjelhoc. Il succombe \u00e0 ses blessures peu de temps apr\u00e8s.<\/p>\n\n\n\n<ul class=\"wp-block-list\">\n<li>Le 15 Janvier 2025:<\/li>\n<\/ul>\n\n\n\n<p>Une patrouille de l&rsquo;arm\u00e9e malienne et ses mercenaires de Wagner a battu et tortur\u00e9 huit personnes dans la commune de Zarho et dont certains sont encore dans un \u00e9tat critique.<\/p>\n\n\n\n<ol start=\"4\" style=\"list-style-type:upper-roman\" class=\"wp-block-list\">\n<li><strong><u>DESTRUCTIONS\/ PILLAGES\/ VOLS ET AUTRES DOMMAGES MATERIELS&nbsp;<\/u><\/strong><strong>: 30 cas confirm\u00e9s<\/strong><\/li>\n<\/ol>\n\n\n\n<p>Quelques cas ont retenu notre attention, il s\u2019agit de :<\/p>\n\n\n\n<ul class=\"wp-block-list\">\n<li>Le 02 janvier 2025:<\/li>\n<\/ul>\n\n\n\n<p>&nbsp;Une mission conjointe des Famas- Wagner s\u2019est rendu a Inghasan n\u2019Elwan, situ\u00e9 \u00e0 l\u2019ouest de Gossi dans la r\u00e9gion de Tombouctou. Ils ont pill\u00e9 et incendi\u00e9 le march\u00e9.<\/p>\n\n\n\n<ul class=\"wp-block-list\">\n<li>Le 3 janvier 2025:<\/li>\n<\/ul>\n\n\n\n<p>Une frappe de drone Malien \u00e0 \u00e9t\u00e9 signal\u00e9&nbsp; sur un v\u00e9hicule civil appartenant \u00e0 Abdollahi dit Bagji au nord de Razelma pr\u00e9cis\u00e9ment \u00e0 Tin kakaban, r\u00e9gion de Tombouctou.<\/p>\n\n\n\n<ul class=\"wp-block-list\">\n<li>Le 4 janvier 2025:<\/li>\n<\/ul>\n\n\n\n<p>Un drone malien a proced\u00e9 \u00e0 des frappes sur 4 camions venant de l&rsquo;Alg\u00e9rie transportant des marchandises et du carburant \u00e0 zarho, Les dits camions ont \u00e9t\u00e9 d\u00e9truits et endommag\u00e9.<\/p>\n\n\n\n<ul class=\"wp-block-list\">\n<li>Le 14 janvier 2025<\/li>\n<\/ul>\n\n\n\n<p>Une patrouille conjointe Famas-Wagner a br\u00fbl\u00e9 deux voitures de civils \u00e0 kanay \u00e0 60 km de Kidal.<\/p>\n\n\n\n<ul class=\"wp-block-list\">\n<li>Le 15 Janvier 2025:<\/li>\n<\/ul>\n\n\n\n<p>Une patrouille de l&rsquo;arm\u00e9e malienne et ses mercenaires de Wagner a pill\u00e9 et detruit les biens des populations dans les localit\u00e9s de Karkadjane, Ebangue, Inkilla dans le Haoussa et le long de la route entre Ber et Zarho.<\/p>\n\n\n\n<p>La m\u00eame mission a incendi\u00e9 le march\u00e9 de Zarho. Ce march\u00e9 est un point central pour le commerce int\u00e9rieur avec des quantit\u00e9s de produits c\u00e9r\u00e9aliers, viande \/ b\u00e9tail, carburant, farine, sucre, pattes, huiles, dates, couvertures, etc.<\/p>\n\n\n\n<p>Il est fr\u00e9quent\u00e9 par des centaines de milliers de nomades et s\u00e9dentaires qui y viennent par camions, voitures 4&#215;4, pinasses, chameaux, \u00e2nes, charrettes, et \u00e0 pied. Les pertes sont estim\u00e9es \u00e0 plus d\u2019un milliard de FCFA.<\/p>\n\n\n\n<p>Le m\u00eame jour \u00e9galement d&rsquo;autres frappes ont vis\u00e9 deux voitures une Toyota Land Cruiser et une Toyota Hilux. Cette derniere appartenait \u00e0 un gendarme \u00e0 la retraite et ancien Pr\u00e9sident du conseil de cercle de Tombouctou)<\/p>\n\n\n\n<p>La m\u00eame mission \u00e9galement a pill\u00e9, incendi\u00e9 des boutiques et des maisons \u00e0 Ebangue Imalane, une perte mat\u00e9rielle estim\u00e9e \u00e0 plus de 100 millions de Franc CFA selon des t\u00e9moins.<\/p>\n\n\n\n<ul class=\"wp-block-list\">\n<li>Le 16 janvier 2025:<\/li>\n<\/ul>\n\n\n\n<p>L&rsquo;arm\u00e9e malienne et leurs mercenaires de Wagner ont incendi\u00e9 plusieurs maisons de civils en p\u00e9riph\u00e9rie de Zarho, dans la r\u00e9gion de Tombouctou, causant des pertes mat\u00e9rielles consid\u00e9rables aux habitants locaux.<\/p>\n\n\n\n<ul class=\"wp-block-list\">\n<li>Le 19 janvier 2025:<\/li>\n<\/ul>\n\n\n\n<p>Un convoi des camions de transports remplis des mat\u00e9riaux civils a \u00e9t\u00e9 incendi\u00e9 par l&rsquo;EIGS \u00e0 Aghoudoud dans la zone de Gossi, r\u00e9gion de Tombouctou.<\/p>\n\n\n\n<ul class=\"wp-block-list\">\n<li>Le 20 janvier 2025:<\/li>\n<\/ul>\n\n\n\n<p>Une patrouille compos\u00e9e majoritairement d&rsquo;\u00e9l\u00e9ments Wagner et de quelques \u00e9l\u00e9ments Famas, a saccag\u00e9 l\u2019adduction d&rsquo;eau dans le village de chamam et emport\u00e9 son syst\u00e8me solaire&nbsp; vers M\u00e9naka. Ils privent ainsi la population locale d&rsquo;acc\u00e8s \u00e0 l&rsquo;eau potable.<\/p>\n\n\n\n<ul class=\"wp-block-list\">\n<li>Le 25 janvier 2025:<\/li>\n<\/ul>\n\n\n\n<p>&nbsp;Une patrouille conjointe de l&rsquo;arm\u00e9e malienne et des suppl\u00e9tifs de Wagner a detruit tous dans leur passage, dans plusieurs localit\u00e9s de la commune d&rsquo;Adjelhoc, dans la r\u00e9gion de Kidal.<\/p>\n\n\n\n<p>Ils ont saccag\u00e9 des boutiques, des maisons, un Wifi et deux motos \u00e0 Intechaq et \u00e0 Talabit.<\/p>\n\n\n\n<p>A tahtist \u00e9galement ils ont saccag\u00e9 et pill\u00e9 une pharmacie.<\/p>\n\n\n\n<ul class=\"wp-block-list\">\n<li>Le 26 Janvier 2025:<\/li>\n<\/ul>\n\n\n\n<p>Une patrouille conjointe de l&rsquo;arm\u00e9e malienne et des suppl\u00e9tifs de Wagner a d\u00e9truit et brul\u00e9 des maisons et des motos dans la zone de Tadjmart.<\/p>\n\n\n\n<ul class=\"wp-block-list\">\n<li>Le 27 Janvier 2025:<\/li>\n<\/ul>\n\n\n\n<p>Une patrouille de l&rsquo;arm\u00e9e malienne et des mercenaires de Wagner est arriv\u00e9 \u00e0 la mine d&rsquo;or d&rsquo;Intaykarene, dans la commune d&rsquo;Intahaka, r\u00e9gion de Gao. Ils ont incendi\u00e9 une importante quantit\u00e9 de carburant, appartenant aux op\u00e9rateurs de la mine et saccag\u00e9 et brul\u00e9 egalement leur hangars.<\/p>\n\n\n\n<ul class=\"wp-block-list\">\n<li>Le 27 Janvier 2025:<\/li>\n<\/ul>\n\n\n\n<p>Une patrouille de l&rsquo;arm\u00e9e malienne et leurs mercenaires de Wagner est arriv\u00e9e dans le village d&rsquo;Amassine et Intabzaz, dans la r\u00e9gion de Kidal ou ils ont incendi\u00e9 des maisons et quatre boutiques.<\/p>\n\n\n\n<ul class=\"wp-block-list\">\n<li>Le 28 Janvier 2025:<\/li>\n<\/ul>\n\n\n\n<p>Une patrouille de l&rsquo;arm\u00e9e malienne et des mercenaires de Wagner ont sem\u00e9 le chaos dans le village d&rsquo;Int\u00e9pozog. Ils ont incendi\u00e9 un v\u00e9hicule Toyota de type 45, appartenant \u00e0 un civil dans la vall\u00e9e d&rsquo;Inkin, entre Task et In tabzaz. Ils ont pill\u00e9 et incendi\u00e9 des marchandises appartenant \u00e0 des femmes.<\/p>\n\n\n\n<ul class=\"wp-block-list\">\n<li>Le 29 Janvier 2025:<\/li>\n<\/ul>\n\n\n\n<p>Quelques \u00e9l\u00e9ments Wagner et Famas, ont fait irruption dans une maison \u00e0 Gao ville dans la nuit. Ils ont emport\u00e9 et saisir deux v\u00e9hicules et une somme importante d&rsquo;argent, estim\u00e9 selon des temoins \u00e0 plus de deux cent millions de Franc CFA.<\/p>\n\n\n\n<p>Le m\u00eame jour, le march\u00e9 hebdomadaire de la commune d&rsquo;Amasrakad dans le cercle de Tin Aouker, r\u00e9gion de Gao a \u00e9t\u00e9 la cible des \u00e9l\u00e9ments de Daech (EIGS ), ou ils ont pris&nbsp; trois v\u00e9hicules appartenant \u00e0 des civils et un camion charg\u00e9 de marchandises alimentaires,<\/p>\n\n\n\n<ol start=\"5\" style=\"list-style-type:upper-roman\" class=\"wp-block-list\">\n<li><strong>Viols : <\/strong><\/li>\n<\/ol>\n\n\n\n<p>Aucun cas de viol confirm\u00e9 n\u2019a \u00e9t\u00e9 enregistr\u00e9 par nos soins en ce mois de Janvier.<\/p>\n\n\n\n<ol start=\"6\" style=\"list-style-type:upper-roman\" class=\"wp-block-list\">\n<li><strong><u>ENVIRONNEMENT<\/u><\/strong><strong>&nbsp;:<\/strong><\/li>\n<\/ol>\n\n\n\n<p>Depuis bient\u00f4t quelques mois, nous avons \u00e9t\u00e9 amen\u00e9s \u00e0 documenter des \u00e9pisodes en serie de mise \u00e0 feu dans les p\u00e2turages sciemment planifi\u00e9 et mis en ex\u00e9cution par les mercenaires Russes du groupe Wagner et l&rsquo;Arm\u00e9e Malienne.<\/p>\n\n\n\n<p>Ce qui au d\u00e9part, n&rsquo;\u00e9tait aux yeux de certains qu&rsquo;un ph\u00e9nom\u00e8ne accidentel et passager s&rsquo;av\u00e8re \u00eatre un fait r\u00e9el, voulu et provoqu\u00e9 par des acteurs agissant \u00e0 la solde de la junte Malienne. Ainsi, de fin Octobre \u00e0 nos jours, dans la r\u00e9gion de Kidal(Amassine et Intabzaz) , il se passe rarement un jour o\u00fb des informations, images -vid\u00e9os \u00e0 l&rsquo;appui des habitants eteignant, submerg\u00e9s par les flammes ne nous soient remont\u00e9es par nos relais locaux montrant des sc\u00e8nes horribles d&rsquo;une destruction expresse de l&rsquo;environnement par des missions men\u00e9es par ces mercenaires et l&rsquo;Arm\u00e9e Malienne.<\/p>\n\n\n\n<p>La derni\u00e8re sc\u00e8ne&nbsp; remonte au 27 Janvier 2025 \u00e0 Amassine et Intabzaz(Kidal) o\u00fb une vaste \u00e9tendue de p\u00e2turage allant de Amassine jusqu\u2019\u00e0 Intabzaz . Ces pratiques en plus de d\u00e9truire l&rsquo;environnement, auront un impact d\u00e9cisif sur le cheptel, un pan important de l&rsquo;\u00e9conomie locale et vont \u00e0 coup s\u00fbr provoquer des graves difficult\u00e9s aux populations qui pratiquent et vivent de l&rsquo;\u00e9levage, non sans les affecter psychologiquement&#8230;.est-ce l&rsquo;objectif vis\u00e9 par la junte du g\u00e9n\u00e9ral Assimi Goita? tout porte \u00e0 le croire !<\/p>\n\n\n\n<ul class=\"wp-block-list\">\n<li>Le 27 janvier 2025:<\/li>\n<\/ul>\n\n\n\n<p>Une patrouille de l&rsquo;arm\u00e9e malienne et leurs mercenaires de Wagner est arriv\u00e9e dans le village d&rsquo;Amassine, dans la r\u00e9gion de Kidal ou Ils ont mis feu aux p\u00e2turages.<\/p>\n\n\n\n<p><strong><u>Conclusion&nbsp;:<\/u><\/strong><\/p>\n\n\n\n<ol start=\"1\" class=\"wp-block-list\">\n<li>L\u2019association Kal Akal fid\u00e8le \u00e0 sa vocation de protection et de d\u00e9fense des droits humains condamne les ex\u00e9cutions extrajudiciaires perp\u00e9tr\u00e9es par les mercenaires Russes du groupe Wagner en compagnie des membres des Forces Arm\u00e9es Maliennes contre des paisibles populations.<\/li>\n\n\n\n<li>L\u2019association kal Akal d\u00e9nonce le silence de la communaut\u00e9 internationale et des organisations des droits de l\u2019homme devant une campagne d\u2019\u00e9puration ethnique cibl\u00e9e, soutenue par certaines puissances et pays.<\/li>\n\n\n\n<li>L\u2019association Kal Akal interpelle le gouvernement Turc pour sa responsabilit\u00e9 dans le massacre des civils autochtones chez eux \u00e0 travers la mise \u00e0 disposition des drones au profit de la junte \u00e0 la t\u00eate du Mali et lui demande par la m\u00eame occasion de mettre un terme aux ventes des drones ou \u00e0 toute autre forme de soutien militaire \u00e0 la junte du Mali pour sauver des innocents.<\/li>\n\n\n\n<li>L\u2019association Kal Akal lance un appel aux pays voisins, aux organisations sous r\u00e9gionales (CEDEAO) et r\u00e9gionales(UA) ainsi qu\u2019\u00e0 l\u2019OCI, l\u2019UE, les NU\u2026 \u00e0 assumer leur r\u00f4le de protection des droits humains, conform\u00e9ment aux dispositions pertinentes des instruments juridiques qui les r\u00e9gissent.<\/li>\n\n\n\n<li>L\/\u2019association kal Akal la nce un appel aupr\u00e8s de toutes les Organisations Humanitaires et les Etats en faveur d\u2019aides et de soutien aux r\u00e9fugi\u00e9s et de plac\u00e9s internes de l\u2019Azawad.<\/li>\n<\/ol>\n\n\n\n<p><strong><u>Quelques images des crimes<\/u><\/strong><\/p>\n\n\n\n<p>1.Un civil bless\u00e9 par le couple Fama-Wagner pr\u00e8s de la ville d&rsquo;Adjelhoc, le 13\/01\/2025 et qui succombe \u00e0 ses blessures plutard.<\/p>\n\n\n\n<figure class=\"wp-block-image size-large\"><img loading=\"lazy\" decoding=\"async\" width=\"768\" height=\"1024\" src=\"http:\/\/kal-akal.com\/wp-content\/uploads\/2025\/02\/WhatsApp-Image-2025-01-31-at-20.19.41-768x1024.jpeg\" alt=\"\" class=\"wp-image-419\" srcset=\"https:\/\/kal-akal.com\/wp-content\/uploads\/2025\/02\/WhatsApp-Image-2025-01-31-at-20.19.41-768x1024.jpeg 768w, https:\/\/kal-akal.com\/wp-content\/uploads\/2025\/02\/WhatsApp-Image-2025-01-31-at-20.19.41-225x300.jpeg 225w, https:\/\/kal-akal.com\/wp-content\/uploads\/2025\/02\/WhatsApp-Image-2025-01-31-at-20.19.41.jpeg 810w\" sizes=\"auto, (max-width: 768px) 100vw, 768px\" \/><\/figure>\n\n\n\n<p><strong>&nbsp;<\/strong><\/p>\n\n\n\n<p>2&nbsp;. Un v\u00e9hicule de type Toyota Hilux transportant une quinzaine de civils a \u00e9t\u00e9 incendi\u00e9 par le couple Famas Wagner apr\u00e8s avoir ex\u00e9cut\u00e9 tous ses passagers \u00e0 Tin Haba dans la zone de Mema, le 03\/01\/2025<\/p>\n\n\n\n<figure class=\"wp-block-image size-large\"><img loading=\"lazy\" decoding=\"async\" width=\"768\" height=\"1024\" src=\"http:\/\/kal-akal.com\/wp-content\/uploads\/2025\/02\/WhatsApp-Image-2025-01-31-at-20.19.26-768x1024.jpeg\" alt=\"\" class=\"wp-image-423\" srcset=\"https:\/\/kal-akal.com\/wp-content\/uploads\/2025\/02\/WhatsApp-Image-2025-01-31-at-20.19.26-768x1024.jpeg 768w, https:\/\/kal-akal.com\/wp-content\/uploads\/2025\/02\/WhatsApp-Image-2025-01-31-at-20.19.26-225x300.jpeg 225w, https:\/\/kal-akal.com\/wp-content\/uploads\/2025\/02\/WhatsApp-Image-2025-01-31-at-20.19.26.jpeg 810w\" sizes=\"auto, (max-width: 768px) 100vw, 768px\" \/><\/figure>\n\n\n\n<p>3-Un campement nomade incendi\u00e9 par Le couple Fama-Wagner, le 16\/01\/2025, pr\u00e8s de Zarho\/Tombouctou<\/p>\n\n\n\n<figure class=\"wp-block-image size-large is-resized\"><img loading=\"lazy\" decoding=\"async\" width=\"1024\" height=\"1024\" src=\"http:\/\/kal-akal.com\/wp-content\/uploads\/2025\/02\/WhatsApp-Image-2025-01-31-at-20.18.45-1-1024x1024.jpeg\" alt=\"3-Un campement nomade incendi\u00e9 par Le couple Fama-Wagner, le 16\/01\/2025, pr\u00e8s de Zarho\/Tombouctou\" class=\"wp-image-421\" style=\"width:777px;height:auto\" srcset=\"https:\/\/kal-akal.com\/wp-content\/uploads\/2025\/02\/WhatsApp-Image-2025-01-31-at-20.18.45-1-1024x1024.jpeg 1024w, https:\/\/kal-akal.com\/wp-content\/uploads\/2025\/02\/WhatsApp-Image-2025-01-31-at-20.18.45-1-300x300.jpeg 300w, https:\/\/kal-akal.com\/wp-content\/uploads\/2025\/02\/WhatsApp-Image-2025-01-31-at-20.18.45-1-150x150.jpeg 150w, https:\/\/kal-akal.com\/wp-content\/uploads\/2025\/02\/WhatsApp-Image-2025-01-31-at-20.18.45-1-768x768.jpeg 768w, https:\/\/kal-akal.com\/wp-content\/uploads\/2025\/02\/WhatsApp-Image-2025-01-31-at-20.18.45-1.jpeg 1080w\" sizes=\"auto, (max-width: 1024px) 100vw, 1024px\" \/><\/figure>\n\n\n\n<p>Adresses de l\u2019Association :<\/p>\n\n\n\n<p>1.facebook : https:\/\/cutt.ly\/Fekd7aMb<\/p>\n\n\n\n<p>2. blog : http:\/\/kal-akal.com\/<\/p>\n\n\n\n<p>3. Twitter :https:\/\/x.com\/kalakal2012\/<\/p>\n\n\n\n<p>Aka&nbsp;: Association Kal Akal<\/p>\n\n\n\n<p>Fama = forces Arm\u00e9es Maliennes<\/p>\n\n\n\n<p>Wagner = les mercenaires russes de groupe Wagner<\/p>\n\n\n\n<p>Hani = Des hommes arm\u00e9s non identifi\u00e9s<\/p>\n","protected":false},"excerpt":{"rendered":"<p>OBSERVATOIRE DE VEILLE CITOYENNE POUR LA DEFENSE DES DROITS HUMAINS DU PEUPLE DE L\u2019AZAWAD, \u00ab&nbsp;ASSOCIATION KAL AKAL&nbsp;\u00bb RAPPORT N\u00b001\/AKA\/2025 P\u00e9riode&nbsp;: Mois de Janvier Date&nbsp;: le 1er &nbsp;F\u00e9vrier 2025 Introduction&nbsp;: L\u2019association&hellip;<\/p>\n","protected":false},"author":2,"featured_media":389,"comment_status":"open","ping_status":"open","sticky":false,"template":"","format":"standard","meta":{"_jetpack_memberships_contains_paid_content":false,"footnotes":""},"categories":[3],"tags":[],"class_list":["post-417","post","type-post","status-publish","format-standard","has-post-thumbnail","hentry","category-rapport"],"yoast_head":"<!-- This site is optimized with the Yoast SEO plugin v27.5 - https:\/\/yoast.com\/product\/yoast-seo-wordpress\/ -->\n<title>Rapport de Janvier 2025, sur les violations des Droits Humains dans l&#039;Azawad. - Association Kal Akal<\/title>\n<meta name=\"description\" content=\"Rapport de Janvier 2025 de l&#039;Association Kal Akal, sur les violations des Droits Humains dans l&#039;Azawad.\" \/>\n<meta name=\"robots\" content=\"index, follow, max-snippet:-1, max-image-preview:large, max-video-preview:-1\" \/>\n<link rel=\"canonical\" href=\"https:\/\/kal-akal.com\/?p=417\" \/>\n<meta property=\"og:locale\" content=\"fr_FR\" \/>\n<meta property=\"og:type\" content=\"article\" \/>\n<meta property=\"og:title\" content=\"Rapport de Janvier 2025, sur les violations des Droits Humains dans l&#039;Azawad. - Association Kal Akal\" \/>\n<meta property=\"og:description\" content=\"Rapport de Janvier 2025 de l&#039;Association Kal Akal, sur les violations des Droits Humains dans l&#039;Azawad.\" \/>\n<meta property=\"og:url\" content=\"https:\/\/kal-akal.com\/?p=417\" \/>\n<meta property=\"og:site_name\" content=\"Association Kal Akal\" \/>\n<meta property=\"article:published_time\" content=\"2025-02-01T10:43:57+00:00\" \/>\n<meta property=\"article:modified_time\" content=\"2025-02-01T10:43:59+00:00\" \/>\n<meta property=\"og:image\" content=\"https:\/\/kal-akal.com\/wp-content\/uploads\/2025\/01\/20241231_235244.jpg\" \/>\n\t<meta property=\"og:image:width\" content=\"400\" \/>\n\t<meta property=\"og:image:height\" content=\"400\" \/>\n\t<meta property=\"og:image:type\" content=\"image\/jpeg\" \/>\n<meta name=\"author\" content=\"\u0623\u063a \u0623\u0643\u0627\u0644\" \/>\n<meta name=\"twitter:card\" content=\"summary_large_image\" \/>\n<meta name=\"twitter:label1\" content=\"\u00c9crit par\" \/>\n\t<meta name=\"twitter:data1\" content=\"\u0623\u063a \u0623\u0643\u0627\u0644\" \/>\n\t<meta name=\"twitter:label2\" content=\"Dur\u00e9e de lecture estim\u00e9e\" \/>\n\t<meta name=\"twitter:data2\" content=\"17 minutes\" \/>\n<script type=\"application\/ld+json\" class=\"yoast-schema-graph\">{\"@context\":\"https:\\\/\\\/schema.org\",\"@graph\":[{\"@type\":\"Article\",\"@id\":\"https:\\\/\\\/kal-akal.com\\\/?p=417#article\",\"isPartOf\":{\"@id\":\"https:\\\/\\\/kal-akal.com\\\/?p=417\"},\"author\":{\"name\":\"\u0623\u063a \u0623\u0643\u0627\u0644\",\"@id\":\"https:\\\/\\\/kal-akal.com\\\/#\\\/schema\\\/person\\\/567ef72ecf558c48a9d23b2688e00dad\"},\"headline\":\"Rapport de Janvier 2025, sur les violations des Droits Humains dans l&rsquo;Azawad.\",\"datePublished\":\"2025-02-01T10:43:57+00:00\",\"dateModified\":\"2025-02-01T10:43:59+00:00\",\"mainEntityOfPage\":{\"@id\":\"https:\\\/\\\/kal-akal.com\\\/?p=417\"},\"wordCount\":3233,\"commentCount\":0,\"publisher\":{\"@id\":\"https:\\\/\\\/kal-akal.com\\\/#organization\"},\"image\":{\"@id\":\"https:\\\/\\\/kal-akal.com\\\/?p=417#primaryimage\"},\"thumbnailUrl\":\"https:\\\/\\\/kal-akal.com\\\/wp-content\\\/uploads\\\/2025\\\/01\\\/20241231_235244.jpg\",\"articleSection\":[\"rapport\"],\"inLanguage\":\"fr-FR\",\"potentialAction\":[{\"@type\":\"CommentAction\",\"name\":\"Comment\",\"target\":[\"https:\\\/\\\/kal-akal.com\\\/?p=417#respond\"]}]},{\"@type\":\"WebPage\",\"@id\":\"https:\\\/\\\/kal-akal.com\\\/?p=417\",\"url\":\"https:\\\/\\\/kal-akal.com\\\/?p=417\",\"name\":\"Rapport de Janvier 2025, sur les violations des Droits Humains dans l'Azawad. - Association Kal Akal\",\"isPartOf\":{\"@id\":\"https:\\\/\\\/kal-akal.com\\\/#website\"},\"primaryImageOfPage\":{\"@id\":\"https:\\\/\\\/kal-akal.com\\\/?p=417#primaryimage\"},\"image\":{\"@id\":\"https:\\\/\\\/kal-akal.com\\\/?p=417#primaryimage\"},\"thumbnailUrl\":\"https:\\\/\\\/kal-akal.com\\\/wp-content\\\/uploads\\\/2025\\\/01\\\/20241231_235244.jpg\",\"datePublished\":\"2025-02-01T10:43:57+00:00\",\"dateModified\":\"2025-02-01T10:43:59+00:00\",\"description\":\"Rapport de Janvier 2025 de l'Association Kal Akal, sur les violations des Droits Humains dans l'Azawad.\",\"breadcrumb\":{\"@id\":\"https:\\\/\\\/kal-akal.com\\\/?p=417#breadcrumb\"},\"inLanguage\":\"fr-FR\",\"potentialAction\":[{\"@type\":\"ReadAction\",\"target\":[\"https:\\\/\\\/kal-akal.com\\\/?p=417\"]}]},{\"@type\":\"ImageObject\",\"inLanguage\":\"fr-FR\",\"@id\":\"https:\\\/\\\/kal-akal.com\\\/?p=417#primaryimage\",\"url\":\"https:\\\/\\\/kal-akal.com\\\/wp-content\\\/uploads\\\/2025\\\/01\\\/20241231_235244.jpg\",\"contentUrl\":\"https:\\\/\\\/kal-akal.com\\\/wp-content\\\/uploads\\\/2025\\\/01\\\/20241231_235244.jpg\",\"width\":400,\"height\":400},{\"@type\":\"BreadcrumbList\",\"@id\":\"https:\\\/\\\/kal-akal.com\\\/?p=417#breadcrumb\",\"itemListElement\":[{\"@type\":\"ListItem\",\"position\":1,\"name\":\"Home\",\"item\":\"https:\\\/\\\/kal-akal.com\\\/\"},{\"@type\":\"ListItem\",\"position\":2,\"name\":\"Rapport de Janvier 2025, sur les violations des Droits Humains dans l&rsquo;Azawad.\"}]},{\"@type\":\"WebSite\",\"@id\":\"https:\\\/\\\/kal-akal.com\\\/#website\",\"url\":\"https:\\\/\\\/kal-akal.com\\\/\",\"name\":\"Association Kal Akal\",\"description\":\"l\u2019Association Kal Akal est un Observatoire Citoyen de Veille et de D\u00e9fense des Droits Humains du Peuple de l\u2019Azawad.\",\"publisher\":{\"@id\":\"https:\\\/\\\/kal-akal.com\\\/#organization\"},\"potentialAction\":[{\"@type\":\"SearchAction\",\"target\":{\"@type\":\"EntryPoint\",\"urlTemplate\":\"https:\\\/\\\/kal-akal.com\\\/?s={search_term_string}\"},\"query-input\":{\"@type\":\"PropertyValueSpecification\",\"valueRequired\":true,\"valueName\":\"search_term_string\"}}],\"inLanguage\":\"fr-FR\"},{\"@type\":\"Organization\",\"@id\":\"https:\\\/\\\/kal-akal.com\\\/#organization\",\"name\":\"Association Kal Akal\",\"url\":\"https:\\\/\\\/kal-akal.com\\\/\",\"logo\":{\"@type\":\"ImageObject\",\"inLanguage\":\"fr-FR\",\"@id\":\"https:\\\/\\\/kal-akal.com\\\/#\\\/schema\\\/logo\\\/image\\\/\",\"url\":\"https:\\\/\\\/kal-akal.com\\\/wp-content\\\/uploads\\\/2024\\\/06\\\/cropped-\u062c\u0645\u0639\u064a\u0629-\u0643\u0644-\u0623\u0643\u0627\u0644.png\",\"contentUrl\":\"https:\\\/\\\/kal-akal.com\\\/wp-content\\\/uploads\\\/2024\\\/06\\\/cropped-\u062c\u0645\u0639\u064a\u0629-\u0643\u0644-\u0623\u0643\u0627\u0644.png\",\"width\":200,\"height\":40,\"caption\":\"Association Kal Akal\"},\"image\":{\"@id\":\"https:\\\/\\\/kal-akal.com\\\/#\\\/schema\\\/logo\\\/image\\\/\"}},{\"@type\":\"Person\",\"@id\":\"https:\\\/\\\/kal-akal.com\\\/#\\\/schema\\\/person\\\/567ef72ecf558c48a9d23b2688e00dad\",\"name\":\"\u0623\u063a \u0623\u0643\u0627\u0644\",\"image\":{\"@type\":\"ImageObject\",\"inLanguage\":\"fr-FR\",\"@id\":\"https:\\\/\\\/secure.gravatar.com\\\/avatar\\\/81efc4726e0dba8c776f1113155f322ceb71a9ce3af03cdbfa30de879a628ffe?s=96&d=mm&r=g\",\"url\":\"https:\\\/\\\/secure.gravatar.com\\\/avatar\\\/81efc4726e0dba8c776f1113155f322ceb71a9ce3af03cdbfa30de879a628ffe?s=96&d=mm&r=g\",\"contentUrl\":\"https:\\\/\\\/secure.gravatar.com\\\/avatar\\\/81efc4726e0dba8c776f1113155f322ceb71a9ce3af03cdbfa30de879a628ffe?s=96&d=mm&r=g\",\"caption\":\"\u0623\u063a \u0623\u0643\u0627\u0644\"},\"url\":\"https:\\\/\\\/kal-akal.com\\\/?author=2\"}]}<\/script>\n<!-- \/ Yoast SEO plugin. -->","yoast_head_json":{"title":"Rapport de Janvier 2025, sur les violations des Droits Humains dans l'Azawad. - Association Kal Akal","description":"Rapport de Janvier 2025 de l'Association Kal Akal, sur les violations des Droits Humains dans l'Azawad.","robots":{"index":"index","follow":"follow","max-snippet":"max-snippet:-1","max-image-preview":"max-image-preview:large","max-video-preview":"max-video-preview:-1"},"canonical":"https:\/\/kal-akal.com\/?p=417","og_locale":"fr_FR","og_type":"article","og_title":"Rapport de Janvier 2025, sur les violations des Droits Humains dans l'Azawad. - Association Kal Akal","og_description":"Rapport de Janvier 2025 de l'Association Kal Akal, sur les violations des Droits Humains dans l'Azawad.","og_url":"https:\/\/kal-akal.com\/?p=417","og_site_name":"Association Kal Akal","article_published_time":"2025-02-01T10:43:57+00:00","article_modified_time":"2025-02-01T10:43:59+00:00","og_image":[{"width":400,"height":400,"url":"https:\/\/kal-akal.com\/wp-content\/uploads\/2025\/01\/20241231_235244.jpg","type":"image\/jpeg"}],"author":"\u0623\u063a \u0623\u0643\u0627\u0644","twitter_card":"summary_large_image","twitter_misc":{"\u00c9crit par":"\u0623\u063a \u0623\u0643\u0627\u0644","Dur\u00e9e de lecture estim\u00e9e":"17 minutes"},"schema":{"@context":"https:\/\/schema.org","@graph":[{"@type":"Article","@id":"https:\/\/kal-akal.com\/?p=417#article","isPartOf":{"@id":"https:\/\/kal-akal.com\/?p=417"},"author":{"name":"\u0623\u063a \u0623\u0643\u0627\u0644","@id":"https:\/\/kal-akal.com\/#\/schema\/person\/567ef72ecf558c48a9d23b2688e00dad"},"headline":"Rapport de Janvier 2025, sur les violations des Droits Humains dans l&rsquo;Azawad.","datePublished":"2025-02-01T10:43:57+00:00","dateModified":"2025-02-01T10:43:59+00:00","mainEntityOfPage":{"@id":"https:\/\/kal-akal.com\/?p=417"},"wordCount":3233,"commentCount":0,"publisher":{"@id":"https:\/\/kal-akal.com\/#organization"},"image":{"@id":"https:\/\/kal-akal.com\/?p=417#primaryimage"},"thumbnailUrl":"https:\/\/kal-akal.com\/wp-content\/uploads\/2025\/01\/20241231_235244.jpg","articleSection":["rapport"],"inLanguage":"fr-FR","potentialAction":[{"@type":"CommentAction","name":"Comment","target":["https:\/\/kal-akal.com\/?p=417#respond"]}]},{"@type":"WebPage","@id":"https:\/\/kal-akal.com\/?p=417","url":"https:\/\/kal-akal.com\/?p=417","name":"Rapport de Janvier 2025, sur les violations des Droits Humains dans l'Azawad. - Association Kal Akal","isPartOf":{"@id":"https:\/\/kal-akal.com\/#website"},"primaryImageOfPage":{"@id":"https:\/\/kal-akal.com\/?p=417#primaryimage"},"image":{"@id":"https:\/\/kal-akal.com\/?p=417#primaryimage"},"thumbnailUrl":"https:\/\/kal-akal.com\/wp-content\/uploads\/2025\/01\/20241231_235244.jpg","datePublished":"2025-02-01T10:43:57+00:00","dateModified":"2025-02-01T10:43:59+00:00","description":"Rapport de Janvier 2025 de l'Association Kal Akal, sur les violations des Droits Humains dans l'Azawad.","breadcrumb":{"@id":"https:\/\/kal-akal.com\/?p=417#breadcrumb"},"inLanguage":"fr-FR","potentialAction":[{"@type":"ReadAction","target":["https:\/\/kal-akal.com\/?p=417"]}]},{"@type":"ImageObject","inLanguage":"fr-FR","@id":"https:\/\/kal-akal.com\/?p=417#primaryimage","url":"https:\/\/kal-akal.com\/wp-content\/uploads\/2025\/01\/20241231_235244.jpg","contentUrl":"https:\/\/kal-akal.com\/wp-content\/uploads\/2025\/01\/20241231_235244.jpg","width":400,"height":400},{"@type":"BreadcrumbList","@id":"https:\/\/kal-akal.com\/?p=417#breadcrumb","itemListElement":[{"@type":"ListItem","position":1,"name":"Home","item":"https:\/\/kal-akal.com\/"},{"@type":"ListItem","position":2,"name":"Rapport de Janvier 2025, sur les violations des Droits Humains dans l&rsquo;Azawad."}]},{"@type":"WebSite","@id":"https:\/\/kal-akal.com\/#website","url":"https:\/\/kal-akal.com\/","name":"Association Kal Akal","description":"l\u2019Association Kal Akal est un Observatoire Citoyen de Veille et de D\u00e9fense des Droits Humains du Peuple de l\u2019Azawad.","publisher":{"@id":"https:\/\/kal-akal.com\/#organization"},"potentialAction":[{"@type":"SearchAction","target":{"@type":"EntryPoint","urlTemplate":"https:\/\/kal-akal.com\/?s={search_term_string}"},"query-input":{"@type":"PropertyValueSpecification","valueRequired":true,"valueName":"search_term_string"}}],"inLanguage":"fr-FR"},{"@type":"Organization","@id":"https:\/\/kal-akal.com\/#organization","name":"Association Kal Akal","url":"https:\/\/kal-akal.com\/","logo":{"@type":"ImageObject","inLanguage":"fr-FR","@id":"https:\/\/kal-akal.com\/#\/schema\/logo\/image\/","url":"https:\/\/kal-akal.com\/wp-content\/uploads\/2024\/06\/cropped-\u062c\u0645\u0639\u064a\u0629-\u0643\u0644-\u0623\u0643\u0627\u0644.png","contentUrl":"https:\/\/kal-akal.com\/wp-content\/uploads\/2024\/06\/cropped-\u062c\u0645\u0639\u064a\u0629-\u0643\u0644-\u0623\u0643\u0627\u0644.png","width":200,"height":40,"caption":"Association Kal Akal"},"image":{"@id":"https:\/\/kal-akal.com\/#\/schema\/logo\/image\/"}},{"@type":"Person","@id":"https:\/\/kal-akal.com\/#\/schema\/person\/567ef72ecf558c48a9d23b2688e00dad","name":"\u0623\u063a \u0623\u0643\u0627\u0644","image":{"@type":"ImageObject","inLanguage":"fr-FR","@id":"https:\/\/secure.gravatar.com\/avatar\/81efc4726e0dba8c776f1113155f322ceb71a9ce3af03cdbfa30de879a628ffe?s=96&d=mm&r=g","url":"https:\/\/secure.gravatar.com\/avatar\/81efc4726e0dba8c776f1113155f322ceb71a9ce3af03cdbfa30de879a628ffe?s=96&d=mm&r=g","contentUrl":"https:\/\/secure.gravatar.com\/avatar\/81efc4726e0dba8c776f1113155f322ceb71a9ce3af03cdbfa30de879a628ffe?s=96&d=mm&r=g","caption":"\u0623\u063a \u0623\u0643\u0627\u0644"},"url":"https:\/\/kal-akal.com\/?author=2"}]}},"jetpack_featured_media_url":"https:\/\/kal-akal.com\/wp-content\/uploads\/2025\/01\/20241231_235244.jpg","jetpack_sharing_enabled":true,"_links":{"self":[{"href":"https:\/\/kal-akal.com\/index.php?rest_route=\/wp\/v2\/posts\/417","targetHints":{"allow":["GET"]}}],"collection":[{"href":"https:\/\/kal-akal.com\/index.php?rest_route=\/wp\/v2\/posts"}],"about":[{"href":"https:\/\/kal-akal.com\/index.php?rest_route=\/wp\/v2\/types\/post"}],"author":[{"embeddable":true,"href":"https:\/\/kal-akal.com\/index.php?rest_route=\/wp\/v2\/users\/2"}],"replies":[{"embeddable":true,"href":"https:\/\/kal-akal.com\/index.php?rest_route=%2Fwp%2Fv2%2Fcomments&post=417"}],"version-history":[{"count":5,"href":"https:\/\/kal-akal.com\/index.php?rest_route=\/wp\/v2\/posts\/417\/revisions"}],"predecessor-version":[{"id":437,"href":"https:\/\/kal-akal.com\/index.php?rest_route=\/wp\/v2\/posts\/417\/revisions\/437"}],"wp:featuredmedia":[{"embeddable":true,"href":"https:\/\/kal-akal.com\/index.php?rest_route=\/wp\/v2\/media\/389"}],"wp:attachment":[{"href":"https:\/\/kal-akal.com\/index.php?rest_route=%2Fwp%2Fv2%2Fmedia&parent=417"}],"wp:term":[{"taxonomy":"category","embeddable":true,"href":"https:\/\/kal-akal.com\/index.php?rest_route=%2Fwp%2Fv2%2Fcategories&post=417"},{"taxonomy":"post_tag","embeddable":true,"href":"https:\/\/kal-akal.com\/index.php?rest_route=%2Fwp%2Fv2%2Ftags&post=417"}],"curies":[{"name":"wp","href":"https:\/\/api.w.org\/{rel}","templated":true}]}}