{"id":475,"date":"2025-03-19T22:26:16","date_gmt":"2025-03-19T22:26:16","guid":{"rendered":"http:\/\/kal-akal.com\/?p=475"},"modified":"2025-03-19T22:26:16","modified_gmt":"2025-03-19T22:26:16","slug":"tombouctou-3","status":"publish","type":"post","link":"https:\/\/kal-akal.com\/?p=475","title":{"rendered":"Attaque meurtri\u00e8re des FAMa avec&nbsp; d&rsquo;un drone Malien \u00e0 Chamio : un camion d\u00e9truit, des vies perdues et des biens incendi\u00e9s<br>"},"content":{"rendered":"\n<p><strong><em>OBSERVATOIRE DE VEILLE CITOYENNE POUR LA DEFENSE DES DROITS HUMAINS DU PEUPLE DE L&rsquo;AZAWAD\u00a0 (ASSOCIATION KAL AKAL<\/em><\/strong>)<\/p>\n\n\n\n<p><\/p>\n\n\n\n<figure class=\"wp-block-image size-large\"><img loading=\"lazy\" decoding=\"async\" width=\"720\" height=\"622\" src=\"http:\/\/kal-akal.com\/wp-content\/uploads\/2025\/03\/img-20250319-wa02466095313642911225097.jpg\" alt=\"\" class=\"wp-image-474\" srcset=\"https:\/\/kal-akal.com\/wp-content\/uploads\/2025\/03\/img-20250319-wa02466095313642911225097.jpg 720w, https:\/\/kal-akal.com\/wp-content\/uploads\/2025\/03\/img-20250319-wa02466095313642911225097-300x259.jpg 300w\" sizes=\"auto, (max-width: 720px) 100vw, 720px\" \/><\/figure>\n\n\n\n<p><br><strong>D\u00e9p\u00eache<\/strong><br><br>L\u2019Association Kal-Akal condamne fermement l\u2019attaque perp\u00e9tr\u00e9e aujourd&rsquo;hui, le 19 mars 2025, par les FAMa (Forces Arm\u00e9es Maliennes) avec l\u2019utilisation d\u2019un drone fabrication turc \u00e0 Chamio cercle de Tagharoust, r\u00e9gion de Tombouctou. Cette violence insens\u00e9e a cibl\u00e9 un camion appartenant \u00e0 Aly Ould Alla, un commer\u00e7ant bien connu de Gossi, transportant des bidons de gazoil.\u00a0 <br><br>Selon les informations recueillies, l\u2019attaque a fait une quinzaine de victimes. Trois motos ont \u00e9galement \u00e9t\u00e9 incendi\u00e9es, aggravant les pertes mat\u00e9rielles et la d\u00e9tresse des populations locales.\u00a0 <br><br>L\u2019Association Kal-Akal d\u00e9nonce cette escalade de violence qui frappe des civils et des biens essentiels, plongeant les communaut\u00e9s dans la terreur et l\u2019instabilit\u00e9. L\u2019utilisation de drones dans des op\u00e9rations militaires contre des cibles civiles soul\u00e8ve de graves questions sur le respect du droit international humanitaire.\u00a0 <br><br>Nous appelons \u00e0 une enqu\u00eate ind\u00e9pendante et transparente pour \u00e9tablir les responsabilit\u00e9s et \u00e0 ce que les auteurs de ces crimes rendent des comptes. Nous demandons \u00e9galement \u00e0 la communaut\u00e9 internationale de se pencher sur l\u2019utilisation croissante de technologies militaires dans des contextes o\u00f9 les civils sont directement touch\u00e9s.\u00a0 <br><br>Nous exprimons notre solidarit\u00e9 avec les familles des victimes et r\u00e9it\u00e9rons notre engagement \u00e0 d\u00e9fendre les droits des populations touch\u00e9es par ces violences. <br><br>Fait \u00e0 Kidal, Le 19 Mars 2025<\/p>\n","protected":false},"excerpt":{"rendered":"<p>OBSERVATOIRE DE VEILLE CITOYENNE POUR LA DEFENSE DES DROITS HUMAINS DU PEUPLE DE L&rsquo;AZAWAD\u00a0 (ASSOCIATION KAL AKAL) D\u00e9p\u00eache L\u2019Association Kal-Akal condamne fermement l\u2019attaque perp\u00e9tr\u00e9e aujourd&rsquo;hui, le 19 mars 2025, par&hellip;<\/p>\n","protected":false},"author":1,"featured_media":389,"comment_status":"open","ping_status":"open","sticky":false,"template":"","format":"standard","meta":{"_jetpack_memberships_contains_paid_content":false,"footnotes":""},"categories":[5],"tags":[],"class_list":["post-475","post","type-post","status-publish","format-standard","has-post-thumbnail","hentry","category-depeche"],"yoast_head":"<!-- This site is optimized with the Yoast SEO plugin v27.5 - https:\/\/yoast.com\/product\/yoast-seo-wordpress\/ -->\n<title>Attaque meurtri\u00e8re des FAMa avec&nbsp; d&#039;un drone Malien \u00e0 Chamio : un camion d\u00e9truit, des vies perdues et des biens incendi\u00e9s - Association Kal Akal<\/title>\n<meta name=\"robots\" content=\"index, follow, max-snippet:-1, max-image-preview:large, max-video-preview:-1\" \/>\n<link rel=\"canonical\" href=\"https:\/\/kal-akal.com\/?p=475\" \/>\n<meta property=\"og:locale\" content=\"fr_FR\" \/>\n<meta property=\"og:type\" content=\"article\" \/>\n<meta property=\"og:title\" content=\"Attaque meurtri\u00e8re des FAMa avec&nbsp; d&#039;un drone Malien \u00e0 Chamio : un camion d\u00e9truit, des vies perdues et des biens incendi\u00e9s - Association Kal Akal\" \/>\n<meta property=\"og:description\" content=\"OBSERVATOIRE DE VEILLE CITOYENNE POUR LA DEFENSE DES DROITS HUMAINS DU PEUPLE DE L&rsquo;AZAWAD\u00a0 (ASSOCIATION KAL AKAL) D\u00e9p\u00eache L\u2019Association Kal-Akal condamne fermement l\u2019attaque perp\u00e9tr\u00e9e aujourd&rsquo;hui, le 19 mars 2025, par&hellip;\" \/>\n<meta property=\"og:url\" content=\"https:\/\/kal-akal.com\/?p=475\" \/>\n<meta property=\"og:site_name\" content=\"Association Kal Akal\" \/>\n<meta property=\"article:published_time\" content=\"2025-03-19T22:26:16+00:00\" \/>\n<meta property=\"og:image\" content=\"https:\/\/kal-akal.com\/wp-content\/uploads\/2025\/01\/20241231_235244.jpg\" \/>\n\t<meta property=\"og:image:width\" content=\"400\" \/>\n\t<meta property=\"og:image:height\" content=\"400\" \/>\n\t<meta property=\"og:image:type\" content=\"image\/jpeg\" \/>\n<meta name=\"author\" content=\"\u0639\u0628\u062f\u0627\u0644\u0644\u06472024\" \/>\n<meta name=\"twitter:card\" content=\"summary_large_image\" \/>\n<meta name=\"twitter:label1\" content=\"\u00c9crit par\" \/>\n\t<meta name=\"twitter:data1\" content=\"\u0639\u0628\u062f\u0627\u0644\u0644\u06472024\" \/>\n\t<meta name=\"twitter:label2\" content=\"Dur\u00e9e de lecture estim\u00e9e\" \/>\n\t<meta name=\"twitter:data2\" content=\"1 minute\" \/>\n<script type=\"application\/ld+json\" class=\"yoast-schema-graph\">{\"@context\":\"https:\\\/\\\/schema.org\",\"@graph\":[{\"@type\":\"Article\",\"@id\":\"https:\\\/\\\/kal-akal.com\\\/?p=475#article\",\"isPartOf\":{\"@id\":\"https:\\\/\\\/kal-akal.com\\\/?p=475\"},\"author\":{\"name\":\"\u0639\u0628\u062f\u0627\u0644\u0644\u06472024\",\"@id\":\"https:\\\/\\\/kal-akal.com\\\/#\\\/schema\\\/person\\\/38fee61aab36e307bd27480803963845\"},\"headline\":\"Attaque meurtri\u00e8re des FAMa avec&nbsp; d&rsquo;un drone Malien \u00e0 Chamio : un camion d\u00e9truit, des vies perdues et des biens incendi\u00e9s\",\"datePublished\":\"2025-03-19T22:26:16+00:00\",\"mainEntityOfPage\":{\"@id\":\"https:\\\/\\\/kal-akal.com\\\/?p=475\"},\"wordCount\":270,\"commentCount\":0,\"publisher\":{\"@id\":\"https:\\\/\\\/kal-akal.com\\\/#organization\"},\"image\":{\"@id\":\"https:\\\/\\\/kal-akal.com\\\/?p=475#primaryimage\"},\"thumbnailUrl\":\"https:\\\/\\\/kal-akal.com\\\/wp-content\\\/uploads\\\/2025\\\/01\\\/20241231_235244.jpg\",\"articleSection\":[\"D\u00e9p\u00eache\"],\"inLanguage\":\"fr-FR\",\"potentialAction\":[{\"@type\":\"CommentAction\",\"name\":\"Comment\",\"target\":[\"https:\\\/\\\/kal-akal.com\\\/?p=475#respond\"]}]},{\"@type\":\"WebPage\",\"@id\":\"https:\\\/\\\/kal-akal.com\\\/?p=475\",\"url\":\"https:\\\/\\\/kal-akal.com\\\/?p=475\",\"name\":\"Attaque meurtri\u00e8re des FAMa avec&nbsp; d'un drone Malien \u00e0 Chamio : un camion d\u00e9truit, des vies perdues et des biens incendi\u00e9s - Association Kal Akal\",\"isPartOf\":{\"@id\":\"https:\\\/\\\/kal-akal.com\\\/#website\"},\"primaryImageOfPage\":{\"@id\":\"https:\\\/\\\/kal-akal.com\\\/?p=475#primaryimage\"},\"image\":{\"@id\":\"https:\\\/\\\/kal-akal.com\\\/?p=475#primaryimage\"},\"thumbnailUrl\":\"https:\\\/\\\/kal-akal.com\\\/wp-content\\\/uploads\\\/2025\\\/01\\\/20241231_235244.jpg\",\"datePublished\":\"2025-03-19T22:26:16+00:00\",\"breadcrumb\":{\"@id\":\"https:\\\/\\\/kal-akal.com\\\/?p=475#breadcrumb\"},\"inLanguage\":\"fr-FR\",\"potentialAction\":[{\"@type\":\"ReadAction\",\"target\":[\"https:\\\/\\\/kal-akal.com\\\/?p=475\"]}]},{\"@type\":\"ImageObject\",\"inLanguage\":\"fr-FR\",\"@id\":\"https:\\\/\\\/kal-akal.com\\\/?p=475#primaryimage\",\"url\":\"https:\\\/\\\/kal-akal.com\\\/wp-content\\\/uploads\\\/2025\\\/01\\\/20241231_235244.jpg\",\"contentUrl\":\"https:\\\/\\\/kal-akal.com\\\/wp-content\\\/uploads\\\/2025\\\/01\\\/20241231_235244.jpg\",\"width\":400,\"height\":400},{\"@type\":\"BreadcrumbList\",\"@id\":\"https:\\\/\\\/kal-akal.com\\\/?p=475#breadcrumb\",\"itemListElement\":[{\"@type\":\"ListItem\",\"position\":1,\"name\":\"Home\",\"item\":\"https:\\\/\\\/kal-akal.com\\\/\"},{\"@type\":\"ListItem\",\"position\":2,\"name\":\"Attaque meurtri\u00e8re des FAMa avec&nbsp; d&rsquo;un drone Malien \u00e0 Chamio : un camion d\u00e9truit, des vies perdues et des biens incendi\u00e9s\"}]},{\"@type\":\"WebSite\",\"@id\":\"https:\\\/\\\/kal-akal.com\\\/#website\",\"url\":\"https:\\\/\\\/kal-akal.com\\\/\",\"name\":\"Association Kal Akal\",\"description\":\"l\u2019Association Kal Akal est un Observatoire Citoyen de Veille et de D\u00e9fense des Droits Humains du Peuple de l\u2019Azawad.\",\"publisher\":{\"@id\":\"https:\\\/\\\/kal-akal.com\\\/#organization\"},\"potentialAction\":[{\"@type\":\"SearchAction\",\"target\":{\"@type\":\"EntryPoint\",\"urlTemplate\":\"https:\\\/\\\/kal-akal.com\\\/?s={search_term_string}\"},\"query-input\":{\"@type\":\"PropertyValueSpecification\",\"valueRequired\":true,\"valueName\":\"search_term_string\"}}],\"inLanguage\":\"fr-FR\"},{\"@type\":\"Organization\",\"@id\":\"https:\\\/\\\/kal-akal.com\\\/#organization\",\"name\":\"Association Kal Akal\",\"url\":\"https:\\\/\\\/kal-akal.com\\\/\",\"logo\":{\"@type\":\"ImageObject\",\"inLanguage\":\"fr-FR\",\"@id\":\"https:\\\/\\\/kal-akal.com\\\/#\\\/schema\\\/logo\\\/image\\\/\",\"url\":\"https:\\\/\\\/kal-akal.com\\\/wp-content\\\/uploads\\\/2024\\\/06\\\/cropped-\u062c\u0645\u0639\u064a\u0629-\u0643\u0644-\u0623\u0643\u0627\u0644.png\",\"contentUrl\":\"https:\\\/\\\/kal-akal.com\\\/wp-content\\\/uploads\\\/2024\\\/06\\\/cropped-\u062c\u0645\u0639\u064a\u0629-\u0643\u0644-\u0623\u0643\u0627\u0644.png\",\"width\":200,\"height\":40,\"caption\":\"Association Kal Akal\"},\"image\":{\"@id\":\"https:\\\/\\\/kal-akal.com\\\/#\\\/schema\\\/logo\\\/image\\\/\"}},{\"@type\":\"Person\",\"@id\":\"https:\\\/\\\/kal-akal.com\\\/#\\\/schema\\\/person\\\/38fee61aab36e307bd27480803963845\",\"name\":\"\u0639\u0628\u062f\u0627\u0644\u0644\u06472024\",\"image\":{\"@type\":\"ImageObject\",\"inLanguage\":\"fr-FR\",\"@id\":\"https:\\\/\\\/secure.gravatar.com\\\/avatar\\\/3c56ec666afc88ba8e609c1f64df8546bde100acf43533800f1a1368f1fb350c?s=96&d=mm&r=g\",\"url\":\"https:\\\/\\\/secure.gravatar.com\\\/avatar\\\/3c56ec666afc88ba8e609c1f64df8546bde100acf43533800f1a1368f1fb350c?s=96&d=mm&r=g\",\"contentUrl\":\"https:\\\/\\\/secure.gravatar.com\\\/avatar\\\/3c56ec666afc88ba8e609c1f64df8546bde100acf43533800f1a1368f1fb350c?s=96&d=mm&r=g\",\"caption\":\"\u0639\u0628\u062f\u0627\u0644\u0644\u06472024\"},\"sameAs\":[\"http:\\\/\\\/kal-akal.com\"],\"url\":\"https:\\\/\\\/kal-akal.com\\\/?author=1\"}]}<\/script>\n<!-- \/ Yoast SEO plugin. -->","yoast_head_json":{"title":"Attaque meurtri\u00e8re des FAMa avec&nbsp; d'un drone Malien \u00e0 Chamio : un camion d\u00e9truit, des vies perdues et des biens incendi\u00e9s - Association Kal Akal","robots":{"index":"index","follow":"follow","max-snippet":"max-snippet:-1","max-image-preview":"max-image-preview:large","max-video-preview":"max-video-preview:-1"},"canonical":"https:\/\/kal-akal.com\/?p=475","og_locale":"fr_FR","og_type":"article","og_title":"Attaque meurtri\u00e8re des FAMa avec&nbsp; d'un drone Malien \u00e0 Chamio : un camion d\u00e9truit, des vies perdues et des biens incendi\u00e9s - Association Kal Akal","og_description":"OBSERVATOIRE DE VEILLE CITOYENNE POUR LA DEFENSE DES DROITS HUMAINS DU PEUPLE DE L&rsquo;AZAWAD\u00a0 (ASSOCIATION KAL AKAL) D\u00e9p\u00eache L\u2019Association Kal-Akal condamne fermement l\u2019attaque perp\u00e9tr\u00e9e aujourd&rsquo;hui, le 19 mars 2025, par&hellip;","og_url":"https:\/\/kal-akal.com\/?p=475","og_site_name":"Association Kal Akal","article_published_time":"2025-03-19T22:26:16+00:00","og_image":[{"width":400,"height":400,"url":"https:\/\/kal-akal.com\/wp-content\/uploads\/2025\/01\/20241231_235244.jpg","type":"image\/jpeg"}],"author":"\u0639\u0628\u062f\u0627\u0644\u0644\u06472024","twitter_card":"summary_large_image","twitter_misc":{"\u00c9crit par":"\u0639\u0628\u062f\u0627\u0644\u0644\u06472024","Dur\u00e9e de lecture estim\u00e9e":"1 minute"},"schema":{"@context":"https:\/\/schema.org","@graph":[{"@type":"Article","@id":"https:\/\/kal-akal.com\/?p=475#article","isPartOf":{"@id":"https:\/\/kal-akal.com\/?p=475"},"author":{"name":"\u0639\u0628\u062f\u0627\u0644\u0644\u06472024","@id":"https:\/\/kal-akal.com\/#\/schema\/person\/38fee61aab36e307bd27480803963845"},"headline":"Attaque meurtri\u00e8re des FAMa avec&nbsp; d&rsquo;un drone Malien \u00e0 Chamio : un camion d\u00e9truit, des vies perdues et des biens incendi\u00e9s","datePublished":"2025-03-19T22:26:16+00:00","mainEntityOfPage":{"@id":"https:\/\/kal-akal.com\/?p=475"},"wordCount":270,"commentCount":0,"publisher":{"@id":"https:\/\/kal-akal.com\/#organization"},"image":{"@id":"https:\/\/kal-akal.com\/?p=475#primaryimage"},"thumbnailUrl":"https:\/\/kal-akal.com\/wp-content\/uploads\/2025\/01\/20241231_235244.jpg","articleSection":["D\u00e9p\u00eache"],"inLanguage":"fr-FR","potentialAction":[{"@type":"CommentAction","name":"Comment","target":["https:\/\/kal-akal.com\/?p=475#respond"]}]},{"@type":"WebPage","@id":"https:\/\/kal-akal.com\/?p=475","url":"https:\/\/kal-akal.com\/?p=475","name":"Attaque meurtri\u00e8re des FAMa avec&nbsp; d'un drone Malien \u00e0 Chamio : un camion d\u00e9truit, des vies perdues et des biens incendi\u00e9s - Association Kal Akal","isPartOf":{"@id":"https:\/\/kal-akal.com\/#website"},"primaryImageOfPage":{"@id":"https:\/\/kal-akal.com\/?p=475#primaryimage"},"image":{"@id":"https:\/\/kal-akal.com\/?p=475#primaryimage"},"thumbnailUrl":"https:\/\/kal-akal.com\/wp-content\/uploads\/2025\/01\/20241231_235244.jpg","datePublished":"2025-03-19T22:26:16+00:00","breadcrumb":{"@id":"https:\/\/kal-akal.com\/?p=475#breadcrumb"},"inLanguage":"fr-FR","potentialAction":[{"@type":"ReadAction","target":["https:\/\/kal-akal.com\/?p=475"]}]},{"@type":"ImageObject","inLanguage":"fr-FR","@id":"https:\/\/kal-akal.com\/?p=475#primaryimage","url":"https:\/\/kal-akal.com\/wp-content\/uploads\/2025\/01\/20241231_235244.jpg","contentUrl":"https:\/\/kal-akal.com\/wp-content\/uploads\/2025\/01\/20241231_235244.jpg","width":400,"height":400},{"@type":"BreadcrumbList","@id":"https:\/\/kal-akal.com\/?p=475#breadcrumb","itemListElement":[{"@type":"ListItem","position":1,"name":"Home","item":"https:\/\/kal-akal.com\/"},{"@type":"ListItem","position":2,"name":"Attaque meurtri\u00e8re des FAMa avec&nbsp; d&rsquo;un drone Malien \u00e0 Chamio : un camion d\u00e9truit, des vies perdues et des biens incendi\u00e9s"}]},{"@type":"WebSite","@id":"https:\/\/kal-akal.com\/#website","url":"https:\/\/kal-akal.com\/","name":"Association Kal Akal","description":"l\u2019Association Kal Akal est un Observatoire Citoyen de Veille et de D\u00e9fense des Droits Humains du Peuple de l\u2019Azawad.","publisher":{"@id":"https:\/\/kal-akal.com\/#organization"},"potentialAction":[{"@type":"SearchAction","target":{"@type":"EntryPoint","urlTemplate":"https:\/\/kal-akal.com\/?s={search_term_string}"},"query-input":{"@type":"PropertyValueSpecification","valueRequired":true,"valueName":"search_term_string"}}],"inLanguage":"fr-FR"},{"@type":"Organization","@id":"https:\/\/kal-akal.com\/#organization","name":"Association Kal Akal","url":"https:\/\/kal-akal.com\/","logo":{"@type":"ImageObject","inLanguage":"fr-FR","@id":"https:\/\/kal-akal.com\/#\/schema\/logo\/image\/","url":"https:\/\/kal-akal.com\/wp-content\/uploads\/2024\/06\/cropped-\u062c\u0645\u0639\u064a\u0629-\u0643\u0644-\u0623\u0643\u0627\u0644.png","contentUrl":"https:\/\/kal-akal.com\/wp-content\/uploads\/2024\/06\/cropped-\u062c\u0645\u0639\u064a\u0629-\u0643\u0644-\u0623\u0643\u0627\u0644.png","width":200,"height":40,"caption":"Association Kal Akal"},"image":{"@id":"https:\/\/kal-akal.com\/#\/schema\/logo\/image\/"}},{"@type":"Person","@id":"https:\/\/kal-akal.com\/#\/schema\/person\/38fee61aab36e307bd27480803963845","name":"\u0639\u0628\u062f\u0627\u0644\u0644\u06472024","image":{"@type":"ImageObject","inLanguage":"fr-FR","@id":"https:\/\/secure.gravatar.com\/avatar\/3c56ec666afc88ba8e609c1f64df8546bde100acf43533800f1a1368f1fb350c?s=96&d=mm&r=g","url":"https:\/\/secure.gravatar.com\/avatar\/3c56ec666afc88ba8e609c1f64df8546bde100acf43533800f1a1368f1fb350c?s=96&d=mm&r=g","contentUrl":"https:\/\/secure.gravatar.com\/avatar\/3c56ec666afc88ba8e609c1f64df8546bde100acf43533800f1a1368f1fb350c?s=96&d=mm&r=g","caption":"\u0639\u0628\u062f\u0627\u0644\u0644\u06472024"},"sameAs":["http:\/\/kal-akal.com"],"url":"https:\/\/kal-akal.com\/?author=1"}]}},"jetpack_featured_media_url":"https:\/\/kal-akal.com\/wp-content\/uploads\/2025\/01\/20241231_235244.jpg","jetpack_sharing_enabled":true,"_links":{"self":[{"href":"https:\/\/kal-akal.com\/index.php?rest_route=\/wp\/v2\/posts\/475","targetHints":{"allow":["GET"]}}],"collection":[{"href":"https:\/\/kal-akal.com\/index.php?rest_route=\/wp\/v2\/posts"}],"about":[{"href":"https:\/\/kal-akal.com\/index.php?rest_route=\/wp\/v2\/types\/post"}],"author":[{"embeddable":true,"href":"https:\/\/kal-akal.com\/index.php?rest_route=\/wp\/v2\/users\/1"}],"replies":[{"embeddable":true,"href":"https:\/\/kal-akal.com\/index.php?rest_route=%2Fwp%2Fv2%2Fcomments&post=475"}],"version-history":[{"count":0,"href":"https:\/\/kal-akal.com\/index.php?rest_route=\/wp\/v2\/posts\/475\/revisions"}],"wp:featuredmedia":[{"embeddable":true,"href":"https:\/\/kal-akal.com\/index.php?rest_route=\/wp\/v2\/media\/389"}],"wp:attachment":[{"href":"https:\/\/kal-akal.com\/index.php?rest_route=%2Fwp%2Fv2%2Fmedia&parent=475"}],"wp:term":[{"taxonomy":"category","embeddable":true,"href":"https:\/\/kal-akal.com\/index.php?rest_route=%2Fwp%2Fv2%2Fcategories&post=475"},{"taxonomy":"post_tag","embeddable":true,"href":"https:\/\/kal-akal.com\/index.php?rest_route=%2Fwp%2Fv2%2Ftags&post=475"}],"curies":[{"name":"wp","href":"https:\/\/api.w.org\/{rel}","templated":true}]}}