{"id":477,"date":"2025-04-01T15:05:28","date_gmt":"2025-04-01T15:05:28","guid":{"rendered":"http:\/\/kal-akal.com\/?p=477"},"modified":"2025-04-01T21:31:17","modified_gmt":"2025-04-01T21:31:17","slug":"rapport-de-mars-2025-sur-les-violations-des-droits-humains-dans-lazawad","status":"publish","type":"post","link":"https:\/\/kal-akal.com\/?p=477","title":{"rendered":"Rapport de Mars 2025, sur les violations des Droits Humains dans l&rsquo;Azawad."},"content":{"rendered":"\n<p><strong>OBSERVATOIRE DE VEILLE CITOYENNE POUR LA DEFENSE DES DROITS HUMAINS DU PEUPLE DE L&rsquo;AZAWAD, &lt;&lt; ASSOCIATION KAL AKAL &gt;&gt;&gt;<\/strong><\/p>\n\n\n\n<p><strong><u>RAPPORT N\u00b003\/MHB\/2025<\/u><\/strong><strong><\/strong><\/p>\n\n\n\n<p>\u00a0\u00a0\u00a0 <strong><u>P\u00e9riode<\/u> : <\/strong>Mois de Mars<\/p>\n\n\n\n<p><strong><u>Date<\/u> :<\/strong> le 1<sup>er<\/sup> Avril 2025<strong> <\/strong><\/p>\n\n\n\n<p><strong><u>Introduction<\/u> :<\/strong><\/p>\n\n\n\n<p>L&rsquo;association Kal-Akal est une organisation de la soci\u00e9t\u00e9 civile bas\u00e9e \u00e0 Kidal, d\u00e9di\u00e9e \u00e0 la d\u00e9fense des droits humains du peuple de l&rsquo;Azawad. \u00c0 but non lucratif, elle \u0153uvre pour la promotion de l&rsquo;\u00e9ducation, la pr\u00e9servation du patrimoine culturel, la coh\u00e9sion sociale et la d\u00e9fense des droits humains.&nbsp;<\/p>\n\n\n\n<p>Son travail de documentation couvre l&rsquo;ensemble des r\u00e9gions de l&rsquo;Azawad ainsi qu&rsquo;une partie du centre du Mali. Gr\u00e2ce \u00e0 un r\u00e9seau de relais locaux et de personnes anonymes, Kal-Akal recueille des informations sur les violations des droits humains sans distinction des auteurs, des cibles ou des motivations.&nbsp;<\/p>\n\n\n\n<p><strong>CHRONIQUE DES ATROCIT\u00c9S PERP\u00c9TR\u00c9ES EN AZAWAD<\/strong> : Un mois de mars 2025 tragiquement marqu\u00e9 par la violence et la cruaut\u00e9<\/p>\n\n\n\n<p>Le mois de mars 2025 a \u00e9t\u00e9 marqu\u00e9 par une escalade des violences dans les r\u00e9gions septentrionales de l&rsquo;Azawad. Les populations civiles, d\u00e9j\u00e0 \u00e9prouv\u00e9es par des mois d&rsquo;ins\u00e9curit\u00e9, ont subi des exactions d&rsquo;une brutalit\u00e9 inou\u00efe, perp\u00e9tr\u00e9es par l&rsquo;arm\u00e9e malienne et ses alli\u00e9s, les mercenaires russes du groupe Wagner, ainsi que par des groupes arm\u00e9s comme l&rsquo;EIGS et la Katiba Macina.&nbsp;<\/p>\n\n\n\n<p>Ce rapport dresse un tableau rigoureux et d\u00e9taill\u00e9 des violations massives des droits humains commises au cours de ce mois, tout en appelant une nouvelle fois la communaut\u00e9 internationale \u00e0 agir face \u00e0 cette trag\u00e9die.&nbsp;<\/p>\n\n\n\n<p><strong>I.EX\u00c9CUTIONS SOMMAIRES ET MEURTRES CIBL\u00c9S <\/strong>: 35 cas confirm\u00e9s<\/p>\n\n\n\n<p>&#8211; Le 4 mars 2025 :&nbsp; Deux forgerons enlev\u00e9s il y a deux mois par FMAs-Wagner \u00e0 Mema ont \u00e9t\u00e9 retrouv\u00e9s morts.&nbsp;<\/p>\n\n\n\n<p>&#8211; Le 10 mars 2025 :&nbsp; Albu Ould Ahmattah, un jeune homme de 20 ans, a \u00e9t\u00e9 intercept\u00e9 et assassin\u00e9 par FAMa-Wagner \u00e0 Er-Intejeft (commune de Ber, Tombouctou). Sa voiture a \u00e9t\u00e9 br\u00fbl\u00e9e.&nbsp;<\/p>\n\n\n\n<p>&#8211; Le 16 mars 2025 :&nbsp; Frappes a\u00e9riennes de FAMa-Wagner \u00e0 Ajder (Tombouctou) 17 civils tu\u00e9s et 7 bless\u00e9s. Les victimes, majoritairement des \u00e9leveurs et commer\u00e7ants.&nbsp;<\/p>\n\n\n\n<p>&#8211; Le 17 mars 2025 :&nbsp; Une frappe de drone malien a cibl\u00e9 une voiture civile \u00e0 Tagourast (Achibogo), ex\u00e9cutant 2 personnes (Hamad Lamine Ag Hoga et Ghissa Ag El Mahdi) et blessant 3 autres.&nbsp;<\/p>\n\n\n\n<p>&#8211; Le 18 mars 2025 :&nbsp; Frappe de drone de FAMa-Wagner sur une zone commerciale \u00e0 Chamio (Banikane) 12 civils songha\u00efs tu\u00e9s lors du chargement d&rsquo;un camion.&nbsp;<\/p>\n\n\n\n<p>-le 28 mars 2025&nbsp;: Deux jeunes arabe accompagn\u00e9s de leurs animaux ont \u00e9t\u00e9 assassin\u00e9s \u00e0 l&rsquo;ouest de Nampla par les FAMa-Wagner<\/p>\n\n\n\n<p>&#8211; Le 29 mars 2025 :&nbsp; Deux civils \u00e0 moto ont \u00e9t\u00e9 ex\u00e9cut\u00e9s par les FAMa-Wagner \u00e0 Tinsalane (Tessalit).&nbsp;<\/p>\n\n\n\n<p>&#8211; Le 29 mars 2025 :&nbsp; Le corps d&rsquo;Aghali Ag Wadosan, enlev\u00e9 le 27 mars 2025 par FAMa-Wagner, a \u00e9t\u00e9 retrouv\u00e9 vers Tessalite.&nbsp;<\/p>\n\n\n\n<p><strong>II. ENL\u00c8VEMENTS, DISPARITIONS FORC\u00c9ES ET TORTURES&nbsp;: &nbsp;15<\/strong> cas confirm\u00e9s<\/p>\n\n\n\n<p>&#8211; Le 3 mars 2025 :&nbsp; Trois civils arr\u00eat\u00e9s \u00e0 Ibdakan (Kidal) par les FAMa-Wagner et emmen\u00e9s au camp militaire d&rsquo;Adjelhoc.<\/p>\n\n\n\n<p>&nbsp;&#8211; Le 12 mars 2025 :&nbsp; Arrestation de Dola Ag Tourka et Ibrahim Ag Tourka \u00e0 Aguelhok.&nbsp;<\/p>\n\n\n\n<p>&#8211; Le 13 mars 2025 :&nbsp; Plusieurs personnes arr\u00eat\u00e9es autour du Lac T\u00e9l\u00e9 (dont deux vieillards). Leur sort reste inconnu.<\/p>\n\n\n\n<p>&#8211; Le 27 mars 2025 :&nbsp;<\/p>\n\n\n\n<p>&nbsp;&nbsp;&nbsp;&nbsp;&nbsp;&nbsp;&nbsp;&nbsp;&nbsp;&nbsp;&nbsp;&nbsp; -Cinq civils arr\u00eat\u00e9s \u00e0 Iniskak et d\u00e9tenus \u00e0 Eched (Tessalit) par les FAMa-Wagner.&nbsp;<\/p>\n\n\n\n<p>&nbsp; &nbsp;&nbsp;&nbsp;&nbsp;&nbsp;&nbsp;&nbsp;&nbsp;&nbsp;&nbsp;&#8211; Trois personnes arr\u00eat\u00e9es \u00e0 la fronti\u00e8re alg\u00e9rienne sur l\u2019axe (BBM) (Tessalit) par FAMa-Wagner.&nbsp;<\/p>\n\n\n\n<p>&#8211; Le 31 mars 2025 :&nbsp; Arrestation de Salick Oueld Moustapha Bouhandaoui \u00e0 Tombouctou par les FAMa-Wagner .&nbsp;<\/p>\n\n\n\n<p><strong>III. PILLAGES, DESTRUCTIONS DE BIENS ET VIOLENCES \u00c9CONOMIQUES&nbsp;: 9 cas confirm\u00e9s<\/strong><\/p>\n\n\n\n<p>&#8211; Le 4 mars 2025 :&nbsp;<\/p>\n\n\n\n<ul class=\"wp-block-list\">\n<li>Trois boutiques incendi\u00e9es \u00e0 Ebang Malane (Gossi) par les FAMa-Wagner.\u00a0<\/li>\n\n\n\n<li>Destruction d&rsquo;une mini-adduction d&rsquo;eau \u00e0 Tinfadimata (M\u00e9naka) par les FAMa-Wagner.\u00a0<\/li>\n<\/ul>\n\n\n\n<p>&#8211; Le 5 mars 2025 : Incendie de campements nomades et pillages \u00e0 In Tadayne et Tamia (M\u00e9naka) par les FAMa-Wagner.&nbsp;<\/p>\n\n\n\n<p>&#8211; Le 10 mars 2025 :&nbsp; Village de Fatakara (Goundam) forc\u00e9 de se vider sous la menace de JNIM.&nbsp;<\/p>\n\n\n\n<p>&#8211; Le 13 mars 2025 :&nbsp;<\/p>\n\n\n\n<ul class=\"wp-block-list\">\n<li>Incendie de campements nomades \u00e0 Er-Intadjeft (Ber) par les FAMa-Wagner.\u00a0<\/li>\n\n\n\n<li>Village peul incendi\u00e9 pr\u00e8s de Nampla Par les FAMa-Wagner.\u00a0<\/li>\n<\/ul>\n\n\n\n<p>&#8211; Le 21 mars 2025 :&nbsp; vol de troupeaux par l&rsquo;EIGS pr\u00e8s de Gao (Kossaye, Oussaga).&nbsp;<\/p>\n\n\n\n<p>&#8211; Le 25 mars 2025 :&nbsp; extorsion de 15 000 FCFA par personne au march\u00e9 de Wabaria (Gao) par les FAMa-Wagner.&nbsp;<\/p>\n\n\n\n<p>-Le 28 mars 2025, un feu de brousse a \u00e9t\u00e9 provoqu\u00e9 par FAMa-Wagner \u00e0 Ghatay\/Adjelhoc.<\/p>\n\n\n\n<p>-Le 31 mars 2025, un drone FAMa a effectu\u00e9 trois frappes contre le domicile de Abdolahi \u00e0 Boujbeha (Taoud\u00e9nit), faisant un bless\u00e9 et d\u00e9truisant 5 v\u00e9hicules civil (trois camions, une Toyota Hilux et un pick-up)<\/p>\n\n\n\n<p>IV. <strong>DOMMAGES \u00c0 L\u2019ENVIRONNEMENT&nbsp;:&nbsp; 4 cas confirm\u00e9s<\/strong><\/p>\n\n\n\n<p>&#8211; Le 4 mars 2025:&nbsp; Destruction du ch\u00e2teau d&rsquo;eau et du moteur \u00e9lectrique alimentant la mini-adduction d&rsquo;eau \u00e0 Tinfadimata (M\u00e9naka), privant la population d&rsquo;acc\u00e8s \u00e0 l&rsquo;eau potable par les FAMa-Wagner.&nbsp;<\/p>\n\n\n\n<p>&nbsp; &#8211; D\u00e9clenchement d&rsquo;un (feu de brousse) par les FAMa-Wagner dans la m\u00eame localit\u00e9, d\u00e9truisant des p\u00e2turages essentiels pour les \u00e9leveurs nomades.&nbsp;<\/p>\n\n\n\n<p>&#8211; Le 13 mars 2025 :&nbsp; Incendies volontaires de campements nomades et de p\u00e2turages \u00e0 Er-Intadjer (Ber) et pr\u00e8s de Nampla par les FAMa-Wagner, aggravant la d\u00e9sertification et mena\u00e7ant les moyens de subsistance des communaut\u00e9s pastorales.&nbsp;<\/p>\n\n\n\n<p>&#8211; Le 28 mars 2025:&nbsp; Feu de brousse provoqu\u00e9 par les FAMa-Wagner \u00e0 Ghatay\/Adjelhoc, d\u00e9truisant des centaines d&rsquo;hectares de terres agricoles et pastorales.&nbsp;<\/p>\n\n\n\n<p>&#8211; Le 31 mars 2025:&nbsp; Frappes de drone de FAMa-Wagner sur des v\u00e9hicules \u00e0 Boujbeha (Taoud\u00e9nit), risquant de contaminer les sols et les nappes phr\u00e9atiques avec des r\u00e9sidus d&rsquo;explosifs et d&rsquo;hydrocarbures.&nbsp;<\/p>\n\n\n\n<p>Ces actes de destruction environnementale (syst\u00e9matique) ont des cons\u00e9quences dramatiques \u00e0 long terme<\/p>\n\n\n\n<p><strong>V. VIOL&nbsp; &nbsp;1 cas confirm\u00e9<\/strong><\/p>\n\n\n\n<p>&#8211; Le 27 mars 2025 :&nbsp; Une femme qui se trouvait dans un camion intercept\u00e9 \u00e0 la fronti\u00e8re alg\u00e9rienne a \u00e9t\u00e9 viol\u00e9e par les FAMa-Wagner. Elle a \u00e9t\u00e9 \u00e9vacu\u00e9e \u00e0 BBM&nbsp; (Alg\u00e9rie).&nbsp;<\/p>\n\n\n\n<p><strong>VI. CONS\u00c9QUENCES HUMANITAIRES<\/strong> : exode et d\u00e9t\u00e9rioration des conditions de vie<\/p>\n\n\n\n<p>&#8211; D\u00e9placement massif des populations de Fatakara vers Goundam apr\u00e8s les menaces du JNIM.&nbsp;<\/p>\n\n\n\n<p>&#8211; Afflux de r\u00e9fugi\u00e9s vers l&rsquo;Alg\u00e9rie, notamment \u00e0 Timeyawen.&nbsp;<\/p>\n\n\n\n<p>&#8211; Destruction d&rsquo;infrastructures vitales (eau, march\u00e9s, habitations) par les viol\u00e9e par les FAMa-Wagner et les groupes jihadistes.&nbsp;<\/p>\n\n\n\n<p><strong>Conclusion<\/strong><\/p>\n\n\n\n<p><strong>UN APPEL \u00c0 L&rsquo;ACTION URGENTE<\/strong><\/p>\n\n\n\n<p>L&rsquo;association Kal Akal condamne avec la plus grande fermet\u00e9 ces atrocit\u00e9s, qui constituent des crimes de guerre et des violations flagrantes du droit international humanitaire. Nous exhortons la communaut\u00e9 internationale \u00e0 :&nbsp;<\/p>\n\n\n\n<p>Prot\u00e9ger les civils en renfor\u00e7ant les m\u00e9canismes de surveillance et de protection.&nbsp;<\/p>\n\n\n\n<p>Mettre fin \u00e0 l&rsquo;impunit\u00e9 en traduisant les auteurs devant la justice.&nbsp;<\/p>\n\n\n\n<p>Garantir l&rsquo;acc\u00e8s humanitaire aux r\u00e9gions sinistr\u00e9es.&nbsp;<\/p>\n\n\n\n<p>Kal-Akal poursuivra son travail de documentation et d&rsquo;assistance aux victimes, malgr\u00e9 les risques croissants.&nbsp;<\/p>\n\n\n\n<p><strong>quelques images des crimes <\/strong><\/p>\n\n\n\n<p>1- Le 24\/3\/2025 une frappe de drone \u00e0 Mandiakoye localit\u00e9 situ\u00e9e \u00e0 environs 40 km \u00e0 l&rsquo;ouest de Tagharouste\/Gourma-Rharous faisant des d\u00e9g\u00e2ts mat\u00e9riels inormes <\/p>\n\n\n\n<figure class=\"wp-block-image size-large\"><img loading=\"lazy\" decoding=\"async\" width=\"768\" height=\"1024\" src=\"http:\/\/kal-akal.com\/wp-content\/uploads\/2025\/04\/1000050583-768x1024.jpg\" alt=\"\" class=\"wp-image-479\" srcset=\"https:\/\/kal-akal.com\/wp-content\/uploads\/2025\/04\/1000050583-768x1024.jpg 768w, https:\/\/kal-akal.com\/wp-content\/uploads\/2025\/04\/1000050583-225x300.jpg 225w, https:\/\/kal-akal.com\/wp-content\/uploads\/2025\/04\/1000050583.jpg 780w\" sizes=\"auto, (max-width: 768px) 100vw, 768px\" \/><\/figure>\n\n\n\n<p>2- Une Frappe de drone Malien \u00e0 Zarho; Tombouctou Le 18 Mars 2025 sur un camion civile. Faisant 13 morts et quelques bless\u00e9s tous civils. <\/p>\n\n\n\n<figure class=\"wp-block-image size-large\"><img loading=\"lazy\" decoding=\"async\" width=\"576\" height=\"1024\" src=\"http:\/\/kal-akal.com\/wp-content\/uploads\/2025\/04\/1000050588-576x1024.jpg\" alt=\"\" class=\"wp-image-480\" srcset=\"https:\/\/kal-akal.com\/wp-content\/uploads\/2025\/04\/1000050588-576x1024.jpg 576w, https:\/\/kal-akal.com\/wp-content\/uploads\/2025\/04\/1000050588-169x300.jpg 169w, https:\/\/kal-akal.com\/wp-content\/uploads\/2025\/04\/1000050588.jpg 720w\" sizes=\"auto, (max-width: 576px) 100vw, 576px\" \/><\/figure>\n\n\n\n<p>3- deux enfants tu\u00e9s avec leur m\u00e8re \u00e0 achibagho\/Kidal le 21 Mars 2025 lors d&rsquo;une frappe d&rsquo;un drone Malien.<\/p>\n\n\n\n<figure class=\"wp-block-image size-large\"><img loading=\"lazy\" decoding=\"async\" width=\"1024\" height=\"576\" src=\"http:\/\/kal-akal.com\/wp-content\/uploads\/2025\/04\/1000050608-1024x576.jpg\" alt=\"\" class=\"wp-image-481\" srcset=\"https:\/\/kal-akal.com\/wp-content\/uploads\/2025\/04\/1000050608-1024x576.jpg 1024w, https:\/\/kal-akal.com\/wp-content\/uploads\/2025\/04\/1000050608-300x169.jpg 300w, https:\/\/kal-akal.com\/wp-content\/uploads\/2025\/04\/1000050608-768x432.jpg 768w, https:\/\/kal-akal.com\/wp-content\/uploads\/2025\/04\/1000050608.jpg 1080w\" sizes=\"auto, (max-width: 1024px) 100vw, 1024px\" \/><\/figure>\n\n\n\n<p>Adresses de l\u2019Association :<br> 1.facebook : https:\/\/cutt.ly\/Fekd7aMb<\/p>\n\n\n\n<ol start=\"2\" class=\"wp-block-list\">\n<li>blog : http:\/\/kal-akal.com\/<\/li>\n\n\n\n<li>Twitter :https:\/\/x.com\/kalakal2012\/<\/li>\n<\/ol>\n\n\n\n<p> <strong>Aka<\/strong> : Association Kal Akal <\/p>\n\n\n\n<p><strong>FAMa<\/strong> = forces Arm\u00e9es Maliennes <\/p>\n\n\n\n<p><strong>Wagner<\/strong> = les mercenaires russes de groupe Wagner<\/p>\n\n\n\n<p><strong>EIGS<\/strong> : L&rsquo;\u00c9tat islamique dans le Grand Sahara<\/p>\n\n\n\n<p> <strong>BBM<\/strong> : Bordj Badji Moktar <\/p>\n","protected":false},"excerpt":{"rendered":"<p>OBSERVATOIRE DE VEILLE CITOYENNE POUR LA DEFENSE DES DROITS HUMAINS DU PEUPLE DE L&rsquo;AZAWAD, &lt;&lt; ASSOCIATION KAL AKAL &gt;&gt;&gt; RAPPORT N\u00b003\/MHB\/2025 \u00a0\u00a0\u00a0 P\u00e9riode : Mois de Mars Date : le&hellip;<\/p>\n","protected":false},"author":1,"featured_media":471,"comment_status":"open","ping_status":"open","sticky":false,"template":"","format":"standard","meta":{"_jetpack_memberships_contains_paid_content":false,"footnotes":""},"categories":[3],"tags":[],"class_list":["post-477","post","type-post","status-publish","format-standard","has-post-thumbnail","hentry","category-rapport"],"yoast_head":"<!-- This site is optimized with the Yoast SEO plugin v27.5 - https:\/\/yoast.com\/product\/yoast-seo-wordpress\/ -->\n<title>Rapport de Mars 2025, sur les violations des Droits Humains dans l&#039;Azawad. - Association Kal Akal<\/title>\n<meta name=\"robots\" content=\"index, follow, max-snippet:-1, max-image-preview:large, max-video-preview:-1\" \/>\n<link rel=\"canonical\" href=\"https:\/\/kal-akal.com\/?p=477\" \/>\n<meta property=\"og:locale\" content=\"fr_FR\" \/>\n<meta property=\"og:type\" content=\"article\" \/>\n<meta property=\"og:title\" content=\"Rapport de Mars 2025, sur les violations des Droits Humains dans l&#039;Azawad. - Association Kal Akal\" \/>\n<meta property=\"og:description\" content=\"OBSERVATOIRE DE VEILLE CITOYENNE POUR LA DEFENSE DES DROITS HUMAINS DU PEUPLE DE L&rsquo;AZAWAD, &lt;&lt; ASSOCIATION KAL AKAL &gt;&gt;&gt; RAPPORT N\u00b003\/MHB\/2025 \u00a0\u00a0\u00a0 P\u00e9riode : Mois de Mars Date : le&hellip;\" \/>\n<meta property=\"og:url\" content=\"https:\/\/kal-akal.com\/?p=477\" \/>\n<meta property=\"og:site_name\" content=\"Association Kal Akal\" \/>\n<meta property=\"article:published_time\" content=\"2025-04-01T15:05:28+00:00\" \/>\n<meta property=\"article:modified_time\" content=\"2025-04-01T21:31:17+00:00\" \/>\n<meta property=\"og:image\" content=\"https:\/\/kal-akal.com\/wp-content\/uploads\/2025\/03\/AssociationkalAkal20250317_203747.jpg\" \/>\n\t<meta property=\"og:image:width\" content=\"640\" \/>\n\t<meta property=\"og:image:height\" content=\"640\" \/>\n\t<meta property=\"og:image:type\" content=\"image\/jpeg\" \/>\n<meta name=\"author\" content=\"\u0639\u0628\u062f\u0627\u0644\u0644\u06472024\" \/>\n<meta name=\"twitter:card\" content=\"summary_large_image\" \/>\n<meta name=\"twitter:label1\" content=\"\u00c9crit par\" \/>\n\t<meta name=\"twitter:data1\" content=\"\u0639\u0628\u062f\u0627\u0644\u0644\u06472024\" \/>\n\t<meta name=\"twitter:label2\" content=\"Dur\u00e9e de lecture estim\u00e9e\" \/>\n\t<meta name=\"twitter:data2\" content=\"7 minutes\" \/>\n<script type=\"application\/ld+json\" class=\"yoast-schema-graph\">{\"@context\":\"https:\\\/\\\/schema.org\",\"@graph\":[{\"@type\":\"Article\",\"@id\":\"https:\\\/\\\/kal-akal.com\\\/?p=477#article\",\"isPartOf\":{\"@id\":\"https:\\\/\\\/kal-akal.com\\\/?p=477\"},\"author\":{\"name\":\"\u0639\u0628\u062f\u0627\u0644\u0644\u06472024\",\"@id\":\"https:\\\/\\\/kal-akal.com\\\/#\\\/schema\\\/person\\\/38fee61aab36e307bd27480803963845\"},\"headline\":\"Rapport de Mars 2025, sur les violations des Droits Humains dans l&rsquo;Azawad.\",\"datePublished\":\"2025-04-01T15:05:28+00:00\",\"dateModified\":\"2025-04-01T21:31:17+00:00\",\"mainEntityOfPage\":{\"@id\":\"https:\\\/\\\/kal-akal.com\\\/?p=477\"},\"wordCount\":1333,\"commentCount\":0,\"publisher\":{\"@id\":\"https:\\\/\\\/kal-akal.com\\\/#organization\"},\"image\":{\"@id\":\"https:\\\/\\\/kal-akal.com\\\/?p=477#primaryimage\"},\"thumbnailUrl\":\"https:\\\/\\\/kal-akal.com\\\/wp-content\\\/uploads\\\/2025\\\/03\\\/AssociationkalAkal20250317_203747.jpg\",\"articleSection\":[\"rapport\"],\"inLanguage\":\"fr-FR\",\"potentialAction\":[{\"@type\":\"CommentAction\",\"name\":\"Comment\",\"target\":[\"https:\\\/\\\/kal-akal.com\\\/?p=477#respond\"]}]},{\"@type\":\"WebPage\",\"@id\":\"https:\\\/\\\/kal-akal.com\\\/?p=477\",\"url\":\"https:\\\/\\\/kal-akal.com\\\/?p=477\",\"name\":\"Rapport de Mars 2025, sur les violations des Droits Humains dans l'Azawad. - Association Kal Akal\",\"isPartOf\":{\"@id\":\"https:\\\/\\\/kal-akal.com\\\/#website\"},\"primaryImageOfPage\":{\"@id\":\"https:\\\/\\\/kal-akal.com\\\/?p=477#primaryimage\"},\"image\":{\"@id\":\"https:\\\/\\\/kal-akal.com\\\/?p=477#primaryimage\"},\"thumbnailUrl\":\"https:\\\/\\\/kal-akal.com\\\/wp-content\\\/uploads\\\/2025\\\/03\\\/AssociationkalAkal20250317_203747.jpg\",\"datePublished\":\"2025-04-01T15:05:28+00:00\",\"dateModified\":\"2025-04-01T21:31:17+00:00\",\"breadcrumb\":{\"@id\":\"https:\\\/\\\/kal-akal.com\\\/?p=477#breadcrumb\"},\"inLanguage\":\"fr-FR\",\"potentialAction\":[{\"@type\":\"ReadAction\",\"target\":[\"https:\\\/\\\/kal-akal.com\\\/?p=477\"]}]},{\"@type\":\"ImageObject\",\"inLanguage\":\"fr-FR\",\"@id\":\"https:\\\/\\\/kal-akal.com\\\/?p=477#primaryimage\",\"url\":\"https:\\\/\\\/kal-akal.com\\\/wp-content\\\/uploads\\\/2025\\\/03\\\/AssociationkalAkal20250317_203747.jpg\",\"contentUrl\":\"https:\\\/\\\/kal-akal.com\\\/wp-content\\\/uploads\\\/2025\\\/03\\\/AssociationkalAkal20250317_203747.jpg\",\"width\":640,\"height\":640},{\"@type\":\"BreadcrumbList\",\"@id\":\"https:\\\/\\\/kal-akal.com\\\/?p=477#breadcrumb\",\"itemListElement\":[{\"@type\":\"ListItem\",\"position\":1,\"name\":\"Home\",\"item\":\"https:\\\/\\\/kal-akal.com\\\/\"},{\"@type\":\"ListItem\",\"position\":2,\"name\":\"Rapport de Mars 2025, sur les violations des Droits Humains dans l&rsquo;Azawad.\"}]},{\"@type\":\"WebSite\",\"@id\":\"https:\\\/\\\/kal-akal.com\\\/#website\",\"url\":\"https:\\\/\\\/kal-akal.com\\\/\",\"name\":\"Association Kal Akal\",\"description\":\"l\u2019Association Kal Akal est un Observatoire Citoyen de Veille et de D\u00e9fense des Droits Humains du Peuple de l\u2019Azawad.\",\"publisher\":{\"@id\":\"https:\\\/\\\/kal-akal.com\\\/#organization\"},\"potentialAction\":[{\"@type\":\"SearchAction\",\"target\":{\"@type\":\"EntryPoint\",\"urlTemplate\":\"https:\\\/\\\/kal-akal.com\\\/?s={search_term_string}\"},\"query-input\":{\"@type\":\"PropertyValueSpecification\",\"valueRequired\":true,\"valueName\":\"search_term_string\"}}],\"inLanguage\":\"fr-FR\"},{\"@type\":\"Organization\",\"@id\":\"https:\\\/\\\/kal-akal.com\\\/#organization\",\"name\":\"Association Kal Akal\",\"url\":\"https:\\\/\\\/kal-akal.com\\\/\",\"logo\":{\"@type\":\"ImageObject\",\"inLanguage\":\"fr-FR\",\"@id\":\"https:\\\/\\\/kal-akal.com\\\/#\\\/schema\\\/logo\\\/image\\\/\",\"url\":\"https:\\\/\\\/kal-akal.com\\\/wp-content\\\/uploads\\\/2024\\\/06\\\/cropped-\u062c\u0645\u0639\u064a\u0629-\u0643\u0644-\u0623\u0643\u0627\u0644.png\",\"contentUrl\":\"https:\\\/\\\/kal-akal.com\\\/wp-content\\\/uploads\\\/2024\\\/06\\\/cropped-\u062c\u0645\u0639\u064a\u0629-\u0643\u0644-\u0623\u0643\u0627\u0644.png\",\"width\":200,\"height\":40,\"caption\":\"Association Kal Akal\"},\"image\":{\"@id\":\"https:\\\/\\\/kal-akal.com\\\/#\\\/schema\\\/logo\\\/image\\\/\"}},{\"@type\":\"Person\",\"@id\":\"https:\\\/\\\/kal-akal.com\\\/#\\\/schema\\\/person\\\/38fee61aab36e307bd27480803963845\",\"name\":\"\u0639\u0628\u062f\u0627\u0644\u0644\u06472024\",\"image\":{\"@type\":\"ImageObject\",\"inLanguage\":\"fr-FR\",\"@id\":\"https:\\\/\\\/secure.gravatar.com\\\/avatar\\\/3c56ec666afc88ba8e609c1f64df8546bde100acf43533800f1a1368f1fb350c?s=96&d=mm&r=g\",\"url\":\"https:\\\/\\\/secure.gravatar.com\\\/avatar\\\/3c56ec666afc88ba8e609c1f64df8546bde100acf43533800f1a1368f1fb350c?s=96&d=mm&r=g\",\"contentUrl\":\"https:\\\/\\\/secure.gravatar.com\\\/avatar\\\/3c56ec666afc88ba8e609c1f64df8546bde100acf43533800f1a1368f1fb350c?s=96&d=mm&r=g\",\"caption\":\"\u0639\u0628\u062f\u0627\u0644\u0644\u06472024\"},\"sameAs\":[\"http:\\\/\\\/kal-akal.com\"],\"url\":\"https:\\\/\\\/kal-akal.com\\\/?author=1\"}]}<\/script>\n<!-- \/ Yoast SEO plugin. -->","yoast_head_json":{"title":"Rapport de Mars 2025, sur les violations des Droits Humains dans l'Azawad. - Association Kal Akal","robots":{"index":"index","follow":"follow","max-snippet":"max-snippet:-1","max-image-preview":"max-image-preview:large","max-video-preview":"max-video-preview:-1"},"canonical":"https:\/\/kal-akal.com\/?p=477","og_locale":"fr_FR","og_type":"article","og_title":"Rapport de Mars 2025, sur les violations des Droits Humains dans l'Azawad. - Association Kal Akal","og_description":"OBSERVATOIRE DE VEILLE CITOYENNE POUR LA DEFENSE DES DROITS HUMAINS DU PEUPLE DE L&rsquo;AZAWAD, &lt;&lt; ASSOCIATION KAL AKAL &gt;&gt;&gt; RAPPORT N\u00b003\/MHB\/2025 \u00a0\u00a0\u00a0 P\u00e9riode : Mois de Mars Date : le&hellip;","og_url":"https:\/\/kal-akal.com\/?p=477","og_site_name":"Association Kal Akal","article_published_time":"2025-04-01T15:05:28+00:00","article_modified_time":"2025-04-01T21:31:17+00:00","og_image":[{"width":640,"height":640,"url":"https:\/\/kal-akal.com\/wp-content\/uploads\/2025\/03\/AssociationkalAkal20250317_203747.jpg","type":"image\/jpeg"}],"author":"\u0639\u0628\u062f\u0627\u0644\u0644\u06472024","twitter_card":"summary_large_image","twitter_misc":{"\u00c9crit par":"\u0639\u0628\u062f\u0627\u0644\u0644\u06472024","Dur\u00e9e de lecture estim\u00e9e":"7 minutes"},"schema":{"@context":"https:\/\/schema.org","@graph":[{"@type":"Article","@id":"https:\/\/kal-akal.com\/?p=477#article","isPartOf":{"@id":"https:\/\/kal-akal.com\/?p=477"},"author":{"name":"\u0639\u0628\u062f\u0627\u0644\u0644\u06472024","@id":"https:\/\/kal-akal.com\/#\/schema\/person\/38fee61aab36e307bd27480803963845"},"headline":"Rapport de Mars 2025, sur les violations des Droits Humains dans l&rsquo;Azawad.","datePublished":"2025-04-01T15:05:28+00:00","dateModified":"2025-04-01T21:31:17+00:00","mainEntityOfPage":{"@id":"https:\/\/kal-akal.com\/?p=477"},"wordCount":1333,"commentCount":0,"publisher":{"@id":"https:\/\/kal-akal.com\/#organization"},"image":{"@id":"https:\/\/kal-akal.com\/?p=477#primaryimage"},"thumbnailUrl":"https:\/\/kal-akal.com\/wp-content\/uploads\/2025\/03\/AssociationkalAkal20250317_203747.jpg","articleSection":["rapport"],"inLanguage":"fr-FR","potentialAction":[{"@type":"CommentAction","name":"Comment","target":["https:\/\/kal-akal.com\/?p=477#respond"]}]},{"@type":"WebPage","@id":"https:\/\/kal-akal.com\/?p=477","url":"https:\/\/kal-akal.com\/?p=477","name":"Rapport de Mars 2025, sur les violations des Droits Humains dans l'Azawad. - Association Kal Akal","isPartOf":{"@id":"https:\/\/kal-akal.com\/#website"},"primaryImageOfPage":{"@id":"https:\/\/kal-akal.com\/?p=477#primaryimage"},"image":{"@id":"https:\/\/kal-akal.com\/?p=477#primaryimage"},"thumbnailUrl":"https:\/\/kal-akal.com\/wp-content\/uploads\/2025\/03\/AssociationkalAkal20250317_203747.jpg","datePublished":"2025-04-01T15:05:28+00:00","dateModified":"2025-04-01T21:31:17+00:00","breadcrumb":{"@id":"https:\/\/kal-akal.com\/?p=477#breadcrumb"},"inLanguage":"fr-FR","potentialAction":[{"@type":"ReadAction","target":["https:\/\/kal-akal.com\/?p=477"]}]},{"@type":"ImageObject","inLanguage":"fr-FR","@id":"https:\/\/kal-akal.com\/?p=477#primaryimage","url":"https:\/\/kal-akal.com\/wp-content\/uploads\/2025\/03\/AssociationkalAkal20250317_203747.jpg","contentUrl":"https:\/\/kal-akal.com\/wp-content\/uploads\/2025\/03\/AssociationkalAkal20250317_203747.jpg","width":640,"height":640},{"@type":"BreadcrumbList","@id":"https:\/\/kal-akal.com\/?p=477#breadcrumb","itemListElement":[{"@type":"ListItem","position":1,"name":"Home","item":"https:\/\/kal-akal.com\/"},{"@type":"ListItem","position":2,"name":"Rapport de Mars 2025, sur les violations des Droits Humains dans l&rsquo;Azawad."}]},{"@type":"WebSite","@id":"https:\/\/kal-akal.com\/#website","url":"https:\/\/kal-akal.com\/","name":"Association Kal Akal","description":"l\u2019Association Kal Akal est un Observatoire Citoyen de Veille et de D\u00e9fense des Droits Humains du Peuple de l\u2019Azawad.","publisher":{"@id":"https:\/\/kal-akal.com\/#organization"},"potentialAction":[{"@type":"SearchAction","target":{"@type":"EntryPoint","urlTemplate":"https:\/\/kal-akal.com\/?s={search_term_string}"},"query-input":{"@type":"PropertyValueSpecification","valueRequired":true,"valueName":"search_term_string"}}],"inLanguage":"fr-FR"},{"@type":"Organization","@id":"https:\/\/kal-akal.com\/#organization","name":"Association Kal Akal","url":"https:\/\/kal-akal.com\/","logo":{"@type":"ImageObject","inLanguage":"fr-FR","@id":"https:\/\/kal-akal.com\/#\/schema\/logo\/image\/","url":"https:\/\/kal-akal.com\/wp-content\/uploads\/2024\/06\/cropped-\u062c\u0645\u0639\u064a\u0629-\u0643\u0644-\u0623\u0643\u0627\u0644.png","contentUrl":"https:\/\/kal-akal.com\/wp-content\/uploads\/2024\/06\/cropped-\u062c\u0645\u0639\u064a\u0629-\u0643\u0644-\u0623\u0643\u0627\u0644.png","width":200,"height":40,"caption":"Association Kal Akal"},"image":{"@id":"https:\/\/kal-akal.com\/#\/schema\/logo\/image\/"}},{"@type":"Person","@id":"https:\/\/kal-akal.com\/#\/schema\/person\/38fee61aab36e307bd27480803963845","name":"\u0639\u0628\u062f\u0627\u0644\u0644\u06472024","image":{"@type":"ImageObject","inLanguage":"fr-FR","@id":"https:\/\/secure.gravatar.com\/avatar\/3c56ec666afc88ba8e609c1f64df8546bde100acf43533800f1a1368f1fb350c?s=96&d=mm&r=g","url":"https:\/\/secure.gravatar.com\/avatar\/3c56ec666afc88ba8e609c1f64df8546bde100acf43533800f1a1368f1fb350c?s=96&d=mm&r=g","contentUrl":"https:\/\/secure.gravatar.com\/avatar\/3c56ec666afc88ba8e609c1f64df8546bde100acf43533800f1a1368f1fb350c?s=96&d=mm&r=g","caption":"\u0639\u0628\u062f\u0627\u0644\u0644\u06472024"},"sameAs":["http:\/\/kal-akal.com"],"url":"https:\/\/kal-akal.com\/?author=1"}]}},"jetpack_featured_media_url":"https:\/\/kal-akal.com\/wp-content\/uploads\/2025\/03\/AssociationkalAkal20250317_203747.jpg","jetpack_sharing_enabled":true,"_links":{"self":[{"href":"https:\/\/kal-akal.com\/index.php?rest_route=\/wp\/v2\/posts\/477","targetHints":{"allow":["GET"]}}],"collection":[{"href":"https:\/\/kal-akal.com\/index.php?rest_route=\/wp\/v2\/posts"}],"about":[{"href":"https:\/\/kal-akal.com\/index.php?rest_route=\/wp\/v2\/types\/post"}],"author":[{"embeddable":true,"href":"https:\/\/kal-akal.com\/index.php?rest_route=\/wp\/v2\/users\/1"}],"replies":[{"embeddable":true,"href":"https:\/\/kal-akal.com\/index.php?rest_route=%2Fwp%2Fv2%2Fcomments&post=477"}],"version-history":[{"count":3,"href":"https:\/\/kal-akal.com\/index.php?rest_route=\/wp\/v2\/posts\/477\/revisions"}],"predecessor-version":[{"id":484,"href":"https:\/\/kal-akal.com\/index.php?rest_route=\/wp\/v2\/posts\/477\/revisions\/484"}],"wp:featuredmedia":[{"embeddable":true,"href":"https:\/\/kal-akal.com\/index.php?rest_route=\/wp\/v2\/media\/471"}],"wp:attachment":[{"href":"https:\/\/kal-akal.com\/index.php?rest_route=%2Fwp%2Fv2%2Fmedia&parent=477"}],"wp:term":[{"taxonomy":"category","embeddable":true,"href":"https:\/\/kal-akal.com\/index.php?rest_route=%2Fwp%2Fv2%2Fcategories&post=477"},{"taxonomy":"post_tag","embeddable":true,"href":"https:\/\/kal-akal.com\/index.php?rest_route=%2Fwp%2Fv2%2Ftags&post=477"}],"curies":[{"name":"wp","href":"https:\/\/api.w.org\/{rel}","templated":true}]}}