{"id":548,"date":"2025-06-01T09:47:58","date_gmt":"2025-06-01T09:47:58","guid":{"rendered":"http:\/\/kal-akal.com\/?p=548"},"modified":"2025-06-01T09:57:49","modified_gmt":"2025-06-01T09:57:49","slug":"raport-4","status":"publish","type":"post","link":"https:\/\/kal-akal.com\/?p=548","title":{"rendered":"Rapport du mois de mai 2025 sur les violations des droits humains en Azawad"},"content":{"rendered":"\n<p><strong>Observatoire citoyen pour la d\u00e9fense des droits humains en Azawad ( Association Kal Akal)<\/strong><\/p>\n\n\n\n<p class=\"MsoNormal\"><strong><u>RAPPORT N\u00b005\/MHB\/2025<\/u><\/strong><strong><\/strong><\/p>\n\n\n\n<p class=\"MsoNormal\"><strong><u>P\u00e9riode<\/u><\/strong><strong> : Mois de Mai<\/strong><\/p>\n\n\n\n<p class=\"MsoNormal\"><strong><u>Date<\/u><\/strong><strong> : le 1<\/strong><strong><sup>er<\/sup><\/strong><strong> Juin 2025<\/strong><\/p>\n\n\n\n<p class=\"MsoNormal\"><strong><u>Introduction<\/u><\/strong><\/p>\n\n\n\n<p class=\"MsoNormal\">L\u2019Association Kal-Akal, observatoire citoyen pour la d\u00e9fense des droits humains en Azawad, poursuit sa mission de veille, de documentation et de d\u00e9nonciation des exactions commises contre les populations civiles. Ce rapport mensuel met en lumi\u00e8re les violations des droits humains perp\u00e9tr\u00e9es durant le mois de mai 2025, dans un contexte marqu\u00e9 par l\u2019intensification de la r\u00e9pression militaire, les exactions cibl\u00e9es contre des communaut\u00e9s sp\u00e9cifiques et la terreur impos\u00e9e par divers groupes arm\u00e9s.<\/p>\n\n\n\n<p class=\"MsoNormal\">Les Forces arm\u00e9es maliennes (FAMa), appuy\u00e9es par les mercenaires du groupe Wagner, mais aussi les groupes arm\u00e9s comme le JNIM et l\u2019EIGS, ont multipli\u00e9 les exactions. Les t\u00e9moignages recueillis \u00e0 travers notre r\u00e9seau de points focaux confirment la syst\u00e9maticit\u00e9 de ces crimes.<\/p>\n\n\n\n<p class=\"MsoNormal\"><strong>CHRONIQUE DES VIOLATIONS DES DROITS HUMAINS EN AZAWAD ET AU CENTRE<\/strong><\/p>\n\n\n\n<p class=\"MsoNormal\"><strong>I. EX\u00c9CUTIONS SOMMAIRES ET MEURTRES CIBL\u00c9S : 15 cas confirm\u00e9<\/strong><\/p>\n\n\n\n<p class=\"MsoNormal\">8 mai 2025&nbsp;: Tichilit (r\u00e9gion de Tombouctou) : Une mission conjointe FAMa-Wagner ex\u00e9cute sommairement Mohamed AG Ibrahim, un jeune civil. Le corps est enterr\u00e9 sur place, sa moto confisqu\u00e9e.<\/p>\n\n\n\n<p class=\"MsoNormal\">15 mai 2025&nbsp;: Tindjoulaff (Ind\u00e9limane, Menaka) : Deux frappes de drones ciblent des campements :<\/p>\n\n\n\n<p class=\"MsoNormal\">La premi\u00e8re blesse gri\u00e8vement trois femmes et un enfant.<\/p>\n\n\n\n<p class=\"MsoNormal\">La seconde tue deux femmes et un homme, blessant plusieurs autres civils.<\/p>\n\n\n\n<p class=\"MsoNormal\">19 mai 2025&nbsp;: Ind\u00e9limane : Une frappe d&rsquo;h\u00e9licopt\u00e8re malien tue un civil, et blesse gravement un autre, tous deux de la communaut\u00e9 Ichawkaran.<\/p>\n\n\n\n<p class=\"MsoNormal\">25 mai 2025&nbsp;:<strong> <\/strong>Intilalt (r\u00e9gion de Gao) : Lors d&rsquo;une incursion men\u00e9e par des \u00e9l\u00e9ments de l&rsquo;\u00c9tat islamique au Grand Sahara (EIGS), deux civils ont \u00e9t\u00e9 tu\u00e9s.<\/p>\n\n\n\n<p class=\"MsoNormal\">30 mai 2025&nbsp;: Le corps sans vie du chef de village d\u2019Aldjana Bangho, cercle de Niafunk\u00e9, a \u00e9t\u00e9 retrouv\u00e9. Selon plusieurs t\u00e9moignages locaux, tout porte \u00e0 croire qu\u2019il aurait \u00e9t\u00e9 assassin\u00e9 lors d&rsquo;une op\u00e9ration men\u00e9e par les FAMa\/Wagner.<\/p>\n\n\n\n<p class=\"MsoNormal\"><strong>II. ARRESTATIONS ARBITRAIRES, ENL\u00c8VEMENTS ET DISPARITIONS FORC\u00c9ES : +50 cas<\/strong><\/p>\n\n\n\n<p class=\"MsoNormal\"><strong>Le 12 mai 2025&nbsp;:<\/strong> \u00e0 Diafarab\u00e9 (cercle de T\u00e9nenkou), quarante civils de la communaut\u00e9 peule ont \u00e9t\u00e9 arr\u00eat\u00e9s au march\u00e9 par les Forces arm\u00e9es maliennes, accompagn\u00e9es d&rsquo;\u00e9l\u00e9ments du groupe Wagner.<\/p>\n\n\n\n<p class=\"MsoNormal\"><strong><u>16 mai 2025<\/u><\/strong><strong>&nbsp;:<\/strong> \u00c9chell, Agwawli, Bajakari (Tombouctou) : Trois civils ont \u00e9t\u00e9 enlev\u00e9s, par une patrouille compos\u00e9e d\u2019\u00e9l\u00e9ments des Forces arm\u00e9es maliennes (FAMa) et de mercenaires russes affili\u00e9s au groupe Wagner.<\/p>\n\n\n\n<p class=\"MsoNormal\"><strong><u>18 mai 2025<\/u><\/strong><strong>&nbsp;:<\/strong> Aguelhok (Tessalit) : Alhassan Ag Ouriken arr\u00eat\u00e9 par une patrouille (FAMa) et de mercenaires russes<\/p>\n\n\n\n<p class=\"MsoNormal\"><strong><u>19 mai 2025<\/u><\/strong><strong>&nbsp;:<\/strong> Menaka : Sidi Barka, pr\u00e9sident de la coordination r\u00e9gionale de la soci\u00e9t\u00e9 civile, enlev\u00e9 alors qu\u2019il se rendait \u00e0 la mosqu\u00e9e.<\/p>\n\n\n\n<p class=\"MsoNormal\"><strong><u>20 mai 2025<\/u><\/strong><strong>&nbsp;:<\/strong> Kabara : Deux civils arr\u00eat\u00e9s par une patrouille FAMa-Wagner. Leur sort reste inconnu<\/p>\n\n\n\n<p class=\"MsoNormal\"><strong><u>20 mai 2025<\/u><\/strong><strong>&nbsp;:<\/strong> Campement d\u2019Abatna Ag Adamou : Le notable, sa famille et les habitants du campement enlev\u00e9s par des hommes arm\u00e9s non identifi\u00e9s.<\/p>\n\n\n\n<p class=\"MsoNormal\"><strong><u>25 mai 2025<\/u><\/strong><strong>&nbsp;:<\/strong> Tin A\u00efcha (Tombouctou) : Enl\u00e8vement de Touta Ag Alitni, chef coutumier, par le JNIM.<\/p>\n\n\n\n<p class=\"MsoNormal\"><strong><u>III. PILLAGES, VIOLS ET EXTORSIONS : 10 incidents majeurs<\/u><\/strong><\/p>\n\n\n\n<p class=\"MsoNormal\"><strong><u>Du 1er au 4 mai 2025<\/u><\/strong>&nbsp;: Gossi (Tombouctou) :<\/p>\n\n\n\n<p class=\"MsoNormal\">Le 1er : Destruction du relais t\u00e9l\u00e9com Orange par le JNIM, coupant la ville du monde.<\/p>\n\n\n\n<p class=\"MsoNormal\">Le 3 : Invasion de Ka\u00efgourou, t\u00e9l\u00e9phones confisqu\u00e9s, habitants chass\u00e9s.<\/p>\n\n\n\n<p class=\"MsoNormal\">Le 4 : Blocus total sur la ville, march\u00e9 et approvisionnements coup\u00e9s.<\/p>\n\n\n\n<p class=\"MsoNormal\"><strong><u>16 mai 2025<\/u><\/strong><strong>&nbsp;:<\/strong> \u00c9chell, Agwawli, Bajakari (Tombouctou) : plusieurs habitations incendi\u00e9es et des biens pill\u00e9s par une patrouille compos\u00e9e d\u2019\u00e9l\u00e9ments des Forces arm\u00e9es maliennes (FAMa) et de mercenaires russes affili\u00e9s au groupe Wagner.<\/p>\n\n\n\n<p class=\"MsoNormal\"><strong><u>24 mai 2025<\/u><\/strong>&nbsp;: Tomdibi (axe Gao-Bourem) : Violent braquage de plusieurs v\u00e9hicules par des hommes arm\u00e9s. Argent et objets de valeur emport\u00e9s. Plusieurs bless\u00e9s recens\u00e9s.<\/p>\n\n\n\n<p class=\"MsoNormal\"><strong><u>25 mai 2025<\/u><\/strong>&nbsp;: Intilalt (r\u00e9gion de Gao) : Lors d\u2019une incursion de (EIGS), du b\u00e9tail a \u00e9t\u00e9 vol\u00e9 par les assaillants.<\/p>\n\n\n\n<p class=\"MsoNormal\"><strong><u>26 mai 2025&nbsp;:<\/u><\/strong> Ansongo : Deux camions de forains intercept\u00e9s et d\u00e9pouill\u00e9s par des hommes arm\u00e9s.<\/p>\n\n\n\n<p class=\"MsoNormal\"><strong><u>26-27 mai 2025<\/u><\/strong><strong>&nbsp;:<\/strong> N\u2019Tahaka (axe Gao-N\u2019Tahaka) : Attaques d\u2019orpailleurs, violences et extorsions par des groupes arm\u00e9s.<\/p>\n\n\n\n<p class=\"MsoNormal\"><strong><u>27 mai 2025<\/u><\/strong><strong>&nbsp;:<\/strong> Axe Kidal-An\u00e9fif : Deux v\u00e9hicules braqu\u00e9s. Deux femmes viol\u00e9es. Acte attribu\u00e9 \u00e0 des hommes arm\u00e9s non identifi\u00e9s.<\/p>\n\n\n\n<p class=\"MsoNormal\"><strong>IV. ATTEINTES ENVIRONNEMENTALES ET BIENS \u00c9CONOMIQUES : 3 cas<\/strong><\/p>\n\n\n\n<p class=\"MsoNormal\"><strong><u>16 mai 2025<\/u><\/strong>&nbsp;: \u00c9chell, Agwawli et Bajakari (Tombouctou) : Incendie volontaire de plusieurs maisons, vol de marchandises appartenant \u00e0 des commer\u00e7ants, confiscation de ressources.<\/p>\n\n\n\n<p class=\"MsoNormal\"><strong><u>18 mai 2025<\/u><\/strong><strong>&nbsp;:<\/strong> Wam\u00e9 (r\u00e9gion de M\u00e9naka) : Une frappe de drone d\u00e9truit un v\u00e9hicule transportant du gasoil appartenant \u00e0 un civil de Kal Agizaff.<\/p>\n\n\n\n<p class=\"MsoNormal\"><strong><u>V. CONS\u00c9QUENCES HUMANITAIRES ET SOCIALES :<\/u><\/strong><\/p>\n\n\n\n<p class=\"MsoNormal\">Le blocus de Gossi a provoqu\u00e9 une crise humanitaire imm\u00e9diate, aggrav\u00e9e par l\u2019inaction de la junte malienne.<\/p>\n\n\n\n<p class=\"MsoNormal\">La multiplication des violences sexuelles, des enl\u00e8vements et des extorsions fait craindre une d\u00e9t\u00e9rioration massive de la s\u00e9curit\u00e9 des femmes, des nomades et des populations rurales.<\/p>\n\n\n\n<p class=\"MsoNormal\">Les zones de Gao, M\u00e9naka, Tombouctou et Kidal sont devenues inaccessibles \u00e0 l\u2019aide humanitaire.<\/p>\n\n\n\n<p class=\"MsoNormal\"><strong><u>CONCLUSION :<\/u><\/strong><\/p>\n\n\n\n<p class=\"MsoNormal\">Kal-Akal renouvelle son appel \u00e0 la communaut\u00e9 internationale et aux organisations de d\u00e9fense des droits humains :<\/p>\n\n\n\n<p class=\"MsoNormal\">\u00c0 condamner les crimes commis par les FAMa, Wagner, le JNIM et l\u2019EIGS ;<\/p>\n\n\n\n<p class=\"MsoNormal\">\u00c0 faire pression sur les autorit\u00e9s de transition maliennes pour mettre fin \u00e0 l\u2019impunit\u00e9 ;<\/p>\n\n\n\n<p class=\"MsoNormal\">\u00c0 exiger l\u2019ouverture de corridors humanitaires et l\u2019acc\u00e8s aux zones assi\u00e9g\u00e9es ;<\/p>\n\n\n\n<p class=\"MsoNormal\">\u00c0 soutenir les m\u00e9canismes de justice internationale afin que les victimes obtiennent r\u00e9paration.<\/p>\n\n\n\n<p class=\"MsoNormal\">L\u2019Association Kal-Akal reste d\u00e9termin\u00e9e \u00e0 poursuivre sa mission de documentation, de plaidoyer et de justice, et fid\u00e8le \u00e0 sa mission de d\u00e9fense des droits humains, poursuivra inlassablement son travail de documentation des exactions et d\u2019assistance aux victimes, tout en maintenant une vigilance accrue sur l\u2019\u00e9volution de la situation.<\/p>\n\n\n\n<p class=\"MsoNormal\">Ce rapport d\u00e9taill\u00e9 entend contribuer \u00e0 la prise de conscience de la gravit\u00e9 de la situation en Azawad et au centre egalment, \u00e0 susciter une r\u00e9action \u00e0 la hauteur de l\u2019urgence humanitaire et s\u00e9curitaire qui frappe ces r\u00e9gions.<\/p>\n\n\n\n<p class=\"MsoNormal\"><strong>Quelque image sur les crimes<\/strong><\/p>\n\n\n\n<p class=\"MsoNormal\">1-Un v\u00e9hicule civil transportant du gasoil vers Douna a \u00e9t\u00e9 cibl\u00e9 par un drone dans la zone de Wami, le 18 mai 2025.<\/p>\n\n\n\n<figure class=\"wp-block-image size-large\"><img loading=\"lazy\" decoding=\"async\" width=\"820\" height=\"1010\" src=\"http:\/\/kal-akal.com\/wp-content\/uploads\/2025\/06\/img-20250531-wa00417217973732537711726.jpg\" alt=\"\" class=\"wp-image-545\" srcset=\"https:\/\/kal-akal.com\/wp-content\/uploads\/2025\/06\/img-20250531-wa00417217973732537711726.jpg 820w, https:\/\/kal-akal.com\/wp-content\/uploads\/2025\/06\/img-20250531-wa00417217973732537711726-244x300.jpg 244w, https:\/\/kal-akal.com\/wp-content\/uploads\/2025\/06\/img-20250531-wa00417217973732537711726-768x946.jpg 768w\" sizes=\"auto, (max-width: 820px) 100vw, 820px\" \/><\/figure>\n\n\n\n<p class=\"MsoNormal\">&nbsp;<\/p>\n\n\n\n<p class=\"MsoNormal\">&nbsp;2-&nbsp; le 28 mai 2025, un drone malien a cibl\u00e9 et d\u00e9truit un v\u00e9hicule civil en panne \u00e0 Tedjarerte, dans la r\u00e9gion de M\u00e9naka. Une vache se trouvant \u00e0 proximit\u00e9 a \u00e9t\u00e9 bless\u00e9e lors de l\u2019explosion.<\/p>\n\n\n\n<figure class=\"wp-block-image size-large\"><img loading=\"lazy\" decoding=\"async\" width=\"1024\" height=\"576\" src=\"http:\/\/kal-akal.com\/wp-content\/uploads\/2025\/06\/img_17487077268723399224727370922990-1024x576.jpg\" alt=\"\" class=\"wp-image-546\" srcset=\"https:\/\/kal-akal.com\/wp-content\/uploads\/2025\/06\/img_17487077268723399224727370922990-1024x576.jpg 1024w, https:\/\/kal-akal.com\/wp-content\/uploads\/2025\/06\/img_17487077268723399224727370922990-300x169.jpg 300w, https:\/\/kal-akal.com\/wp-content\/uploads\/2025\/06\/img_17487077268723399224727370922990-768x432.jpg 768w, https:\/\/kal-akal.com\/wp-content\/uploads\/2025\/06\/img_17487077268723399224727370922990.jpg 1080w\" sizes=\"auto, (max-width: 1024px) 100vw, 1024px\" \/><\/figure>\n\n\n\n<p class=\"MsoNormal\"><strong>&nbsp;<\/strong><\/p>\n\n\n\n<p class=\"MsoNormal\"><strong>&nbsp;<\/strong>3- Le 30 mai 2025, le chef du village d\u2019Aldjana Bangho, Niafunk\u00e9 ( Tombouctou ) , a \u00e9t\u00e9 retrouv\u00e9 assassin\u00e9, un acte attribu\u00e9 aux Fama-Wagner<\/p>\n\n\n\n<figure class=\"wp-block-image size-large\"><img loading=\"lazy\" decoding=\"async\" width=\"1024\" height=\"1024\" src=\"http:\/\/kal-akal.com\/wp-content\/uploads\/2025\/06\/img-20250530-wa01585173351914436882668-1024x1024.jpg\" alt=\"\" class=\"wp-image-547\" srcset=\"https:\/\/kal-akal.com\/wp-content\/uploads\/2025\/06\/img-20250530-wa01585173351914436882668-1024x1024.jpg 1024w, https:\/\/kal-akal.com\/wp-content\/uploads\/2025\/06\/img-20250530-wa01585173351914436882668-300x300.jpg 300w, https:\/\/kal-akal.com\/wp-content\/uploads\/2025\/06\/img-20250530-wa01585173351914436882668-150x150.jpg 150w, https:\/\/kal-akal.com\/wp-content\/uploads\/2025\/06\/img-20250530-wa01585173351914436882668-768x768.jpg 768w, https:\/\/kal-akal.com\/wp-content\/uploads\/2025\/06\/img-20250530-wa01585173351914436882668.jpg 1280w\" sizes=\"auto, (max-width: 1024px) 100vw, 1024px\" \/><\/figure>\n\n\n\n<p class=\"MsoNormal\"> &nbsp; <\/p>\n\n\n\n<p class=\"MsoNormal\"><strong>&nbsp;<\/strong><\/p>\n","protected":false},"excerpt":{"rendered":"<p>Observatoire citoyen pour la d\u00e9fense des droits humains en Azawad ( Association Kal Akal) RAPPORT N\u00b005\/MHB\/2025 P\u00e9riode : Mois de Mai Date : le 1er Juin 2025 Introduction L\u2019Association Kal-Akal,&hellip;<\/p>\n","protected":false},"author":1,"featured_media":471,"comment_status":"open","ping_status":"open","sticky":false,"template":"","format":"standard","meta":{"_jetpack_memberships_contains_paid_content":false,"footnotes":""},"categories":[3],"tags":[],"class_list":["post-548","post","type-post","status-publish","format-standard","has-post-thumbnail","hentry","category-rapport"],"yoast_head":"<!-- This site is optimized with the Yoast SEO plugin v27.4 - https:\/\/yoast.com\/product\/yoast-seo-wordpress\/ -->\n<title>Rapport du mois de mai 2025 sur les violations des droits humains en Azawad - Association Kal Akal<\/title>\n<meta name=\"robots\" content=\"index, follow, max-snippet:-1, max-image-preview:large, max-video-preview:-1\" \/>\n<link rel=\"canonical\" href=\"https:\/\/kal-akal.com\/?p=548\" \/>\n<meta property=\"og:locale\" content=\"fr_FR\" \/>\n<meta property=\"og:type\" content=\"article\" \/>\n<meta property=\"og:title\" content=\"Rapport du mois de mai 2025 sur les violations des droits humains en Azawad - Association Kal Akal\" \/>\n<meta property=\"og:description\" content=\"Observatoire citoyen pour la d\u00e9fense des droits humains en Azawad ( Association Kal Akal) RAPPORT N\u00b005\/MHB\/2025 P\u00e9riode : Mois de Mai Date : le 1er Juin 2025 Introduction L\u2019Association Kal-Akal,&hellip;\" \/>\n<meta property=\"og:url\" content=\"https:\/\/kal-akal.com\/?p=548\" \/>\n<meta property=\"og:site_name\" content=\"Association Kal Akal\" \/>\n<meta property=\"article:published_time\" content=\"2025-06-01T09:47:58+00:00\" \/>\n<meta property=\"article:modified_time\" content=\"2025-06-01T09:57:49+00:00\" \/>\n<meta property=\"og:image\" content=\"https:\/\/kal-akal.com\/wp-content\/uploads\/2025\/03\/AssociationkalAkal20250317_203747.jpg\" \/>\n\t<meta property=\"og:image:width\" content=\"640\" \/>\n\t<meta property=\"og:image:height\" content=\"640\" \/>\n\t<meta property=\"og:image:type\" content=\"image\/jpeg\" \/>\n<meta name=\"author\" content=\"\u0639\u0628\u062f\u0627\u0644\u0644\u06472024\" \/>\n<meta name=\"twitter:card\" content=\"summary_large_image\" \/>\n<meta name=\"twitter:label1\" content=\"\u00c9crit par\" \/>\n\t<meta name=\"twitter:data1\" content=\"\u0639\u0628\u062f\u0627\u0644\u0644\u06472024\" \/>\n\t<meta name=\"twitter:label2\" content=\"Dur\u00e9e de lecture estim\u00e9e\" \/>\n\t<meta name=\"twitter:data2\" content=\"6 minutes\" \/>\n<script type=\"application\/ld+json\" class=\"yoast-schema-graph\">{\"@context\":\"https:\\\/\\\/schema.org\",\"@graph\":[{\"@type\":\"Article\",\"@id\":\"https:\\\/\\\/kal-akal.com\\\/?p=548#article\",\"isPartOf\":{\"@id\":\"https:\\\/\\\/kal-akal.com\\\/?p=548\"},\"author\":{\"name\":\"\u0639\u0628\u062f\u0627\u0644\u0644\u06472024\",\"@id\":\"https:\\\/\\\/kal-akal.com\\\/#\\\/schema\\\/person\\\/38fee61aab36e307bd27480803963845\"},\"headline\":\"Rapport du mois de mai 2025 sur les violations des droits humains en Azawad\",\"datePublished\":\"2025-06-01T09:47:58+00:00\",\"dateModified\":\"2025-06-01T09:57:49+00:00\",\"mainEntityOfPage\":{\"@id\":\"https:\\\/\\\/kal-akal.com\\\/?p=548\"},\"wordCount\":1128,\"commentCount\":1,\"publisher\":{\"@id\":\"https:\\\/\\\/kal-akal.com\\\/#organization\"},\"image\":{\"@id\":\"https:\\\/\\\/kal-akal.com\\\/?p=548#primaryimage\"},\"thumbnailUrl\":\"https:\\\/\\\/kal-akal.com\\\/wp-content\\\/uploads\\\/2025\\\/03\\\/AssociationkalAkal20250317_203747.jpg\",\"articleSection\":[\"rapport\"],\"inLanguage\":\"fr-FR\",\"potentialAction\":[{\"@type\":\"CommentAction\",\"name\":\"Comment\",\"target\":[\"https:\\\/\\\/kal-akal.com\\\/?p=548#respond\"]}]},{\"@type\":\"WebPage\",\"@id\":\"https:\\\/\\\/kal-akal.com\\\/?p=548\",\"url\":\"https:\\\/\\\/kal-akal.com\\\/?p=548\",\"name\":\"Rapport du mois de mai 2025 sur les violations des droits humains en Azawad - Association Kal Akal\",\"isPartOf\":{\"@id\":\"https:\\\/\\\/kal-akal.com\\\/#website\"},\"primaryImageOfPage\":{\"@id\":\"https:\\\/\\\/kal-akal.com\\\/?p=548#primaryimage\"},\"image\":{\"@id\":\"https:\\\/\\\/kal-akal.com\\\/?p=548#primaryimage\"},\"thumbnailUrl\":\"https:\\\/\\\/kal-akal.com\\\/wp-content\\\/uploads\\\/2025\\\/03\\\/AssociationkalAkal20250317_203747.jpg\",\"datePublished\":\"2025-06-01T09:47:58+00:00\",\"dateModified\":\"2025-06-01T09:57:49+00:00\",\"breadcrumb\":{\"@id\":\"https:\\\/\\\/kal-akal.com\\\/?p=548#breadcrumb\"},\"inLanguage\":\"fr-FR\",\"potentialAction\":[{\"@type\":\"ReadAction\",\"target\":[\"https:\\\/\\\/kal-akal.com\\\/?p=548\"]}]},{\"@type\":\"ImageObject\",\"inLanguage\":\"fr-FR\",\"@id\":\"https:\\\/\\\/kal-akal.com\\\/?p=548#primaryimage\",\"url\":\"https:\\\/\\\/kal-akal.com\\\/wp-content\\\/uploads\\\/2025\\\/03\\\/AssociationkalAkal20250317_203747.jpg\",\"contentUrl\":\"https:\\\/\\\/kal-akal.com\\\/wp-content\\\/uploads\\\/2025\\\/03\\\/AssociationkalAkal20250317_203747.jpg\",\"width\":640,\"height\":640},{\"@type\":\"BreadcrumbList\",\"@id\":\"https:\\\/\\\/kal-akal.com\\\/?p=548#breadcrumb\",\"itemListElement\":[{\"@type\":\"ListItem\",\"position\":1,\"name\":\"Home\",\"item\":\"https:\\\/\\\/kal-akal.com\\\/\"},{\"@type\":\"ListItem\",\"position\":2,\"name\":\"Rapport du mois de mai 2025 sur les violations des droits humains en Azawad\"}]},{\"@type\":\"WebSite\",\"@id\":\"https:\\\/\\\/kal-akal.com\\\/#website\",\"url\":\"https:\\\/\\\/kal-akal.com\\\/\",\"name\":\"Association Kal Akal\",\"description\":\"l\u2019Association Kal Akal est un Observatoire Citoyen de Veille et de D\u00e9fense des Droits Humains du Peuple de l\u2019Azawad.\",\"publisher\":{\"@id\":\"https:\\\/\\\/kal-akal.com\\\/#organization\"},\"potentialAction\":[{\"@type\":\"SearchAction\",\"target\":{\"@type\":\"EntryPoint\",\"urlTemplate\":\"https:\\\/\\\/kal-akal.com\\\/?s={search_term_string}\"},\"query-input\":{\"@type\":\"PropertyValueSpecification\",\"valueRequired\":true,\"valueName\":\"search_term_string\"}}],\"inLanguage\":\"fr-FR\"},{\"@type\":\"Organization\",\"@id\":\"https:\\\/\\\/kal-akal.com\\\/#organization\",\"name\":\"Association Kal Akal\",\"url\":\"https:\\\/\\\/kal-akal.com\\\/\",\"logo\":{\"@type\":\"ImageObject\",\"inLanguage\":\"fr-FR\",\"@id\":\"https:\\\/\\\/kal-akal.com\\\/#\\\/schema\\\/logo\\\/image\\\/\",\"url\":\"https:\\\/\\\/kal-akal.com\\\/wp-content\\\/uploads\\\/2024\\\/06\\\/cropped-\u062c\u0645\u0639\u064a\u0629-\u0643\u0644-\u0623\u0643\u0627\u0644.png\",\"contentUrl\":\"https:\\\/\\\/kal-akal.com\\\/wp-content\\\/uploads\\\/2024\\\/06\\\/cropped-\u062c\u0645\u0639\u064a\u0629-\u0643\u0644-\u0623\u0643\u0627\u0644.png\",\"width\":200,\"height\":40,\"caption\":\"Association Kal Akal\"},\"image\":{\"@id\":\"https:\\\/\\\/kal-akal.com\\\/#\\\/schema\\\/logo\\\/image\\\/\"}},{\"@type\":\"Person\",\"@id\":\"https:\\\/\\\/kal-akal.com\\\/#\\\/schema\\\/person\\\/38fee61aab36e307bd27480803963845\",\"name\":\"\u0639\u0628\u062f\u0627\u0644\u0644\u06472024\",\"image\":{\"@type\":\"ImageObject\",\"inLanguage\":\"fr-FR\",\"@id\":\"https:\\\/\\\/secure.gravatar.com\\\/avatar\\\/3c56ec666afc88ba8e609c1f64df8546bde100acf43533800f1a1368f1fb350c?s=96&d=mm&r=g\",\"url\":\"https:\\\/\\\/secure.gravatar.com\\\/avatar\\\/3c56ec666afc88ba8e609c1f64df8546bde100acf43533800f1a1368f1fb350c?s=96&d=mm&r=g\",\"contentUrl\":\"https:\\\/\\\/secure.gravatar.com\\\/avatar\\\/3c56ec666afc88ba8e609c1f64df8546bde100acf43533800f1a1368f1fb350c?s=96&d=mm&r=g\",\"caption\":\"\u0639\u0628\u062f\u0627\u0644\u0644\u06472024\"},\"sameAs\":[\"http:\\\/\\\/kal-akal.com\"],\"url\":\"https:\\\/\\\/kal-akal.com\\\/?author=1\"}]}<\/script>\n<!-- \/ Yoast SEO plugin. -->","yoast_head_json":{"title":"Rapport du mois de mai 2025 sur les violations des droits humains en Azawad - Association Kal Akal","robots":{"index":"index","follow":"follow","max-snippet":"max-snippet:-1","max-image-preview":"max-image-preview:large","max-video-preview":"max-video-preview:-1"},"canonical":"https:\/\/kal-akal.com\/?p=548","og_locale":"fr_FR","og_type":"article","og_title":"Rapport du mois de mai 2025 sur les violations des droits humains en Azawad - Association Kal Akal","og_description":"Observatoire citoyen pour la d\u00e9fense des droits humains en Azawad ( Association Kal Akal) RAPPORT N\u00b005\/MHB\/2025 P\u00e9riode : Mois de Mai Date : le 1er Juin 2025 Introduction L\u2019Association Kal-Akal,&hellip;","og_url":"https:\/\/kal-akal.com\/?p=548","og_site_name":"Association Kal Akal","article_published_time":"2025-06-01T09:47:58+00:00","article_modified_time":"2025-06-01T09:57:49+00:00","og_image":[{"width":640,"height":640,"url":"https:\/\/kal-akal.com\/wp-content\/uploads\/2025\/03\/AssociationkalAkal20250317_203747.jpg","type":"image\/jpeg"}],"author":"\u0639\u0628\u062f\u0627\u0644\u0644\u06472024","twitter_card":"summary_large_image","twitter_misc":{"\u00c9crit par":"\u0639\u0628\u062f\u0627\u0644\u0644\u06472024","Dur\u00e9e de lecture estim\u00e9e":"6 minutes"},"schema":{"@context":"https:\/\/schema.org","@graph":[{"@type":"Article","@id":"https:\/\/kal-akal.com\/?p=548#article","isPartOf":{"@id":"https:\/\/kal-akal.com\/?p=548"},"author":{"name":"\u0639\u0628\u062f\u0627\u0644\u0644\u06472024","@id":"https:\/\/kal-akal.com\/#\/schema\/person\/38fee61aab36e307bd27480803963845"},"headline":"Rapport du mois de mai 2025 sur les violations des droits humains en Azawad","datePublished":"2025-06-01T09:47:58+00:00","dateModified":"2025-06-01T09:57:49+00:00","mainEntityOfPage":{"@id":"https:\/\/kal-akal.com\/?p=548"},"wordCount":1128,"commentCount":1,"publisher":{"@id":"https:\/\/kal-akal.com\/#organization"},"image":{"@id":"https:\/\/kal-akal.com\/?p=548#primaryimage"},"thumbnailUrl":"https:\/\/kal-akal.com\/wp-content\/uploads\/2025\/03\/AssociationkalAkal20250317_203747.jpg","articleSection":["rapport"],"inLanguage":"fr-FR","potentialAction":[{"@type":"CommentAction","name":"Comment","target":["https:\/\/kal-akal.com\/?p=548#respond"]}]},{"@type":"WebPage","@id":"https:\/\/kal-akal.com\/?p=548","url":"https:\/\/kal-akal.com\/?p=548","name":"Rapport du mois de mai 2025 sur les violations des droits humains en Azawad - Association Kal Akal","isPartOf":{"@id":"https:\/\/kal-akal.com\/#website"},"primaryImageOfPage":{"@id":"https:\/\/kal-akal.com\/?p=548#primaryimage"},"image":{"@id":"https:\/\/kal-akal.com\/?p=548#primaryimage"},"thumbnailUrl":"https:\/\/kal-akal.com\/wp-content\/uploads\/2025\/03\/AssociationkalAkal20250317_203747.jpg","datePublished":"2025-06-01T09:47:58+00:00","dateModified":"2025-06-01T09:57:49+00:00","breadcrumb":{"@id":"https:\/\/kal-akal.com\/?p=548#breadcrumb"},"inLanguage":"fr-FR","potentialAction":[{"@type":"ReadAction","target":["https:\/\/kal-akal.com\/?p=548"]}]},{"@type":"ImageObject","inLanguage":"fr-FR","@id":"https:\/\/kal-akal.com\/?p=548#primaryimage","url":"https:\/\/kal-akal.com\/wp-content\/uploads\/2025\/03\/AssociationkalAkal20250317_203747.jpg","contentUrl":"https:\/\/kal-akal.com\/wp-content\/uploads\/2025\/03\/AssociationkalAkal20250317_203747.jpg","width":640,"height":640},{"@type":"BreadcrumbList","@id":"https:\/\/kal-akal.com\/?p=548#breadcrumb","itemListElement":[{"@type":"ListItem","position":1,"name":"Home","item":"https:\/\/kal-akal.com\/"},{"@type":"ListItem","position":2,"name":"Rapport du mois de mai 2025 sur les violations des droits humains en Azawad"}]},{"@type":"WebSite","@id":"https:\/\/kal-akal.com\/#website","url":"https:\/\/kal-akal.com\/","name":"Association Kal Akal","description":"l\u2019Association Kal Akal est un Observatoire Citoyen de Veille et de D\u00e9fense des Droits Humains du Peuple de l\u2019Azawad.","publisher":{"@id":"https:\/\/kal-akal.com\/#organization"},"potentialAction":[{"@type":"SearchAction","target":{"@type":"EntryPoint","urlTemplate":"https:\/\/kal-akal.com\/?s={search_term_string}"},"query-input":{"@type":"PropertyValueSpecification","valueRequired":true,"valueName":"search_term_string"}}],"inLanguage":"fr-FR"},{"@type":"Organization","@id":"https:\/\/kal-akal.com\/#organization","name":"Association Kal Akal","url":"https:\/\/kal-akal.com\/","logo":{"@type":"ImageObject","inLanguage":"fr-FR","@id":"https:\/\/kal-akal.com\/#\/schema\/logo\/image\/","url":"https:\/\/kal-akal.com\/wp-content\/uploads\/2024\/06\/cropped-\u062c\u0645\u0639\u064a\u0629-\u0643\u0644-\u0623\u0643\u0627\u0644.png","contentUrl":"https:\/\/kal-akal.com\/wp-content\/uploads\/2024\/06\/cropped-\u062c\u0645\u0639\u064a\u0629-\u0643\u0644-\u0623\u0643\u0627\u0644.png","width":200,"height":40,"caption":"Association Kal Akal"},"image":{"@id":"https:\/\/kal-akal.com\/#\/schema\/logo\/image\/"}},{"@type":"Person","@id":"https:\/\/kal-akal.com\/#\/schema\/person\/38fee61aab36e307bd27480803963845","name":"\u0639\u0628\u062f\u0627\u0644\u0644\u06472024","image":{"@type":"ImageObject","inLanguage":"fr-FR","@id":"https:\/\/secure.gravatar.com\/avatar\/3c56ec666afc88ba8e609c1f64df8546bde100acf43533800f1a1368f1fb350c?s=96&d=mm&r=g","url":"https:\/\/secure.gravatar.com\/avatar\/3c56ec666afc88ba8e609c1f64df8546bde100acf43533800f1a1368f1fb350c?s=96&d=mm&r=g","contentUrl":"https:\/\/secure.gravatar.com\/avatar\/3c56ec666afc88ba8e609c1f64df8546bde100acf43533800f1a1368f1fb350c?s=96&d=mm&r=g","caption":"\u0639\u0628\u062f\u0627\u0644\u0644\u06472024"},"sameAs":["http:\/\/kal-akal.com"],"url":"https:\/\/kal-akal.com\/?author=1"}]}},"jetpack_featured_media_url":"https:\/\/kal-akal.com\/wp-content\/uploads\/2025\/03\/AssociationkalAkal20250317_203747.jpg","jetpack_sharing_enabled":true,"_links":{"self":[{"href":"https:\/\/kal-akal.com\/index.php?rest_route=\/wp\/v2\/posts\/548","targetHints":{"allow":["GET"]}}],"collection":[{"href":"https:\/\/kal-akal.com\/index.php?rest_route=\/wp\/v2\/posts"}],"about":[{"href":"https:\/\/kal-akal.com\/index.php?rest_route=\/wp\/v2\/types\/post"}],"author":[{"embeddable":true,"href":"https:\/\/kal-akal.com\/index.php?rest_route=\/wp\/v2\/users\/1"}],"replies":[{"embeddable":true,"href":"https:\/\/kal-akal.com\/index.php?rest_route=%2Fwp%2Fv2%2Fcomments&post=548"}],"version-history":[{"count":4,"href":"https:\/\/kal-akal.com\/index.php?rest_route=\/wp\/v2\/posts\/548\/revisions"}],"predecessor-version":[{"id":552,"href":"https:\/\/kal-akal.com\/index.php?rest_route=\/wp\/v2\/posts\/548\/revisions\/552"}],"wp:featuredmedia":[{"embeddable":true,"href":"https:\/\/kal-akal.com\/index.php?rest_route=\/wp\/v2\/media\/471"}],"wp:attachment":[{"href":"https:\/\/kal-akal.com\/index.php?rest_route=%2Fwp%2Fv2%2Fmedia&parent=548"}],"wp:term":[{"taxonomy":"category","embeddable":true,"href":"https:\/\/kal-akal.com\/index.php?rest_route=%2Fwp%2Fv2%2Fcategories&post=548"},{"taxonomy":"post_tag","embeddable":true,"href":"https:\/\/kal-akal.com\/index.php?rest_route=%2Fwp%2Fv2%2Ftags&post=548"}],"curies":[{"name":"wp","href":"https:\/\/api.w.org\/{rel}","templated":true}]}}