{"id":570,"date":"2025-07-01T09:58:17","date_gmt":"2025-07-01T09:58:17","guid":{"rendered":"https:\/\/kal-akal.com\/?p=570"},"modified":"2025-07-01T10:01:08","modified_gmt":"2025-07-01T10:01:08","slug":"violations-des-droits-humains-en-azawad-rapport-mensuel-juin-2025","status":"publish","type":"post","link":"https:\/\/kal-akal.com\/?p=570","title":{"rendered":"Violations des droits humains en Azawad:&nbsp; Rapport mensuel Juin 2025"},"content":{"rendered":"\n<p><strong>Observatoire citoyen pour la d\u00e9fense des droits humains en Azawad<\/strong> ( Association Kal Akal )<br>RAPPORT N\u00b006\/AKA\/2025<br><strong>P\u00e9riode<\/strong> : Mois de Juin<br><strong>Date<\/strong> : le 1er Juillet 2025<\/p>\n\n\n\n<p><br><strong>Introduction<\/strong><br>L\u2019Association Kal-Akal, observatoire citoyen pour la d\u00e9fense des droits humains en Azawad, poursuit sa mission de veille, de documentation et de d\u00e9nonciation des exactions commises contre les populations civiles et son engagement pour la d\u00e9fense des droits humains dans les r\u00e9gions de l\u2019Azawad et du centre du Mali. Gr\u00e2ce \u00e0 son r\u00e9seau de relais locaux et de t\u00e9moins anonymes, elle documente avec rigueur les violations des droits humains, quelles qu\u2019en soient les origines.<br>Ce rapport mensuel met en lumi\u00e8re les violations des droits humains perp\u00e9tr\u00e9es durant le mois de Juin 2025, dans un contexte marqu\u00e9 par l\u2019intensification de la r\u00e9pression militaire, les exactions cibl\u00e9es contre des communaut\u00e9s sp\u00e9cifiques et la terreur impos\u00e9e par divers groupes arm\u00e9s.<br>Le mois de juin 2025 a \u00e9t\u00e9 marqu\u00e9 par une recrudescence des violences commises \u00e0 l\u2019encontre des populations civiles. Les attaques a\u00e9riennes et les op\u00e9rations terrestres men\u00e9es par les Forces arm\u00e9es maliennes (FAMa), accompagn\u00e9es du soi-disant (Africa Corps) h\u00e9ritier direct du groupe Wagner, ont cibl\u00e9 indistinctement des civils, des d\u00e9plac\u00e9s, des nomades ainsi que leurs biens.<br>Ce pr\u00e9tendu changement de nom n\u2019a en rien modifi\u00e9 les pratiques , l\u2019Africa Corps reproduit les m\u00eames exactions brutales que Wagner, voire les aggrave dans plusieurs zones de l\u2019Azawad.<\/p>\n\n\n\n<p><br>I. <strong>EX\u00c9CUTIONS SOMMAIRES ET MEURTRES CIBL\u00c9S <\/strong>: 72 cas confirm\u00e9s<br>Le 1er juin: Mohamed Elbechir, un paysan de Labbezanga, a \u00e9t\u00e9 enlev\u00e9 puis assassin\u00e9.<br>Le 2 juin: deux jeunes (un Tamasheq et un forgeron) ont \u00e9t\u00e9 ex\u00e9cut\u00e9s \u00e0 Tombouctou apr\u00e8s une attaque jihadiste. Ils ont \u00e9t\u00e9 livr\u00e9s \u00e0 des racistes qui les ont br\u00fbl\u00e9s vifs.<br>Le 4 juin; \u00e0 Tissi (Gao), 4 civils ont \u00e9t\u00e9 ex\u00e9cut\u00e9s sommairement par l\u2019arm\u00e9e malienne apr\u00e8s une attaque de l\u2019EIGS.<br>Le 6 juin \u00e0 Yinwa (sud), l\u2019arm\u00e9e aurait ex\u00e9cut\u00e9 plusieurs civils durant la f\u00eate de l\u2019A\u00efd, dont un vieil homme de 80 ans.<br>Le 15 juin : \u00e0 Tanouma (Dialloub\u00e9), des p\u00eacheurs ont \u00e9t\u00e9 tu\u00e9s dans une frappe a\u00e9rienne.<br>Le 21 juin : \u00e0 Ifagdawane (L\u00e9r\u00e9), une frappe a\u00e9rienne malienne a vis\u00e9 un v\u00e9hicule civil gar\u00e9 pr\u00e8s d&rsquo;une tente nomade tuant deux civils, blessant un troisi\u00e8me et causant la mort de plusieurs animaux.<br>Le 25 juin a Anommalan&nbsp; et 26 juin, 4 civils ont \u00e9t\u00e9 tu\u00e9s par drones<br>Le 26 juin&nbsp; \u00e0 Igacher Sdidane, plus de 20 civils parmi lesquels des femmes et de jeunes enfants, ainsi que&nbsp; leaders communautaires,ont \u00e9t\u00e9 ex\u00e9cut\u00e9s lors d\u2019une op\u00e9ration terrestre de larm\u00e9e malien accompagn\u00e9es d\u2019Africa Corps .<\/p>\n\n\n\n<p><br>II. <strong>ENL\u00c8VEMENTS, DISPARITIONS FORC\u00c9ES ET TORTURES<\/strong> : 44 cas confirm\u00e9s<br>1er juin : 11 vendeurs d\u2019animaux enlev\u00e9s \u00e0 Tombouctou.<br>3 juin : Disparition d\u2019Addou Ag Tahama \u00e0 Tombouctou.<br>10 juin : Arrestation arbitraire de Daoud Ag Mohamed et Bibi Ag Alminawi \u00e0 Gao.<br>22 juin : 11 jeunes d\u00e9plac\u00e9s arr\u00eat\u00e9s dans le camp de Bawa \u00e0 Gao.<br>21 juin : Un groupe de jeunes de Tessit arr\u00eat\u00e9, tortur\u00e9, puis renvoy\u00e9 \u00e0 Ansongo.<br>25 juin : 6 civils arr\u00eat\u00e9s \u00e0 Adjachou (Tombouctou).<br>26 juin : une patrouille conjointe FAMa&nbsp; Africa Corps, en provenance de la base militaire de Soumpi, a effectu\u00e9 une incursion dans le village de Bardagou. Apr\u00e8s avoir saccag\u00e9 des habitations, ont proc\u00e9d\u00e9 \u00e0 l\u2019arrestation de trois civils.<\/p>\n\n\n\n<p><br>III. <strong>PILLAGES ET DESTRUCTIONS DE BIENS CIVILS<\/strong> : 8 cas confirm\u00e9s<br>Le mois de Juin a e\u0301te\u0301 marque\u0301 par des ope\u0301rations de pillage d\u2019une ampleur de\u0301vastatrice :<br>3 juin : Incendie d\u2019un camion-citerne dans un campement nomade pr\u00e8s d\u2019Almoustrat.<br>8 juin : Destruction de deux v\u00e9hicules civils dans le bombardement d\u2019Amasine (Kidal).<br>13 juin : Incendie de maisons et de 3 v\u00e9hicules civils \u00e0 Intadayn\u00e9 (M\u00e9naka).<br>24\u201325 juin : Pillages \u00e0 Diawely, Sormo, Sourango ; panneaux solaires et biens civils vol\u00e9s.<\/p>\n\n\n\n<p><br><strong>IV. CONS\u00c9QUENCES HUMANITAIRES<\/strong> : EXODE, TRAUMATISMES, D\u00c9PLACEMENTS<br>\u00e8 Exode des habitants de zones bombard\u00e9es.<br>\u00e8 Des familles enti\u00e8res sont port\u00e9es disparues apr\u00e8s les attaques de drones et les rafles de civils.<\/p>\n\n\n\n<p><br>V. <strong>VIOLS ET VIOLENCES SEXUELLES<\/strong> : 0 cas confirm\u00e9s<br>Aucun cas n\u2019a \u00e9t\u00e9 officiellement confirm\u00e9 au cours du mois de juin 2025, bien que des suspicions persistent dans certaines localit\u00e9s.<\/p>\n\n\n\n<p><br><strong>Conclusion<\/strong><br>Le mois de juin 2025 s\u2019ach\u00e8ve sur un constat accablant : les populations civiles de l\u2019Azawad continuent de payer le prix fort d\u2019un conflit qui ne conna\u00eet ni tr\u00eave ni limite dans la brutalit\u00e9. Les violations graves du droit international humanitaire ont \u00e9t\u00e9 commises tant par les Forces arm\u00e9es maliennes et leurs suppl\u00e9tifs du Africa corps que par les groupes terroristes tels que l\u2019\u00c9tat islamique au Sahel et autres.<br>Derri\u00e8re un changement de nom ou de banni\u00e8re, les m\u00e9thodes demeurent identiques ex\u00e9cutions sommaires, disparitions forc\u00e9es, pillages, destructions de biens civils et terreur inflig\u00e9e aux populations nomades. Qu\u2019il s\u2019agisse d\u2019une patrouille militaire, d\u2019une op\u00e9ration men\u00e9e par des mercenaires ou d\u2019une incursion djihadiste, le r\u00e9sultat est le m\u00eame; la population paie de sa vie, de sa libert\u00e9 et de sa s\u00e9curit\u00e9.<br>L\u2019association Kal-Akal d\u00e9nonce avec la plus grande fermet\u00e9 cette convergence de violences, aliment\u00e9e par l\u2019impunit\u00e9 et le silence. Nous lan\u00e7ons un appel solennel \u00e0 la communaut\u00e9 internationale pour qu\u2019elle engage sans d\u00e9lai des enqu\u00eates ind\u00e9pendantes et impartiales sur toutes les violations, quels qu\u2019en soient les auteurs et pour qu\u2019elle \u0153uvre \u00e0 la protection effective des civils et au respect du droit humanitaire.<br>Fid\u00e8le \u00e0 sa mission de d\u00e9fense des droits humains, l\u2019association Kal-Akal poursuivra sans rel\u00e2che son travail de documentation, d\u2019alerte et de soutien aux victimes, dans l\u2019espoir que justice soit rendue et que la dignit\u00e9 des peuples de l\u2019Azawad soit enfin reconnue et respect\u00e9e.<br><br><strong>Quelques images des crimes:<\/strong><br><br>1- Le 18 juin 2025, une patrouille conjointe des FAMa et de l\u2019Africa Corps s\u2019est rendue \u00e0 Ajagharom, dans la vall\u00e9e d\u2019Azdjarat, r\u00e9gion de M\u00e9naka. Sur place, plusieurs habitations ont \u00e9t\u00e9 incendi\u00e9es et des biens civils saisis..&nbsp;<\/p>\n\n\n\n<figure class=\"wp-block-image size-large\"><img loading=\"lazy\" decoding=\"async\" width=\"1024\" height=\"1024\" src=\"https:\/\/kal-akal.com\/wp-content\/uploads\/2025\/07\/img-20250613-wa00917029597699644665839-1024x1024.jpg\" alt=\"\" class=\"wp-image-574\" srcset=\"https:\/\/kal-akal.com\/wp-content\/uploads\/2025\/07\/img-20250613-wa00917029597699644665839-1024x1024.jpg 1024w, https:\/\/kal-akal.com\/wp-content\/uploads\/2025\/07\/img-20250613-wa00917029597699644665839-300x300.jpg 300w, https:\/\/kal-akal.com\/wp-content\/uploads\/2025\/07\/img-20250613-wa00917029597699644665839-150x150.jpg 150w, https:\/\/kal-akal.com\/wp-content\/uploads\/2025\/07\/img-20250613-wa00917029597699644665839-768x768.jpg 768w, https:\/\/kal-akal.com\/wp-content\/uploads\/2025\/07\/img-20250613-wa00917029597699644665839.jpg 1080w\" sizes=\"auto, (max-width: 1024px) 100vw, 1024px\" \/><\/figure>\n\n\n\n<p><br><br>2- Deux civils tu\u00e9s et br\u00fbl\u00e9 par un patrouille de FAMa- Africa Corps \u00e0 eghachar sadidane dans la r\u00e9gion de Kidal le 27 juin 2025 , une vingtaine des personnes ont \u00e9t\u00e9 tu\u00e9s dans la m\u00eame zone par les m\u00eame auteurs<\/p>\n\n\n\n<figure class=\"wp-block-image size-large\"><img loading=\"lazy\" decoding=\"async\" width=\"473\" height=\"657\" src=\"https:\/\/kal-akal.com\/wp-content\/uploads\/2025\/07\/image_editor_output_image797763610-17513637562274580092541830580929.jpg\" alt=\"\" class=\"wp-image-576\" srcset=\"https:\/\/kal-akal.com\/wp-content\/uploads\/2025\/07\/image_editor_output_image797763610-17513637562274580092541830580929.jpg 473w, https:\/\/kal-akal.com\/wp-content\/uploads\/2025\/07\/image_editor_output_image797763610-17513637562274580092541830580929-216x300.jpg 216w\" sizes=\"auto, (max-width: 473px) 100vw, 473px\" \/><\/figure>\n\n\n\n<p><br><br>3- Le 4 juin 2025 \u00e0 Tadjmart (50 km d\u2019Adjelhoc), une frappe a vis\u00e9 un v\u00e9hicule civil : 5 morts, dont deux femmes et un enfant, et 3 bless\u00e9s, dont une femme et un enfant. Parmi les victimes figure Biga Ag Bilal, tu\u00e9 avec sa femme, sa fille, son enfant et son petit-fils.<\/p>\n\n\n\n<figure class=\"wp-block-image size-large\"><img loading=\"lazy\" decoding=\"async\" width=\"762\" height=\"1016\" src=\"https:\/\/kal-akal.com\/wp-content\/uploads\/2025\/07\/img-20250604-wa01452772683764581275008.jpg\" alt=\"\" class=\"wp-image-577\" srcset=\"https:\/\/kal-akal.com\/wp-content\/uploads\/2025\/07\/img-20250604-wa01452772683764581275008.jpg 762w, https:\/\/kal-akal.com\/wp-content\/uploads\/2025\/07\/img-20250604-wa01452772683764581275008-225x300.jpg 225w\" sizes=\"auto, (max-width: 762px) 100vw, 762px\" \/><\/figure>\n\n\n\n<p><br><br><strong>Adresses de l\u2019Association<\/strong> :<br>1.facebook : https:\/\/cutt.ly\/Fekd7aMb<\/p>\n\n\n\n<p>2. blog : https:\/\/www.kal-akal.com\/<\/p>\n\n\n\n<p>3. Twitter :https:\/\/x.com\/kalakal2012\/<br><br>Aka : Association Kal Akal<br>Fama = forces Arm\u00e9es Maliennes<br>Hani = Des hommes arm\u00e9s non identifi\u00e9<\/p>\n","protected":false},"excerpt":{"rendered":"<p>Observatoire citoyen pour la d\u00e9fense des droits humains en Azawad ( Association Kal Akal )RAPPORT N\u00b006\/AKA\/2025P\u00e9riode : Mois de JuinDate : le 1er Juillet 2025 IntroductionL\u2019Association Kal-Akal, observatoire citoyen pour&hellip;<\/p>\n","protected":false},"author":2,"featured_media":565,"comment_status":"open","ping_status":"open","sticky":false,"template":"","format":"standard","meta":{"_jetpack_memberships_contains_paid_content":false,"footnotes":""},"categories":[3],"tags":[],"class_list":["post-570","post","type-post","status-publish","format-standard","has-post-thumbnail","hentry","category-rapport"],"yoast_head":"<!-- This site is optimized with the Yoast SEO plugin v27.5 - https:\/\/yoast.com\/product\/yoast-seo-wordpress\/ -->\n<title>Violations des droits humains en Azawad:&nbsp; Rapport mensuel Juin 2025 - Association Kal Akal<\/title>\n<meta name=\"robots\" content=\"index, follow, max-snippet:-1, max-image-preview:large, max-video-preview:-1\" \/>\n<link rel=\"canonical\" href=\"https:\/\/kal-akal.com\/?p=570\" \/>\n<meta property=\"og:locale\" content=\"fr_FR\" \/>\n<meta property=\"og:type\" content=\"article\" \/>\n<meta property=\"og:title\" content=\"Violations des droits humains en Azawad:&nbsp; Rapport mensuel Juin 2025 - Association Kal Akal\" \/>\n<meta property=\"og:description\" content=\"Observatoire citoyen pour la d\u00e9fense des droits humains en Azawad ( Association Kal Akal )RAPPORT N\u00b006\/AKA\/2025P\u00e9riode : Mois de JuinDate : le 1er Juillet 2025 IntroductionL\u2019Association Kal-Akal, observatoire citoyen pour&hellip;\" \/>\n<meta property=\"og:url\" content=\"https:\/\/kal-akal.com\/?p=570\" \/>\n<meta property=\"og:site_name\" content=\"Association Kal Akal\" \/>\n<meta property=\"article:published_time\" content=\"2025-07-01T09:58:17+00:00\" \/>\n<meta property=\"article:modified_time\" content=\"2025-07-01T10:01:08+00:00\" \/>\n<meta property=\"og:image\" content=\"http:\/\/kal-akal.com\/wp-content\/uploads\/2025\/06\/IMG-20250621-WA0116.jpg\" \/>\n\t<meta property=\"og:image:width\" content=\"1080\" \/>\n\t<meta property=\"og:image:height\" content=\"763\" \/>\n\t<meta property=\"og:image:type\" content=\"image\/jpeg\" \/>\n<meta name=\"author\" content=\"\u0623\u063a \u0623\u0643\u0627\u0644\" \/>\n<meta name=\"twitter:card\" content=\"summary_large_image\" \/>\n<meta name=\"twitter:image\" content=\"https:\/\/kal-akal.com\/wp-content\/uploads\/2025\/06\/IMG-20250621-WA0116.jpg\" \/>\n<meta name=\"twitter:label1\" content=\"\u00c9crit par\" \/>\n\t<meta name=\"twitter:data1\" content=\"\u0623\u063a \u0623\u0643\u0627\u0644\" \/>\n\t<meta name=\"twitter:label2\" content=\"Dur\u00e9e de lecture estim\u00e9e\" \/>\n\t<meta name=\"twitter:data2\" content=\"7 minutes\" \/>\n<script type=\"application\/ld+json\" class=\"yoast-schema-graph\">{\"@context\":\"https:\\\/\\\/schema.org\",\"@graph\":[{\"@type\":\"Article\",\"@id\":\"https:\\\/\\\/kal-akal.com\\\/?p=570#article\",\"isPartOf\":{\"@id\":\"https:\\\/\\\/kal-akal.com\\\/?p=570\"},\"author\":{\"name\":\"\u0623\u063a \u0623\u0643\u0627\u0644\",\"@id\":\"https:\\\/\\\/kal-akal.com\\\/#\\\/schema\\\/person\\\/567ef72ecf558c48a9d23b2688e00dad\"},\"headline\":\"Violations des droits humains en Azawad:&nbsp; Rapport mensuel Juin 2025\",\"datePublished\":\"2025-07-01T09:58:17+00:00\",\"dateModified\":\"2025-07-01T10:01:08+00:00\",\"mainEntityOfPage\":{\"@id\":\"https:\\\/\\\/kal-akal.com\\\/?p=570\"},\"wordCount\":1179,\"commentCount\":2,\"publisher\":{\"@id\":\"https:\\\/\\\/kal-akal.com\\\/#organization\"},\"image\":{\"@id\":\"https:\\\/\\\/kal-akal.com\\\/?p=570#primaryimage\"},\"thumbnailUrl\":\"https:\\\/\\\/kal-akal.com\\\/wp-content\\\/uploads\\\/2025\\\/06\\\/IMG-20250621-WA0116.jpg\",\"articleSection\":[\"rapport\"],\"inLanguage\":\"fr-FR\",\"potentialAction\":[{\"@type\":\"CommentAction\",\"name\":\"Comment\",\"target\":[\"https:\\\/\\\/kal-akal.com\\\/?p=570#respond\"]}]},{\"@type\":\"WebPage\",\"@id\":\"https:\\\/\\\/kal-akal.com\\\/?p=570\",\"url\":\"https:\\\/\\\/kal-akal.com\\\/?p=570\",\"name\":\"Violations des droits humains en Azawad:&nbsp; Rapport mensuel Juin 2025 - Association Kal Akal\",\"isPartOf\":{\"@id\":\"https:\\\/\\\/kal-akal.com\\\/#website\"},\"primaryImageOfPage\":{\"@id\":\"https:\\\/\\\/kal-akal.com\\\/?p=570#primaryimage\"},\"image\":{\"@id\":\"https:\\\/\\\/kal-akal.com\\\/?p=570#primaryimage\"},\"thumbnailUrl\":\"https:\\\/\\\/kal-akal.com\\\/wp-content\\\/uploads\\\/2025\\\/06\\\/IMG-20250621-WA0116.jpg\",\"datePublished\":\"2025-07-01T09:58:17+00:00\",\"dateModified\":\"2025-07-01T10:01:08+00:00\",\"breadcrumb\":{\"@id\":\"https:\\\/\\\/kal-akal.com\\\/?p=570#breadcrumb\"},\"inLanguage\":\"fr-FR\",\"potentialAction\":[{\"@type\":\"ReadAction\",\"target\":[\"https:\\\/\\\/kal-akal.com\\\/?p=570\"]}]},{\"@type\":\"ImageObject\",\"inLanguage\":\"fr-FR\",\"@id\":\"https:\\\/\\\/kal-akal.com\\\/?p=570#primaryimage\",\"url\":\"https:\\\/\\\/kal-akal.com\\\/wp-content\\\/uploads\\\/2025\\\/06\\\/IMG-20250621-WA0116.jpg\",\"contentUrl\":\"https:\\\/\\\/kal-akal.com\\\/wp-content\\\/uploads\\\/2025\\\/06\\\/IMG-20250621-WA0116.jpg\",\"width\":1080,\"height\":763},{\"@type\":\"BreadcrumbList\",\"@id\":\"https:\\\/\\\/kal-akal.com\\\/?p=570#breadcrumb\",\"itemListElement\":[{\"@type\":\"ListItem\",\"position\":1,\"name\":\"Home\",\"item\":\"https:\\\/\\\/kal-akal.com\\\/\"},{\"@type\":\"ListItem\",\"position\":2,\"name\":\"Violations des droits humains en Azawad:&nbsp; Rapport mensuel Juin 2025\"}]},{\"@type\":\"WebSite\",\"@id\":\"https:\\\/\\\/kal-akal.com\\\/#website\",\"url\":\"https:\\\/\\\/kal-akal.com\\\/\",\"name\":\"Association Kal Akal\",\"description\":\"l\u2019Association Kal Akal est un Observatoire Citoyen de Veille et de D\u00e9fense des Droits Humains du Peuple de l\u2019Azawad.\",\"publisher\":{\"@id\":\"https:\\\/\\\/kal-akal.com\\\/#organization\"},\"potentialAction\":[{\"@type\":\"SearchAction\",\"target\":{\"@type\":\"EntryPoint\",\"urlTemplate\":\"https:\\\/\\\/kal-akal.com\\\/?s={search_term_string}\"},\"query-input\":{\"@type\":\"PropertyValueSpecification\",\"valueRequired\":true,\"valueName\":\"search_term_string\"}}],\"inLanguage\":\"fr-FR\"},{\"@type\":\"Organization\",\"@id\":\"https:\\\/\\\/kal-akal.com\\\/#organization\",\"name\":\"Association Kal Akal\",\"url\":\"https:\\\/\\\/kal-akal.com\\\/\",\"logo\":{\"@type\":\"ImageObject\",\"inLanguage\":\"fr-FR\",\"@id\":\"https:\\\/\\\/kal-akal.com\\\/#\\\/schema\\\/logo\\\/image\\\/\",\"url\":\"https:\\\/\\\/kal-akal.com\\\/wp-content\\\/uploads\\\/2024\\\/06\\\/cropped-\u062c\u0645\u0639\u064a\u0629-\u0643\u0644-\u0623\u0643\u0627\u0644.png\",\"contentUrl\":\"https:\\\/\\\/kal-akal.com\\\/wp-content\\\/uploads\\\/2024\\\/06\\\/cropped-\u062c\u0645\u0639\u064a\u0629-\u0643\u0644-\u0623\u0643\u0627\u0644.png\",\"width\":200,\"height\":40,\"caption\":\"Association Kal Akal\"},\"image\":{\"@id\":\"https:\\\/\\\/kal-akal.com\\\/#\\\/schema\\\/logo\\\/image\\\/\"}},{\"@type\":\"Person\",\"@id\":\"https:\\\/\\\/kal-akal.com\\\/#\\\/schema\\\/person\\\/567ef72ecf558c48a9d23b2688e00dad\",\"name\":\"\u0623\u063a \u0623\u0643\u0627\u0644\",\"image\":{\"@type\":\"ImageObject\",\"inLanguage\":\"fr-FR\",\"@id\":\"https:\\\/\\\/secure.gravatar.com\\\/avatar\\\/81efc4726e0dba8c776f1113155f322ceb71a9ce3af03cdbfa30de879a628ffe?s=96&d=mm&r=g\",\"url\":\"https:\\\/\\\/secure.gravatar.com\\\/avatar\\\/81efc4726e0dba8c776f1113155f322ceb71a9ce3af03cdbfa30de879a628ffe?s=96&d=mm&r=g\",\"contentUrl\":\"https:\\\/\\\/secure.gravatar.com\\\/avatar\\\/81efc4726e0dba8c776f1113155f322ceb71a9ce3af03cdbfa30de879a628ffe?s=96&d=mm&r=g\",\"caption\":\"\u0623\u063a \u0623\u0643\u0627\u0644\"},\"url\":\"https:\\\/\\\/kal-akal.com\\\/?author=2\"}]}<\/script>\n<!-- \/ Yoast SEO plugin. -->","yoast_head_json":{"title":"Violations des droits humains en Azawad:&nbsp; Rapport mensuel Juin 2025 - Association Kal Akal","robots":{"index":"index","follow":"follow","max-snippet":"max-snippet:-1","max-image-preview":"max-image-preview:large","max-video-preview":"max-video-preview:-1"},"canonical":"https:\/\/kal-akal.com\/?p=570","og_locale":"fr_FR","og_type":"article","og_title":"Violations des droits humains en Azawad:&nbsp; Rapport mensuel Juin 2025 - Association Kal Akal","og_description":"Observatoire citoyen pour la d\u00e9fense des droits humains en Azawad ( Association Kal Akal )RAPPORT N\u00b006\/AKA\/2025P\u00e9riode : Mois de JuinDate : le 1er Juillet 2025 IntroductionL\u2019Association Kal-Akal, observatoire citoyen pour&hellip;","og_url":"https:\/\/kal-akal.com\/?p=570","og_site_name":"Association Kal Akal","article_published_time":"2025-07-01T09:58:17+00:00","article_modified_time":"2025-07-01T10:01:08+00:00","og_image":[{"width":1080,"height":763,"url":"http:\/\/kal-akal.com\/wp-content\/uploads\/2025\/06\/IMG-20250621-WA0116.jpg","type":"image\/jpeg"}],"author":"\u0623\u063a \u0623\u0643\u0627\u0644","twitter_card":"summary_large_image","twitter_image":"https:\/\/kal-akal.com\/wp-content\/uploads\/2025\/06\/IMG-20250621-WA0116.jpg","twitter_misc":{"\u00c9crit par":"\u0623\u063a \u0623\u0643\u0627\u0644","Dur\u00e9e de lecture estim\u00e9e":"7 minutes"},"schema":{"@context":"https:\/\/schema.org","@graph":[{"@type":"Article","@id":"https:\/\/kal-akal.com\/?p=570#article","isPartOf":{"@id":"https:\/\/kal-akal.com\/?p=570"},"author":{"name":"\u0623\u063a \u0623\u0643\u0627\u0644","@id":"https:\/\/kal-akal.com\/#\/schema\/person\/567ef72ecf558c48a9d23b2688e00dad"},"headline":"Violations des droits humains en Azawad:&nbsp; Rapport mensuel Juin 2025","datePublished":"2025-07-01T09:58:17+00:00","dateModified":"2025-07-01T10:01:08+00:00","mainEntityOfPage":{"@id":"https:\/\/kal-akal.com\/?p=570"},"wordCount":1179,"commentCount":2,"publisher":{"@id":"https:\/\/kal-akal.com\/#organization"},"image":{"@id":"https:\/\/kal-akal.com\/?p=570#primaryimage"},"thumbnailUrl":"https:\/\/kal-akal.com\/wp-content\/uploads\/2025\/06\/IMG-20250621-WA0116.jpg","articleSection":["rapport"],"inLanguage":"fr-FR","potentialAction":[{"@type":"CommentAction","name":"Comment","target":["https:\/\/kal-akal.com\/?p=570#respond"]}]},{"@type":"WebPage","@id":"https:\/\/kal-akal.com\/?p=570","url":"https:\/\/kal-akal.com\/?p=570","name":"Violations des droits humains en Azawad:&nbsp; Rapport mensuel Juin 2025 - Association Kal Akal","isPartOf":{"@id":"https:\/\/kal-akal.com\/#website"},"primaryImageOfPage":{"@id":"https:\/\/kal-akal.com\/?p=570#primaryimage"},"image":{"@id":"https:\/\/kal-akal.com\/?p=570#primaryimage"},"thumbnailUrl":"https:\/\/kal-akal.com\/wp-content\/uploads\/2025\/06\/IMG-20250621-WA0116.jpg","datePublished":"2025-07-01T09:58:17+00:00","dateModified":"2025-07-01T10:01:08+00:00","breadcrumb":{"@id":"https:\/\/kal-akal.com\/?p=570#breadcrumb"},"inLanguage":"fr-FR","potentialAction":[{"@type":"ReadAction","target":["https:\/\/kal-akal.com\/?p=570"]}]},{"@type":"ImageObject","inLanguage":"fr-FR","@id":"https:\/\/kal-akal.com\/?p=570#primaryimage","url":"https:\/\/kal-akal.com\/wp-content\/uploads\/2025\/06\/IMG-20250621-WA0116.jpg","contentUrl":"https:\/\/kal-akal.com\/wp-content\/uploads\/2025\/06\/IMG-20250621-WA0116.jpg","width":1080,"height":763},{"@type":"BreadcrumbList","@id":"https:\/\/kal-akal.com\/?p=570#breadcrumb","itemListElement":[{"@type":"ListItem","position":1,"name":"Home","item":"https:\/\/kal-akal.com\/"},{"@type":"ListItem","position":2,"name":"Violations des droits humains en Azawad:&nbsp; Rapport mensuel Juin 2025"}]},{"@type":"WebSite","@id":"https:\/\/kal-akal.com\/#website","url":"https:\/\/kal-akal.com\/","name":"Association Kal Akal","description":"l\u2019Association Kal Akal est un Observatoire Citoyen de Veille et de D\u00e9fense des Droits Humains du Peuple de l\u2019Azawad.","publisher":{"@id":"https:\/\/kal-akal.com\/#organization"},"potentialAction":[{"@type":"SearchAction","target":{"@type":"EntryPoint","urlTemplate":"https:\/\/kal-akal.com\/?s={search_term_string}"},"query-input":{"@type":"PropertyValueSpecification","valueRequired":true,"valueName":"search_term_string"}}],"inLanguage":"fr-FR"},{"@type":"Organization","@id":"https:\/\/kal-akal.com\/#organization","name":"Association Kal Akal","url":"https:\/\/kal-akal.com\/","logo":{"@type":"ImageObject","inLanguage":"fr-FR","@id":"https:\/\/kal-akal.com\/#\/schema\/logo\/image\/","url":"https:\/\/kal-akal.com\/wp-content\/uploads\/2024\/06\/cropped-\u062c\u0645\u0639\u064a\u0629-\u0643\u0644-\u0623\u0643\u0627\u0644.png","contentUrl":"https:\/\/kal-akal.com\/wp-content\/uploads\/2024\/06\/cropped-\u062c\u0645\u0639\u064a\u0629-\u0643\u0644-\u0623\u0643\u0627\u0644.png","width":200,"height":40,"caption":"Association Kal Akal"},"image":{"@id":"https:\/\/kal-akal.com\/#\/schema\/logo\/image\/"}},{"@type":"Person","@id":"https:\/\/kal-akal.com\/#\/schema\/person\/567ef72ecf558c48a9d23b2688e00dad","name":"\u0623\u063a \u0623\u0643\u0627\u0644","image":{"@type":"ImageObject","inLanguage":"fr-FR","@id":"https:\/\/secure.gravatar.com\/avatar\/81efc4726e0dba8c776f1113155f322ceb71a9ce3af03cdbfa30de879a628ffe?s=96&d=mm&r=g","url":"https:\/\/secure.gravatar.com\/avatar\/81efc4726e0dba8c776f1113155f322ceb71a9ce3af03cdbfa30de879a628ffe?s=96&d=mm&r=g","contentUrl":"https:\/\/secure.gravatar.com\/avatar\/81efc4726e0dba8c776f1113155f322ceb71a9ce3af03cdbfa30de879a628ffe?s=96&d=mm&r=g","caption":"\u0623\u063a \u0623\u0643\u0627\u0644"},"url":"https:\/\/kal-akal.com\/?author=2"}]}},"jetpack_featured_media_url":"https:\/\/kal-akal.com\/wp-content\/uploads\/2025\/06\/IMG-20250621-WA0116.jpg","jetpack_sharing_enabled":true,"_links":{"self":[{"href":"https:\/\/kal-akal.com\/index.php?rest_route=\/wp\/v2\/posts\/570","targetHints":{"allow":["GET"]}}],"collection":[{"href":"https:\/\/kal-akal.com\/index.php?rest_route=\/wp\/v2\/posts"}],"about":[{"href":"https:\/\/kal-akal.com\/index.php?rest_route=\/wp\/v2\/types\/post"}],"author":[{"embeddable":true,"href":"https:\/\/kal-akal.com\/index.php?rest_route=\/wp\/v2\/users\/2"}],"replies":[{"embeddable":true,"href":"https:\/\/kal-akal.com\/index.php?rest_route=%2Fwp%2Fv2%2Fcomments&post=570"}],"version-history":[{"count":5,"href":"https:\/\/kal-akal.com\/index.php?rest_route=\/wp\/v2\/posts\/570\/revisions"}],"predecessor-version":[{"id":580,"href":"https:\/\/kal-akal.com\/index.php?rest_route=\/wp\/v2\/posts\/570\/revisions\/580"}],"wp:featuredmedia":[{"embeddable":true,"href":"https:\/\/kal-akal.com\/index.php?rest_route=\/wp\/v2\/media\/565"}],"wp:attachment":[{"href":"https:\/\/kal-akal.com\/index.php?rest_route=%2Fwp%2Fv2%2Fmedia&parent=570"}],"wp:term":[{"taxonomy":"category","embeddable":true,"href":"https:\/\/kal-akal.com\/index.php?rest_route=%2Fwp%2Fv2%2Fcategories&post=570"},{"taxonomy":"post_tag","embeddable":true,"href":"https:\/\/kal-akal.com\/index.php?rest_route=%2Fwp%2Fv2%2Ftags&post=570"}],"curies":[{"name":"wp","href":"https:\/\/api.w.org\/{rel}","templated":true}]}}