{"id":621,"date":"2025-09-01T10:34:44","date_gmt":"2025-09-01T10:34:44","guid":{"rendered":"https:\/\/kal-akal.com\/?p=621"},"modified":"2025-09-01T10:36:51","modified_gmt":"2025-09-01T10:36:51","slug":"aout-2025","status":"publish","type":"post","link":"https:\/\/kal-akal.com\/?p=621","title":{"rendered":"Violations des droits humains en Azawad:&nbsp; Rapport mensuel d&rsquo;ao\u00fbt 2025."},"content":{"rendered":"\n<p class=\"MsoNormal\"><strong>RAPPORT N\u00b008\/AKA\/2025<\/strong><\/p>\n\n\n\n<p class=\"MsoNormal\"><strong>P\u00e9riode : Mois d\u2019ao\u00fbt 2025<\/strong><\/p>\n\n\n\n<p class=\"MsoNormal\"><strong>Date : le 1er septembre 2025<\/strong><\/p>\n\n\n\n<p class=\"MsoNormal\"><strong><u>Introduction<\/u><\/strong><\/p>\n\n\n\n<p class=\"MsoNormal\">L\u2019Association Kal-Akal, observatoire citoyen pour la d\u00e9fense des droits humains en Azawad, poursuit sa mission de veille, de documentation et de d\u00e9nonciation des exactions commises contre les populations civiles. Gr\u00e2ce \u00e0 son r\u00e9seau de relais locaux et de t\u00e9moins anonymes, elle recueille et rapporte avec rigueur les violations des droits humains, quelles qu\u2019en soient les origines.<\/p>\n\n\n\n<p class=\"MsoNormal\">Le mois d\u2019ao\u00fbt 2025 a \u00e9t\u00e9 marqu\u00e9 par une intensification des frappes de drones, des incursions militaires conjointes entre les Forces arm\u00e9es maliennes (FAMa) et les suppl\u00e9tifs russes de l\u2019Africa Corps, ainsi que des exactions ciblant les civils dans plusieurs r\u00e9gions de l\u2019Azawad. Les op\u00e9rations militaires, men\u00e9es sous couvert de lutte contre l\u2019ins\u00e9curit\u00e9, se sont traduites par des pertes humaines importantes, des disparitions forc\u00e9es, des pillages et des d\u00e9placements massifs de populations.<\/p>\n\n\n\n<p class=\"MsoNormal\"><strong>I. EX\u00c9CUTIONS SOMMAIRES ET MEURTRES CIBL\u00c9S : 31 cas confirm\u00e9s<\/strong><\/p>\n\n\n\n<ul class=\"wp-block-list\">\n<li>4 ao\u00fbt : Dans la zone de Tegharghar, un drone FAMa-Russe a frapp\u00e9 un v\u00e9hicule civil de type Toyota FJ45, appartenant \u00e0 Ousmane Ag Oumghad.<\/li>\n\n\n\n<li>11 ao\u00fbt : Une frappe de drone a vis\u00e9 une c\u00e9r\u00e9monie de mariage dans la zone de M\u00e9ma (ouest de Kita). Bilan : 11 morts<\/li>\n\n\n\n<li>11 ao\u00fbt : \u00c0 Adjelhoc (Kidal), 6 personnes dont trois femmes ont \u00e9t\u00e9 arr\u00eat\u00e9es par les FAMa et l\u2019Africa Corps. Leur sort reste inconnu (pr\u00e9sum\u00e9s disparues\/possiblement ex\u00e9cut\u00e9es).<\/li>\n\n\n\n<li>16 ao\u00fbt : Dans la zone de Tarkint\u2013Tabankort, deux civils ont \u00e9t\u00e9 ligot\u00e9s, d\u00e9pouill\u00e9s et maltrait\u00e9s.<\/li>\n\n\n\n<li>17 ao\u00fbt : Entre An\u00e9fis et Tabankort, un conducteur de v\u00e9hicule de transport a disparu apr\u00e8s l\u2019attaque de son camion, des traces de sang retrouv\u00e9es sur place.<\/li>\n\n\n\n<li>19 ao\u00fbt : Sidi Ag Baraka, pr\u00e9sident de la soci\u00e9t\u00e9 civile de la r\u00e9gion de M\u00e9naka, enlev\u00e9 il y a six mois par l\u2019\u00c9tat islamique, aurait \u00e9t\u00e9 ex\u00e9cut\u00e9 par ses ravisseurs.<\/li>\n\n\n\n<li>25 ao\u00fbt : Ex\u00e9cution de 3 civils peuls \u00e0 Nouhadji (zone de M\u00e9ma) par une patrouille conjointe FAMa\u2013Africa Corps.<\/li>\n\n\n\n<li>25 ao\u00fbt : Dans le village d\u2019Anouadji (pr\u00e8s de L\u00e9r\u00e9), 7 personnes tu\u00e9es par Africa Corps.<\/li>\n\n\n\n<li>27 ao\u00fbt : Massacre dans les environs de Bamako : plusieurs femmes, hommes et enfants peuls ex\u00e9cut\u00e9s, leurs animaux \u00e9galement tu\u00e9s.<\/li>\n<\/ul>\n\n\n\n<p class=\"MsoNormal\"><strong>II. ENL\u00c8VEMENTS, DISPARITIONS FORC\u00c9ES ET TORTURES : 15 cas confirm\u00e9s<\/strong><\/p>\n\n\n\n<ul class=\"wp-block-list\">\n<li>11 ao\u00fbt : \u00c0 Adjelhoc (Kidal), 6 personnes (dont trois femmes) arr\u00eat\u00e9es. Aucun signe de vie jusqu\u2019\u00e0 pr\u00e9sent.<\/li>\n\n\n\n<li>17 ao\u00fbt : Entre An\u00e9fis et Tabankort, disparition du conducteur d\u2019un v\u00e9hicule de transport.<\/li>\n<\/ul>\n\n\n\n<p class=\"MsoNormal\"><strong>III. PILLAGES ET DESTRUCTIONS DE BIENS CIVILS : 6 cas confirm\u00e9s<\/strong><\/p>\n\n\n\n<ul class=\"wp-block-list\">\n<li>7 ao\u00fbt : \u00c0 Tombouctou, interception de deux v\u00e9hicules civils de commer\u00e7ants charg\u00e9s de motos. Les v\u00e9hicules ont \u00e9t\u00e9 saisis sans nouvelles de leurs chauffeurs.<\/li>\n\n\n\n<li>15 ao\u00fbt : Un v\u00e9hicule Hilux civil saccag\u00e9 apr\u00e8s interception entre Tarkint et Bourem.<\/li>\n\n\n\n<li>17 ao\u00fbt : Disparition d\u2019un v\u00e9hicule civil Toyota apr\u00e8s attaque pr\u00e8s de Tabankort.<\/li>\n\n\n\n<li>19 ao\u00fbt : Pillage et saisie de biens civils dans le village d\u2019Eghassan N\u2019Elwan (Gossi).<\/li>\n\n\n\n<li>Drone \u00e0 Aghabo (Kidal) : frappe ayant tu\u00e9 deux vaches appartenant \u00e0 des nomades.<\/li>\n<\/ul>\n\n\n\n<p class=\"MsoNormal\"><strong>IV. CONS\u00c9QUENCES HUMANITAIRES : EXODE, TRAUMATISMES, D\u00c9PLACEMENTS : 5 cas document\u00e9s<\/strong><\/p>\n\n\n\n<ul class=\"wp-block-list\">\n<li>Multiplication des frappes de drones provoquant des d\u00e9placements massifs de populations (zones de M\u00e9ma, Kita, Kidal, Tombouctou).<\/li>\n\n\n\n<li>Les arrestations arbitraires et disparitions forc\u00e9es cr\u00e9ent un climat de peur, poussant les familles \u00e0 fuir les zones rurales.<\/li>\n\n\n\n<li>Ex\u00e9cutions sommaires de civils peuls (Nouhadji, Anouadji, Bamako) accentuent la stigmatisation communautaire.<\/li>\n\n\n\n<li>Le groupe JNIM a exig\u00e9 aux habitants de la localit\u00e9 d\u2019Erhabou (commune de Gabero, r\u00e9gion de Gao) de quitter imm\u00e9diatement la zone. \u00c0 partir du 28 ao\u00fbt 2025, les familles ont commenc\u00e9 \u00e0 fuir avec leurs animaux et les quelques biens qu\u2019elles ont pu emporter, provoquant un nouvel exode massif.<\/li>\n\n\n\n<li>De nombreuses familles endeuill\u00e9es ou dispers\u00e9es vivent d\u00e9sormais dans la peur permanente, sans possibilit\u00e9 de recours \u00e0 la justice.<\/li>\n<\/ul>\n\n\n\n<p class=\"MsoNormal\"><strong>V. VIOLS ET VIOLENCES SEXUELLES : 0 cas confirm\u00e9s<\/strong><\/p>\n\n\n\n<p class=\"MsoNormal\">Aucun cas n\u2019a \u00e9t\u00e9 officiellement rapport\u00e9 durant le mois d\u2019ao\u00fbt 2025, bien que les zones affect\u00e9es restent particuli\u00e8rement expos\u00e9es \u00e0 ce type de violence.<\/p>\n\n\n\n<p class=\"MsoNormal\"><strong>Conclusion<\/strong><\/p>\n\n\n\n<p class=\"MsoNormal\">Le mois d\u2019ao\u00fbt 2025 s\u2019ach\u00e8ve dans un climat d\u2019horreur et de terreur pour les populations civiles de l\u2019Azawad et au centre du Mali. Les op\u00e9rations men\u00e9es conjointement par les FAMa et l\u2019Africa Corps se sont traduites par des massacres, des disparitions forc\u00e9es, des pillages et des destructions de biens civils. Les populations civiles continuent de payer un lourd tribut \u00e0 une guerre men\u00e9e sans distinction ni respect du droit international humanitaire.<\/p>\n\n\n\n<p class=\"MsoNormal\">Les victimes recens\u00e9es hommes, femmes, enfants et communaut\u00e9s enti\u00e8res subissent la brutalit\u00e9 de forces arm\u00e9es agissant dans une impunit\u00e9 totale.<\/p>\n\n\n\n<p class=\"MsoNormal\"><strong>L\u2019Association Kal-Akal<\/strong> d\u00e9nonce avec fermet\u00e9 ces violations graves et appelle la communaut\u00e9 internationale \u00e0 diligenter des enqu\u00eates ind\u00e9pendantes, \u00e0 prot\u00e9ger les civils et \u00e0 exiger des comptes aux auteurs de ces crimes.<\/p>\n\n\n\n<p class=\"MsoNormal\">Fid\u00e8le \u00e0 sa mission, l\u2019Association Kal-Akal poursuivra son travail de documentation, d\u2019alerte et de plaidoyer, aux c\u00f4t\u00e9s des victimes et pour la d\u00e9fense des droits humains.<\/p>\n\n\n\n<p class=\"MsoNormal\"><strong>Quelques images des crimes&nbsp;:<\/strong><\/p>\n\n\n\n<p class=\"MsoNormal\">1-Le 15 ao\u00fbt 2025, une voiture civile a \u00e9t\u00e9 intercept\u00e9e par un convoi de l\u2019arm\u00e9e malienne accompagn\u00e9 du corps africain. En raison des routes impraticables \u00e0 cause des pluies, les passagers ont fui \u00e0 pied. Le convoi a ensuite fouill\u00e9 le v\u00e9hicule et l\u2019a vandalis\u00e9.<strong>&nbsp;&nbsp;&nbsp;&nbsp;&nbsp;&nbsp;&nbsp;&nbsp;&nbsp;&nbsp;&nbsp;<\/strong><\/p>\n\n\n\n<figure class=\"wp-block-image size-large\"><img loading=\"lazy\" decoding=\"async\" width=\"1024\" height=\"576\" src=\"https:\/\/kal-akal.com\/wp-content\/uploads\/2025\/09\/img-20250831-wa0071257316783075098436-1024x576.jpg\" alt=\"\" class=\"wp-image-618\" srcset=\"https:\/\/kal-akal.com\/wp-content\/uploads\/2025\/09\/img-20250831-wa0071257316783075098436-1024x576.jpg 1024w, https:\/\/kal-akal.com\/wp-content\/uploads\/2025\/09\/img-20250831-wa0071257316783075098436-300x169.jpg 300w, https:\/\/kal-akal.com\/wp-content\/uploads\/2025\/09\/img-20250831-wa0071257316783075098436-768x432.jpg 768w, https:\/\/kal-akal.com\/wp-content\/uploads\/2025\/09\/img-20250831-wa0071257316783075098436.jpg 1280w\" sizes=\"auto, (max-width: 1024px) 100vw, 1024px\" \/><\/figure>\n\n\n\n<p class=\"MsoNormal\"><\/p>\n\n\n\n<p class=\"MsoNormal\"><strong>&nbsp;<\/strong>2-Le 19 ao\u00fbt 2025, \u00e0 Eghassan Nelwan, au sud de Gossi, des mines pos\u00e9s par les mercenaires d&rsquo;Africa Corps et FAMas ont explos\u00e9, causant la mort de plusieurs t\u00eates de b\u00e9tail.<\/p>\n\n\n\n<figure class=\"wp-block-image size-large\"><img loading=\"lazy\" decoding=\"async\" width=\"804\" height=\"910\" src=\"https:\/\/kal-akal.com\/wp-content\/uploads\/2025\/09\/image_editor_output_image-2061401936-17567226217815314486088236366759.jpg\" alt=\"\" class=\"wp-image-617\" srcset=\"https:\/\/kal-akal.com\/wp-content\/uploads\/2025\/09\/image_editor_output_image-2061401936-17567226217815314486088236366759.jpg 804w, https:\/\/kal-akal.com\/wp-content\/uploads\/2025\/09\/image_editor_output_image-2061401936-17567226217815314486088236366759-265x300.jpg 265w, https:\/\/kal-akal.com\/wp-content\/uploads\/2025\/09\/image_editor_output_image-2061401936-17567226217815314486088236366759-768x869.jpg 768w\" sizes=\"auto, (max-width: 804px) 100vw, 804px\" \/><\/figure>\n\n\n\n<p class=\"MsoNormal\">&nbsp;<\/p>\n\n\n\n<p class=\"MsoNormal\">3-Le 17 ao\u00fbt 2025, un v\u00e9hicule civil de marque Toyota FG a \u00e9t\u00e9 intercept\u00e9 par un convoi conjoint de l\u2019arm\u00e9e malienne et des forces du Corps africain, \u00e0 proximit\u00e9 de la localit\u00e9 de Tabankort.<\/p>\n\n\n\n<p class=\"MsoNormal\">Le sort des occupants demeure inconnu \u00e0 ce jour. Toutefois, des images prises sur les lieux montrent des traces de sang au sol, ce qui pourrait indiquer que les passagers ont \u00e9t\u00e9 victimes de violences physiques, voire d\u2019un meurtre.<\/p>\n\n\n\n<figure class=\"wp-block-image size-large\"><img loading=\"lazy\" decoding=\"async\" width=\"1024\" height=\"576\" src=\"https:\/\/kal-akal.com\/wp-content\/uploads\/2025\/09\/img_1756671693358944716865129399726-1024x576.jpg\" alt=\"\" class=\"wp-image-619\" srcset=\"https:\/\/kal-akal.com\/wp-content\/uploads\/2025\/09\/img_1756671693358944716865129399726-1024x576.jpg 1024w, https:\/\/kal-akal.com\/wp-content\/uploads\/2025\/09\/img_1756671693358944716865129399726-300x169.jpg 300w, https:\/\/kal-akal.com\/wp-content\/uploads\/2025\/09\/img_1756671693358944716865129399726-768x432.jpg 768w, https:\/\/kal-akal.com\/wp-content\/uploads\/2025\/09\/img_1756671693358944716865129399726.jpg 1080w\" sizes=\"auto, (max-width: 1024px) 100vw, 1024px\" \/><\/figure>\n\n\n\n<p class=\"MsoNormal\"><strong>\u00a0<\/strong><\/p>\n\n\n\n<p class=\"MsoNormal\"><strong>&nbsp;<\/strong><\/p>\n\n\n\n<p class=\"MsoNormal\"><strong>&nbsp;<\/strong><\/p>\n","protected":false},"excerpt":{"rendered":"<p>RAPPORT N\u00b008\/AKA\/2025 P\u00e9riode : Mois d\u2019ao\u00fbt 2025 Date : le 1er septembre 2025 Introduction L\u2019Association Kal-Akal, observatoire citoyen pour la d\u00e9fense des droits humains en Azawad, poursuit sa mission de&hellip;<\/p>\n","protected":false},"author":1,"featured_media":565,"comment_status":"open","ping_status":"open","sticky":false,"template":"","format":"standard","meta":{"_jetpack_memberships_contains_paid_content":false,"footnotes":""},"categories":[3],"tags":[],"class_list":["post-621","post","type-post","status-publish","format-standard","has-post-thumbnail","hentry","category-rapport"],"yoast_head":"<!-- This site is optimized with the Yoast SEO plugin v27.4 - https:\/\/yoast.com\/product\/yoast-seo-wordpress\/ -->\n<title>Violations des droits humains en Azawad:&nbsp; Rapport mensuel d&#039;ao\u00fbt 2025. - Association Kal Akal<\/title>\n<meta name=\"robots\" content=\"index, follow, max-snippet:-1, max-image-preview:large, max-video-preview:-1\" \/>\n<link rel=\"canonical\" href=\"https:\/\/kal-akal.com\/?p=621\" \/>\n<meta property=\"og:locale\" content=\"fr_FR\" \/>\n<meta property=\"og:type\" content=\"article\" \/>\n<meta property=\"og:title\" content=\"Violations des droits humains en Azawad:&nbsp; Rapport mensuel d&#039;ao\u00fbt 2025. - Association Kal Akal\" \/>\n<meta property=\"og:description\" content=\"RAPPORT N\u00b008\/AKA\/2025 P\u00e9riode : Mois d\u2019ao\u00fbt 2025 Date : le 1er septembre 2025 Introduction L\u2019Association Kal-Akal, observatoire citoyen pour la d\u00e9fense des droits humains en Azawad, poursuit sa mission de&hellip;\" \/>\n<meta property=\"og:url\" content=\"https:\/\/kal-akal.com\/?p=621\" \/>\n<meta property=\"og:site_name\" content=\"Association Kal Akal\" \/>\n<meta property=\"article:published_time\" content=\"2025-09-01T10:34:44+00:00\" \/>\n<meta property=\"article:modified_time\" content=\"2025-09-01T10:36:51+00:00\" \/>\n<meta property=\"og:image\" content=\"http:\/\/kal-akal.com\/wp-content\/uploads\/2025\/05\/AssociationkalAkal20250521_091225.jpg\" \/>\n\t<meta property=\"og:image:width\" content=\"640\" \/>\n\t<meta property=\"og:image:height\" content=\"640\" \/>\n\t<meta property=\"og:image:type\" content=\"image\/jpeg\" \/>\n<meta name=\"author\" content=\"\u0639\u0628\u062f\u0627\u0644\u0644\u06472024\" \/>\n<meta name=\"twitter:card\" content=\"summary_large_image\" \/>\n<meta name=\"twitter:image\" content=\"https:\/\/kal-akal.com\/wp-content\/uploads\/2025\/04\/associationkalakal20250420_0940035931631427685287716.jpg\" \/>\n<meta name=\"twitter:label1\" content=\"\u00c9crit par\" \/>\n\t<meta name=\"twitter:data1\" content=\"\u0639\u0628\u062f\u0627\u0644\u0644\u06472024\" \/>\n\t<meta name=\"twitter:label2\" content=\"Dur\u00e9e de lecture estim\u00e9e\" \/>\n\t<meta name=\"twitter:data2\" content=\"6 minutes\" \/>\n<script type=\"application\/ld+json\" class=\"yoast-schema-graph\">{\"@context\":\"https:\\\/\\\/schema.org\",\"@graph\":[{\"@type\":\"Article\",\"@id\":\"https:\\\/\\\/kal-akal.com\\\/?p=621#article\",\"isPartOf\":{\"@id\":\"https:\\\/\\\/kal-akal.com\\\/?p=621\"},\"author\":{\"name\":\"\u0639\u0628\u062f\u0627\u0644\u0644\u06472024\",\"@id\":\"https:\\\/\\\/kal-akal.com\\\/#\\\/schema\\\/person\\\/38fee61aab36e307bd27480803963845\"},\"headline\":\"Violations des droits humains en Azawad:&nbsp; Rapport mensuel d&rsquo;ao\u00fbt 2025.\",\"datePublished\":\"2025-09-01T10:34:44+00:00\",\"dateModified\":\"2025-09-01T10:36:51+00:00\",\"mainEntityOfPage\":{\"@id\":\"https:\\\/\\\/kal-akal.com\\\/?p=621\"},\"wordCount\":1065,\"commentCount\":0,\"publisher\":{\"@id\":\"https:\\\/\\\/kal-akal.com\\\/#organization\"},\"image\":{\"@id\":\"https:\\\/\\\/kal-akal.com\\\/?p=621#primaryimage\"},\"thumbnailUrl\":\"https:\\\/\\\/kal-akal.com\\\/wp-content\\\/uploads\\\/2025\\\/06\\\/IMG-20250621-WA0116.jpg\",\"articleSection\":[\"rapport\"],\"inLanguage\":\"fr-FR\",\"potentialAction\":[{\"@type\":\"CommentAction\",\"name\":\"Comment\",\"target\":[\"https:\\\/\\\/kal-akal.com\\\/?p=621#respond\"]}]},{\"@type\":\"WebPage\",\"@id\":\"https:\\\/\\\/kal-akal.com\\\/?p=621\",\"url\":\"https:\\\/\\\/kal-akal.com\\\/?p=621\",\"name\":\"Violations des droits humains en Azawad:&nbsp; Rapport mensuel d'ao\u00fbt 2025. - Association Kal Akal\",\"isPartOf\":{\"@id\":\"https:\\\/\\\/kal-akal.com\\\/#website\"},\"primaryImageOfPage\":{\"@id\":\"https:\\\/\\\/kal-akal.com\\\/?p=621#primaryimage\"},\"image\":{\"@id\":\"https:\\\/\\\/kal-akal.com\\\/?p=621#primaryimage\"},\"thumbnailUrl\":\"https:\\\/\\\/kal-akal.com\\\/wp-content\\\/uploads\\\/2025\\\/06\\\/IMG-20250621-WA0116.jpg\",\"datePublished\":\"2025-09-01T10:34:44+00:00\",\"dateModified\":\"2025-09-01T10:36:51+00:00\",\"breadcrumb\":{\"@id\":\"https:\\\/\\\/kal-akal.com\\\/?p=621#breadcrumb\"},\"inLanguage\":\"fr-FR\",\"potentialAction\":[{\"@type\":\"ReadAction\",\"target\":[\"https:\\\/\\\/kal-akal.com\\\/?p=621\"]}]},{\"@type\":\"ImageObject\",\"inLanguage\":\"fr-FR\",\"@id\":\"https:\\\/\\\/kal-akal.com\\\/?p=621#primaryimage\",\"url\":\"https:\\\/\\\/kal-akal.com\\\/wp-content\\\/uploads\\\/2025\\\/06\\\/IMG-20250621-WA0116.jpg\",\"contentUrl\":\"https:\\\/\\\/kal-akal.com\\\/wp-content\\\/uploads\\\/2025\\\/06\\\/IMG-20250621-WA0116.jpg\",\"width\":1080,\"height\":763},{\"@type\":\"BreadcrumbList\",\"@id\":\"https:\\\/\\\/kal-akal.com\\\/?p=621#breadcrumb\",\"itemListElement\":[{\"@type\":\"ListItem\",\"position\":1,\"name\":\"Home\",\"item\":\"https:\\\/\\\/kal-akal.com\\\/\"},{\"@type\":\"ListItem\",\"position\":2,\"name\":\"Violations des droits humains en Azawad:&nbsp; Rapport mensuel d&#8217;ao\u00fbt 2025.\"}]},{\"@type\":\"WebSite\",\"@id\":\"https:\\\/\\\/kal-akal.com\\\/#website\",\"url\":\"https:\\\/\\\/kal-akal.com\\\/\",\"name\":\"Association Kal Akal\",\"description\":\"l\u2019Association Kal Akal est un Observatoire Citoyen de Veille et de D\u00e9fense des Droits Humains du Peuple de l\u2019Azawad.\",\"publisher\":{\"@id\":\"https:\\\/\\\/kal-akal.com\\\/#organization\"},\"potentialAction\":[{\"@type\":\"SearchAction\",\"target\":{\"@type\":\"EntryPoint\",\"urlTemplate\":\"https:\\\/\\\/kal-akal.com\\\/?s={search_term_string}\"},\"query-input\":{\"@type\":\"PropertyValueSpecification\",\"valueRequired\":true,\"valueName\":\"search_term_string\"}}],\"inLanguage\":\"fr-FR\"},{\"@type\":\"Organization\",\"@id\":\"https:\\\/\\\/kal-akal.com\\\/#organization\",\"name\":\"Association Kal Akal\",\"url\":\"https:\\\/\\\/kal-akal.com\\\/\",\"logo\":{\"@type\":\"ImageObject\",\"inLanguage\":\"fr-FR\",\"@id\":\"https:\\\/\\\/kal-akal.com\\\/#\\\/schema\\\/logo\\\/image\\\/\",\"url\":\"https:\\\/\\\/kal-akal.com\\\/wp-content\\\/uploads\\\/2024\\\/06\\\/cropped-\u062c\u0645\u0639\u064a\u0629-\u0643\u0644-\u0623\u0643\u0627\u0644.png\",\"contentUrl\":\"https:\\\/\\\/kal-akal.com\\\/wp-content\\\/uploads\\\/2024\\\/06\\\/cropped-\u062c\u0645\u0639\u064a\u0629-\u0643\u0644-\u0623\u0643\u0627\u0644.png\",\"width\":200,\"height\":40,\"caption\":\"Association Kal Akal\"},\"image\":{\"@id\":\"https:\\\/\\\/kal-akal.com\\\/#\\\/schema\\\/logo\\\/image\\\/\"}},{\"@type\":\"Person\",\"@id\":\"https:\\\/\\\/kal-akal.com\\\/#\\\/schema\\\/person\\\/38fee61aab36e307bd27480803963845\",\"name\":\"\u0639\u0628\u062f\u0627\u0644\u0644\u06472024\",\"image\":{\"@type\":\"ImageObject\",\"inLanguage\":\"fr-FR\",\"@id\":\"https:\\\/\\\/secure.gravatar.com\\\/avatar\\\/3c56ec666afc88ba8e609c1f64df8546bde100acf43533800f1a1368f1fb350c?s=96&d=mm&r=g\",\"url\":\"https:\\\/\\\/secure.gravatar.com\\\/avatar\\\/3c56ec666afc88ba8e609c1f64df8546bde100acf43533800f1a1368f1fb350c?s=96&d=mm&r=g\",\"contentUrl\":\"https:\\\/\\\/secure.gravatar.com\\\/avatar\\\/3c56ec666afc88ba8e609c1f64df8546bde100acf43533800f1a1368f1fb350c?s=96&d=mm&r=g\",\"caption\":\"\u0639\u0628\u062f\u0627\u0644\u0644\u06472024\"},\"sameAs\":[\"http:\\\/\\\/kal-akal.com\"],\"url\":\"https:\\\/\\\/kal-akal.com\\\/?author=1\"}]}<\/script>\n<!-- \/ Yoast SEO plugin. -->","yoast_head_json":{"title":"Violations des droits humains en Azawad:&nbsp; Rapport mensuel d'ao\u00fbt 2025. - Association Kal Akal","robots":{"index":"index","follow":"follow","max-snippet":"max-snippet:-1","max-image-preview":"max-image-preview:large","max-video-preview":"max-video-preview:-1"},"canonical":"https:\/\/kal-akal.com\/?p=621","og_locale":"fr_FR","og_type":"article","og_title":"Violations des droits humains en Azawad:&nbsp; Rapport mensuel d'ao\u00fbt 2025. - Association Kal Akal","og_description":"RAPPORT N\u00b008\/AKA\/2025 P\u00e9riode : Mois d\u2019ao\u00fbt 2025 Date : le 1er septembre 2025 Introduction L\u2019Association Kal-Akal, observatoire citoyen pour la d\u00e9fense des droits humains en Azawad, poursuit sa mission de&hellip;","og_url":"https:\/\/kal-akal.com\/?p=621","og_site_name":"Association Kal Akal","article_published_time":"2025-09-01T10:34:44+00:00","article_modified_time":"2025-09-01T10:36:51+00:00","og_image":[{"width":640,"height":640,"url":"http:\/\/kal-akal.com\/wp-content\/uploads\/2025\/05\/AssociationkalAkal20250521_091225.jpg","type":"image\/jpeg"}],"author":"\u0639\u0628\u062f\u0627\u0644\u0644\u06472024","twitter_card":"summary_large_image","twitter_image":"https:\/\/kal-akal.com\/wp-content\/uploads\/2025\/04\/associationkalakal20250420_0940035931631427685287716.jpg","twitter_misc":{"\u00c9crit par":"\u0639\u0628\u062f\u0627\u0644\u0644\u06472024","Dur\u00e9e de lecture estim\u00e9e":"6 minutes"},"schema":{"@context":"https:\/\/schema.org","@graph":[{"@type":"Article","@id":"https:\/\/kal-akal.com\/?p=621#article","isPartOf":{"@id":"https:\/\/kal-akal.com\/?p=621"},"author":{"name":"\u0639\u0628\u062f\u0627\u0644\u0644\u06472024","@id":"https:\/\/kal-akal.com\/#\/schema\/person\/38fee61aab36e307bd27480803963845"},"headline":"Violations des droits humains en Azawad:&nbsp; Rapport mensuel d&rsquo;ao\u00fbt 2025.","datePublished":"2025-09-01T10:34:44+00:00","dateModified":"2025-09-01T10:36:51+00:00","mainEntityOfPage":{"@id":"https:\/\/kal-akal.com\/?p=621"},"wordCount":1065,"commentCount":0,"publisher":{"@id":"https:\/\/kal-akal.com\/#organization"},"image":{"@id":"https:\/\/kal-akal.com\/?p=621#primaryimage"},"thumbnailUrl":"https:\/\/kal-akal.com\/wp-content\/uploads\/2025\/06\/IMG-20250621-WA0116.jpg","articleSection":["rapport"],"inLanguage":"fr-FR","potentialAction":[{"@type":"CommentAction","name":"Comment","target":["https:\/\/kal-akal.com\/?p=621#respond"]}]},{"@type":"WebPage","@id":"https:\/\/kal-akal.com\/?p=621","url":"https:\/\/kal-akal.com\/?p=621","name":"Violations des droits humains en Azawad:&nbsp; Rapport mensuel d'ao\u00fbt 2025. - Association Kal Akal","isPartOf":{"@id":"https:\/\/kal-akal.com\/#website"},"primaryImageOfPage":{"@id":"https:\/\/kal-akal.com\/?p=621#primaryimage"},"image":{"@id":"https:\/\/kal-akal.com\/?p=621#primaryimage"},"thumbnailUrl":"https:\/\/kal-akal.com\/wp-content\/uploads\/2025\/06\/IMG-20250621-WA0116.jpg","datePublished":"2025-09-01T10:34:44+00:00","dateModified":"2025-09-01T10:36:51+00:00","breadcrumb":{"@id":"https:\/\/kal-akal.com\/?p=621#breadcrumb"},"inLanguage":"fr-FR","potentialAction":[{"@type":"ReadAction","target":["https:\/\/kal-akal.com\/?p=621"]}]},{"@type":"ImageObject","inLanguage":"fr-FR","@id":"https:\/\/kal-akal.com\/?p=621#primaryimage","url":"https:\/\/kal-akal.com\/wp-content\/uploads\/2025\/06\/IMG-20250621-WA0116.jpg","contentUrl":"https:\/\/kal-akal.com\/wp-content\/uploads\/2025\/06\/IMG-20250621-WA0116.jpg","width":1080,"height":763},{"@type":"BreadcrumbList","@id":"https:\/\/kal-akal.com\/?p=621#breadcrumb","itemListElement":[{"@type":"ListItem","position":1,"name":"Home","item":"https:\/\/kal-akal.com\/"},{"@type":"ListItem","position":2,"name":"Violations des droits humains en Azawad:&nbsp; Rapport mensuel d&#8217;ao\u00fbt 2025."}]},{"@type":"WebSite","@id":"https:\/\/kal-akal.com\/#website","url":"https:\/\/kal-akal.com\/","name":"Association Kal Akal","description":"l\u2019Association Kal Akal est un Observatoire Citoyen de Veille et de D\u00e9fense des Droits Humains du Peuple de l\u2019Azawad.","publisher":{"@id":"https:\/\/kal-akal.com\/#organization"},"potentialAction":[{"@type":"SearchAction","target":{"@type":"EntryPoint","urlTemplate":"https:\/\/kal-akal.com\/?s={search_term_string}"},"query-input":{"@type":"PropertyValueSpecification","valueRequired":true,"valueName":"search_term_string"}}],"inLanguage":"fr-FR"},{"@type":"Organization","@id":"https:\/\/kal-akal.com\/#organization","name":"Association Kal Akal","url":"https:\/\/kal-akal.com\/","logo":{"@type":"ImageObject","inLanguage":"fr-FR","@id":"https:\/\/kal-akal.com\/#\/schema\/logo\/image\/","url":"https:\/\/kal-akal.com\/wp-content\/uploads\/2024\/06\/cropped-\u062c\u0645\u0639\u064a\u0629-\u0643\u0644-\u0623\u0643\u0627\u0644.png","contentUrl":"https:\/\/kal-akal.com\/wp-content\/uploads\/2024\/06\/cropped-\u062c\u0645\u0639\u064a\u0629-\u0643\u0644-\u0623\u0643\u0627\u0644.png","width":200,"height":40,"caption":"Association Kal Akal"},"image":{"@id":"https:\/\/kal-akal.com\/#\/schema\/logo\/image\/"}},{"@type":"Person","@id":"https:\/\/kal-akal.com\/#\/schema\/person\/38fee61aab36e307bd27480803963845","name":"\u0639\u0628\u062f\u0627\u0644\u0644\u06472024","image":{"@type":"ImageObject","inLanguage":"fr-FR","@id":"https:\/\/secure.gravatar.com\/avatar\/3c56ec666afc88ba8e609c1f64df8546bde100acf43533800f1a1368f1fb350c?s=96&d=mm&r=g","url":"https:\/\/secure.gravatar.com\/avatar\/3c56ec666afc88ba8e609c1f64df8546bde100acf43533800f1a1368f1fb350c?s=96&d=mm&r=g","contentUrl":"https:\/\/secure.gravatar.com\/avatar\/3c56ec666afc88ba8e609c1f64df8546bde100acf43533800f1a1368f1fb350c?s=96&d=mm&r=g","caption":"\u0639\u0628\u062f\u0627\u0644\u0644\u06472024"},"sameAs":["http:\/\/kal-akal.com"],"url":"https:\/\/kal-akal.com\/?author=1"}]}},"jetpack_featured_media_url":"https:\/\/kal-akal.com\/wp-content\/uploads\/2025\/06\/IMG-20250621-WA0116.jpg","jetpack_sharing_enabled":true,"_links":{"self":[{"href":"https:\/\/kal-akal.com\/index.php?rest_route=\/wp\/v2\/posts\/621","targetHints":{"allow":["GET"]}}],"collection":[{"href":"https:\/\/kal-akal.com\/index.php?rest_route=\/wp\/v2\/posts"}],"about":[{"href":"https:\/\/kal-akal.com\/index.php?rest_route=\/wp\/v2\/types\/post"}],"author":[{"embeddable":true,"href":"https:\/\/kal-akal.com\/index.php?rest_route=\/wp\/v2\/users\/1"}],"replies":[{"embeddable":true,"href":"https:\/\/kal-akal.com\/index.php?rest_route=%2Fwp%2Fv2%2Fcomments&post=621"}],"version-history":[{"count":3,"href":"https:\/\/kal-akal.com\/index.php?rest_route=\/wp\/v2\/posts\/621\/revisions"}],"predecessor-version":[{"id":624,"href":"https:\/\/kal-akal.com\/index.php?rest_route=\/wp\/v2\/posts\/621\/revisions\/624"}],"wp:featuredmedia":[{"embeddable":true,"href":"https:\/\/kal-akal.com\/index.php?rest_route=\/wp\/v2\/media\/565"}],"wp:attachment":[{"href":"https:\/\/kal-akal.com\/index.php?rest_route=%2Fwp%2Fv2%2Fmedia&parent=621"}],"wp:term":[{"taxonomy":"category","embeddable":true,"href":"https:\/\/kal-akal.com\/index.php?rest_route=%2Fwp%2Fv2%2Fcategories&post=621"},{"taxonomy":"post_tag","embeddable":true,"href":"https:\/\/kal-akal.com\/index.php?rest_route=%2Fwp%2Fv2%2Ftags&post=621"}],"curies":[{"name":"wp","href":"https:\/\/api.w.org\/{rel}","templated":true}]}}