{"id":679,"date":"2025-12-01T10:18:36","date_gmt":"2025-12-01T10:18:36","guid":{"rendered":"https:\/\/kal-akal.com\/?p=679"},"modified":"2025-12-01T10:19:53","modified_gmt":"2025-12-01T10:19:53","slug":"novembre-2025","status":"publish","type":"post","link":"https:\/\/kal-akal.com\/?p=679","title":{"rendered":"Violations des droits humains en Azawad:&nbsp; Rapport mensuel de Novembre 2025."},"content":{"rendered":"\n<p><\/p>\n\n\n\n<p class=\"MsoNormal\"><strong><u>RAPPORT N\u00b011\/AKA\/2025<\/u><\/strong><strong><\/strong><\/p>\n\n\n\n<p class=\"MsoNormal\"><strong><u>P\u00e9riode<\/u><\/strong><strong> : Mois de <\/strong><strong>Novembre<\/strong><\/p>\n\n\n\n<p class=\"MsoNormal\"><strong><u>Date<\/u><\/strong><strong> : le 1<\/strong><strong><sup>er<\/sup><\/strong><strong> <\/strong><strong>D\u00e9cembre <\/strong><strong>2025<\/strong><\/p>\n\n\n\n<p class=\"MsoNormal\"><strong><u>Introduction<\/u><\/strong><\/p>\n\n\n\n<p class=\"MsoNormal\">L\u2019Association Kal-Akal, Observatoire de Veille Citoyenne pour la D\u00e9fense des Droits Humains du Peuple de l\u2019Azawad, est une organisation de la soci\u00e9t\u00e9 civile bas\u00e9e dans la r\u00e9gion de Kidal. Cr\u00e9\u00e9e pour prot\u00e9ger les droits fondamentaux des populations de l\u2019Azawad, elle s\u2019engage \u00e9galement pour la promotion de la culture, l\u2019\u00e9ducation et la coh\u00e9sion sociale.<\/p>\n\n\n\n<p class=\"MsoNormal\">Face au conflit qui secoue la r\u00e9gion depuis plusieurs ann\u00e9es, l\u2019Association concentre ses efforts sur la documentation des violations des droits humains commises contre les civils. Les Forces arm\u00e9es maliennes et leurs suppl\u00e9tifs de l\u2019Africa Corps m\u00e8nent r\u00e9guli\u00e8rement des op\u00e9rations au cours desquelles des civils sont tu\u00e9s, arr\u00eat\u00e9s, d\u00e9plac\u00e9s ou d\u00e9pouill\u00e9s de leurs biens. \u00c0 cela s\u2019ajoutent les violences exerc\u00e9es par des groupes arm\u00e9s non \u00e9tatiques. Les populations touar\u00e8gues, arabes et peules restent particuli\u00e8rement expos\u00e9es aux frappes de drones, aux ex\u00e9cutions sommaires, aux disparitions forc\u00e9es, aux pillages et aux diff\u00e9rentes formes d\u2019intimidation qui rythment leur quotidien.<\/p>\n\n\n\n<p class=\"MsoNormal\">Gr\u00e2ce \u00e0 son r\u00e9seau de relais locaux, Kal-Akal collecte chaque mois des informations provenant des communaut\u00e9s touch\u00e9es, des t\u00e9moins directs et des familles de victimes. Ces \u00e9l\u00e9ments sont soigneusement v\u00e9rifi\u00e9s, analys\u00e9s et regroup\u00e9s dans un rapport mensuel destin\u00e9 \u00e0 informer l\u2019opinion nationale et internationale de la gravit\u00e9 de la situation. Le pr\u00e9sent rapport couvre les \u00e9v\u00e9nements du mois de novembre 2025 et pr\u00e9sente les principales violations document\u00e9es durant cette p\u00e9riode.<\/p>\n\n\n\n<p class=\"MsoNormal\">&nbsp;<\/p>\n\n\n\n<p class=\"MsoNormal\"><strong>I. EX\u00c9CUTIONS SOMMAIRES ET MEURTRES CIBL\u00c9S <\/strong><strong>: <em>31 cas confirm\u00e9s<\/em><\/strong><\/p>\n\n\n\n<ol start=\"1\" class=\"wp-block-list\">\n<li><strong>06 novembre \u2013 Amamalane (Assakane, Tombouctou)<\/strong><\/li>\n\n\n\n<li>Un civil non identifi\u00e9 tu\u00e9 par les FAMa et Africa Corps.<\/li>\n\n\n\n<li><strong>13 novembre \u2013 Tangata (Tin-A\u00efcha)<\/strong><br><strong>Frappe de drone FAMa<\/strong> tuant une famille enti\u00e8re :<\/li>\n\n\n\n<li><strong>14 novembre \u2013 M\u00e9naka<\/strong><\/li>\n\n\n\n<li>Fatoumata Amadou, \u00e9l\u00e8ve de 10e, viol\u00e9e puis ex\u00e9cut\u00e9e dans l\u2019enceinte du lyc\u00e9e public.<\/li>\n\n\n\n<li><strong>15 novembre \u2013 Tajmart (Aguelhok, Kidal)<\/strong><\/li>\n\n\n\n<li>Tous les occupants d\u2019un v\u00e9hicule civil, d\u2019un camion et d\u2019une moto intercept\u00e9s ont \u00e9t\u00e9 enlev\u00e9s ; au moins <strong>3 d\u2019entre eux ex\u00e9cut\u00e9s<\/strong> (estimations locales).<\/li>\n<\/ol>\n\n\n\n<ol start=\"5\" class=\"wp-block-list\">\n<li><strong>17 novembre \u2013 Madiakoy (Tombouctou)<\/strong><br>Frappe de drone causant la mort :\n<ul class=\"wp-block-list\">\n<li>d\u2019un p\u00e8re,<\/li>\n\n\n\n<li>de son fils,<\/li>\n\n\n\n<li>et de son petit-fils.<\/li>\n<\/ul>\n<\/li>\n\n\n\n<li><strong>18 novembre \u2013 Intahaka (Gao)<\/strong><br>Une frappe a\u00e9rienne tue <strong>5 orpailleurs<\/strong> et d\u00e9truit un v\u00e9hicule et un camion.<\/li>\n\n\n\n<li><strong>26 novembre \u2013 Nijhaltate (Gargando)<\/strong><br>Ex\u00e9cution de <strong>6 civils<\/strong> dont :\n<ul class=\"wp-block-list\">\n<li>2 hommes<\/li>\n\n\n\n<li>2 femmes<\/li>\n\n\n\n<li>2 petites filles<br>Deux autres femmes bless\u00e9es.<\/li>\n<\/ul>\n<\/li>\n\n\n\n<li><strong>21 novembre \u2013 L\u00e9r\u00e9 (Tombouctou)<\/strong><\/li>\n\n\n\n<li>Ibrahim Demb\u00e9l\u00e9, enseignant, assassin\u00e9 pr\u00e8s de son \u00e9cole par des hommes arm\u00e9s non identifi\u00e9s.<\/li>\n\n\n\n<li><strong>Fin novembre \u2013 Alphaho (Bintagoungou)<\/strong><\/li>\n\n\n\n<li>Un vendeur de b\u00e9tail et son petit fr\u00e8re tu\u00e9s par une patrouille FAMa\u2013Africa Corps.<\/li>\n\n\n\n<li><strong>25 novembre \u2013 Route Takara\u2013Alphaho (Bintagoungou)<\/strong><br>&#8211; Deux vendeurs de b\u00e9tail tu\u00e9s par une patrouille FAMa\u2013Africa Corps :<\/li>\n\n\n\n<li><strong>25 novembre \u2013 Emimalane (Essakane)<\/strong><\/li>\n\n\n\n<li>Intili Ag Hamoutapha, 20 ans, arr\u00eat\u00e9 puis ex\u00e9cut\u00e9 par la m\u00eame patrouille.<\/li>\n<\/ol>\n\n\n\n<p class=\"MsoNormal\">&nbsp;<\/p>\n\n\n\n<p class=\"MsoNormal\"><strong>II. ENL\u00c8VEMENTS, DISPARITIONS FORC\u00c9ES ET ARRESTATIONS ARBITRAIRES : <em>17 cas confirm\u00e9s + plusieurs disparus<\/em><\/strong><\/p>\n\n\n\n<ol start=\"1\" class=\"wp-block-list\">\n<li><strong>4 novembre \u2013 Imboguitane\u2013An\u00e9fis (Kidal)<\/strong><br>Trois civils arr\u00eat\u00e9s :<\/li>\n\n\n\n<li><strong>15 novembre \u2013 Tajmart (Aguelhok)<\/strong>\n<ul class=\"wp-block-list\">\n<li>Plusieurs civils enlev\u00e9s lors de l\u2019interception du convoi civil.<\/li>\n<\/ul>\n<\/li>\n\n\n\n<li><strong>21 novembre \u2013 Tadoumoumt (Est de Ber, Tombouctou)<\/strong><br>Arr\u00eat\u00e9s par FAMa\u2013Africa Corps :\n<ul class=\"wp-block-list\">\n<li>Kays Ag Oumar<\/li>\n\n\n\n<li>Alhousseyni Ag Fati<\/li>\n\n\n\n<li>Plusieurs autres disparus selon les t\u00e9moins<\/li>\n<\/ul>\n<\/li>\n\n\n\n<li><strong>22 novembre \u2013 Abeibara (Kidal)<\/strong>\n<ul class=\"wp-block-list\">\n<li>5 orpailleurs nig\u00e9riens bless\u00e9s ou disparus apr\u00e8s une frappe de drone.<\/li>\n<\/ul>\n<\/li>\n\n\n\n<li><strong>Fin novembre \u2013 Emimalane (Essakane)<\/strong>\n<ul class=\"wp-block-list\">\n<li>Kili Ag Hamoutapha arr\u00eat\u00e9 puis retrouv\u00e9 mort.<\/li>\n<\/ul>\n<\/li>\n<\/ol>\n\n\n\n<p class=\"MsoNormal\">&nbsp;<\/p>\n\n\n\n<p class=\"MsoNormal\"><strong>III. PILLAGES, DESTRUCTIONS ET SACCAGES DE BIENS CIVILS : <\/strong><strong><em>8 cas majeurs confirm\u00e9s<\/em><\/strong><strong><\/strong><\/p>\n\n\n\n<ul class=\"wp-block-list\">\n<li><strong>05 novembre \u2013 Djebock\/Anchawadji<\/strong><br>Enl\u00e8vement du b\u00e9tail du chef coutumier Acherifene et d\u2019autres familles par des hommes arm\u00e9s non identifi\u00e9s.<\/li>\n\n\n\n<li><strong>15 novembre \u2013 Intahaka (Gao)<\/strong><br>Incendie de plusieurs tentes de chercheurs d\u2019or par Africa Corps et milices locales.<\/li>\n\n\n\n<li><strong>15 novembre \u2013 Aguelhok (Kidal)<\/strong><br>Abandon forc\u00e9 de v\u00e9hicules civils, d\u2019un camion charg\u00e9 d\u2019animaux et d\u2019une moto.<\/li>\n\n\n\n<li><strong>18 novembre \u2013 Intahaka<\/strong><br>Un v\u00e9hicule et un camion br\u00fbl\u00e9s dans la frappe a\u00e9rienne.<\/li>\n\n\n\n<li><strong>22 novembre \u2013 Djoumat (Abeibara, Kidal)<\/strong><br>Destruction totale d\u2019un v\u00e9hicule de transport d\u2019orpailleurs.<\/li>\n\n\n\n<li><strong>28 novembre Kanay (route Kidal\u2013An\u00e9fif)<\/strong><br>Explosion d\u2019un v\u00e9hicule civil dans un convoi militaire (EEI) :\n<ul class=\"wp-block-list\">\n<li>v\u00e9hicule endommag\u00e9<\/li>\n\n\n\n<li>2 bless\u00e9s dont 1 grave<\/li>\n<\/ul>\n<\/li>\n<\/ul>\n\n\n\n<p class=\"MsoNormal\">&nbsp;<\/p>\n\n\n\n<p class=\"MsoNormal\"><strong>IV. CONS\u00c9QUENCES HUMANITAIRES : <\/strong><strong><em>au moins 92 cas humanitaires directs<\/em><\/strong><strong><\/strong><\/p>\n\n\n\n<p class=\"MsoNormal\"><strong>(Bless\u00e9s, traumatis\u00e9s, d\u00e9plac\u00e9s et destructions multiples)<\/strong><\/p>\n\n\n\n<ul class=\"wp-block-list\">\n<li>Famille d\u00e9cim\u00e9e \u00e0 Tangata \u2192 7 morts, orphelins et proches traumatis\u00e9s.<\/li>\n\n\n\n<li>D\u00e9placements massifs des populations autour de Bintagoungou, An\u00e9fif, Tin-A\u00efcha, M\u00e9naka.<\/li>\n\n\n\n<li>Orpailleurs forc\u00e9s de fuir Intahaka, Djoumat, Madiakoy.<\/li>\n\n\n\n<li>Suspension des cours \u00e0 L\u00e9r\u00e9 apr\u00e8s l\u2019assassinat de l\u2019enseignant Ibrahim Demb\u00e9l\u00e9.<\/li>\n\n\n\n<li>Pertes \u00e9conomiques majeures : v\u00e9hicules br\u00fbl\u00e9s, b\u00e9tail enlev\u00e9, sites d\u00e9truits.<\/li>\n<\/ul>\n\n\n\n<p class=\"MsoNormal\"><strong>V. VIOLS ET VIOLENCES SEXUELLES : <\/strong><strong>1 cas confirm\u00e9<\/strong><strong><\/strong><\/p>\n\n\n\n<ul class=\"wp-block-list\">\n<li><strong>Fatoumata Amadou<\/strong>, \u00e9l\u00e8ve de 10e \u00e0 M\u00e9naka, viol\u00e9e puis ex\u00e9cut\u00e9e le 14 novembre 2025.<\/li>\n<\/ul>\n\n\n\n<p class=\"MsoNormal\">&nbsp;<\/p>\n\n\n\n<p class=\"MsoNormal\"><strong>VI. D\u00c9G\u00c2TS ENVIRONNEMENTAUX : 4 cas confirm\u00e9s<\/strong><\/p>\n\n\n\n<ul class=\"wp-block-list\">\n<li>Incendies de tentes et pollution sur le site minier d\u2019Intahaka.<\/li>\n\n\n\n<li>D\u00e9bris calcin\u00e9s de v\u00e9hicules et camions br\u00fbl\u00e9s \u00e0 Intahaka et Djoumat.<\/li>\n\n\n\n<li>Zones bois\u00e9es endommag\u00e9es \u00e0 Nijhaltate lors des ex\u00e9cutions.<\/li>\n\n\n\n<li>Explosion d\u2019EEI sur la route Kidal\u2013An\u00e9fif, contaminant le sol et laissant des restes de munitions.<\/li>\n<\/ul>\n\n\n\n<p class=\"MsoNormal\">&nbsp;<\/p>\n\n\n\n<p class=\"MsoNormal\"><strong>Conclusion<\/strong><\/p>\n\n\n\n<p class=\"MsoNormal\">Le mois de novembre 2025 t\u00e9moigne une fois de plus de la gravit\u00e9 de la situation que vivent les populations civiles de l\u2019Azawad. Les violences exerc\u00e9es \u00e0 leur encontre se sont intensifi\u00e9es, m\u00ealant frappes de drones, ex\u00e9cutions sommaires, enl\u00e8vements, disparitions forc\u00e9es, violences sexuelles, destructions de biens civils et attaques contre les moyens de subsistance. Ces actes, commis dans un climat d\u2019impunit\u00e9 persistante, ont profond\u00e9ment boulevers\u00e9 des communaut\u00e9s enti\u00e8res, provoquant de nombreux morts, bless\u00e9s, d\u00e9plac\u00e9s et traumatis\u00e9s.<\/p>\n\n\n\n<p class=\"MsoNormal\">Face \u00e0 cette d\u00e9t\u00e9rioration continue, l\u2019Association Kal-Akal exprime sa plus vive inqui\u00e9tude et rappelle l\u2019urgence de prot\u00e9ger les populations civiles, dont la s\u00e9curit\u00e9 devrait constituer la priorit\u00e9 absolue de toute force op\u00e9rant dans la r\u00e9gion. Elle souligne \u00e9galement la n\u00e9cessit\u00e9 imp\u00e9rieuse de faire toute la lumi\u00e8re sur les violations document\u00e9es ce mois-ci, et d\u2019engager des enqu\u00eates ind\u00e9pendantes afin d\u2019\u00e9tablir les responsabilit\u00e9s et de garantir justice aux victimes et \u00e0 leurs familles.<\/p>\n\n\n\n<p class=\"MsoNormal\">L\u2019inaction et le silence ne peuvent plus durer. La communaut\u00e9 internationale, les organisations r\u00e9gionales, ainsi que toutes les institutions concern\u00e9es, sont appel\u00e9es \u00e0 assumer pleinement leur r\u00f4le de protection et de pr\u00e9vention. La multiplication des crimes document\u00e9s rappelle que sans mesures fermes, les violations risquent de s\u2019aggraver et d\u2019\u00e9tendre encore la souffrance des populations.<\/p>\n\n\n\n<p class=\"MsoNormal\">Fid\u00e8le \u00e0 sa mission, l\u2019Association Kal-Akal poursuivra avec d\u00e9termination ses efforts de documentation, d\u2019alerte et de plaidoyer, afin que les voix des victimes soient entendues et que leurs droits fondamentaux soient enfin respect\u00e9s et prot\u00e9g\u00e9s.<\/p>\n\n\n\n<p class=\"MsoNormal\">\u00a0<\/p>\n\n\n\n<p>Quelques images sur les crimes : <\/p>\n\n\n\n<p>1- Un vendeurs de b\u00e9tails a \u00e9t\u00e9 tu\u00e9 et d\u00e9capit\u00e9 ce 25\/11\/2025 entre Takara et Alphaho au sud de Bintagoungou par une patrouille FaMa Africa Corps.<\/p>\n\n\n\n<figure class=\"wp-block-image size-large\"><img loading=\"lazy\" decoding=\"async\" width=\"744\" height=\"992\" src=\"https:\/\/kal-akal.com\/wp-content\/uploads\/2025\/12\/img-20251125-wa00355137049578664793786.jpg\" alt=\"\" class=\"wp-image-677\" srcset=\"https:\/\/kal-akal.com\/wp-content\/uploads\/2025\/12\/img-20251125-wa00355137049578664793786.jpg 744w, https:\/\/kal-akal.com\/wp-content\/uploads\/2025\/12\/img-20251125-wa00355137049578664793786-225x300.jpg 225w\" sizes=\"auto, (max-width: 744px) 100vw, 744px\" \/><\/figure>\n\n\n\n<p><\/p>\n\n\n\n<p>2- Une frappe de drone malien a cibl\u00e9, le 22 novembre 2025, le site d\u2019orpaillage de Djoumat , Abeibara dans la r\u00e9gion de Kidal. L\u2019attaque a caus\u00e9 la mort de 4 orpailleurs nig\u00e9riens appartenant \u00e0 la communaut\u00e9 haoussa. Le v\u00e9hicule qui les transportait a \u00e9t\u00e9 enti\u00e8rement d\u00e9truit, et son propri\u00e9taire, Amodi Ag Baka, a \u00e9t\u00e9 bless\u00e9.<\/p>\n\n\n\n<figure class=\"wp-block-image size-large\"><img loading=\"lazy\" decoding=\"async\" width=\"1024\" height=\"1024\" src=\"https:\/\/kal-akal.com\/wp-content\/uploads\/2025\/12\/img-20251122-wa00391169454163212589108-1024x1024.jpg\" alt=\"\" class=\"wp-image-678\" srcset=\"https:\/\/kal-akal.com\/wp-content\/uploads\/2025\/12\/img-20251122-wa00391169454163212589108-1024x1024.jpg 1024w, https:\/\/kal-akal.com\/wp-content\/uploads\/2025\/12\/img-20251122-wa00391169454163212589108-300x300.jpg 300w, https:\/\/kal-akal.com\/wp-content\/uploads\/2025\/12\/img-20251122-wa00391169454163212589108-150x150.jpg 150w, https:\/\/kal-akal.com\/wp-content\/uploads\/2025\/12\/img-20251122-wa00391169454163212589108-768x768.jpg 768w, https:\/\/kal-akal.com\/wp-content\/uploads\/2025\/12\/img-20251122-wa00391169454163212589108.jpg 1080w\" sizes=\"auto, (max-width: 1024px) 100vw, 1024px\" \/><\/figure>\n","protected":false},"excerpt":{"rendered":"<p>RAPPORT N\u00b011\/AKA\/2025 P\u00e9riode : Mois de Novembre Date : le 1er D\u00e9cembre 2025 Introduction L\u2019Association Kal-Akal, Observatoire de Veille Citoyenne pour la D\u00e9fense des Droits Humains du Peuple de l\u2019Azawad,&hellip;<\/p>\n","protected":false},"author":1,"featured_media":674,"comment_status":"open","ping_status":"open","sticky":false,"template":"","format":"standard","meta":{"_jetpack_memberships_contains_paid_content":false,"footnotes":""},"categories":[3],"tags":[],"class_list":["post-679","post","type-post","status-publish","format-standard","has-post-thumbnail","hentry","category-rapport"],"yoast_head":"<!-- This site is optimized with the Yoast SEO plugin v27.4 - https:\/\/yoast.com\/product\/yoast-seo-wordpress\/ -->\n<title>Violations des droits humains en Azawad:&nbsp; Rapport mensuel de Novembre 2025. - Association Kal Akal<\/title>\n<meta name=\"robots\" content=\"index, follow, max-snippet:-1, max-image-preview:large, max-video-preview:-1\" \/>\n<link rel=\"canonical\" href=\"https:\/\/kal-akal.com\/?p=679\" \/>\n<meta property=\"og:locale\" content=\"fr_FR\" \/>\n<meta property=\"og:type\" content=\"article\" \/>\n<meta property=\"og:title\" content=\"Violations des droits humains en Azawad:&nbsp; Rapport mensuel de Novembre 2025. - Association Kal Akal\" \/>\n<meta property=\"og:description\" content=\"RAPPORT N\u00b011\/AKA\/2025 P\u00e9riode : Mois de Novembre Date : le 1er D\u00e9cembre 2025 Introduction L\u2019Association Kal-Akal, Observatoire de Veille Citoyenne pour la D\u00e9fense des Droits Humains du Peuple de l\u2019Azawad,&hellip;\" \/>\n<meta property=\"og:url\" content=\"https:\/\/kal-akal.com\/?p=679\" \/>\n<meta property=\"og:site_name\" content=\"Association Kal Akal\" \/>\n<meta property=\"article:published_time\" content=\"2025-12-01T10:18:36+00:00\" \/>\n<meta property=\"article:modified_time\" content=\"2025-12-01T10:19:53+00:00\" \/>\n<meta property=\"og:image\" content=\"http:\/\/kal-akal.com\/wp-content\/uploads\/2025\/11\/IMG-20250621-WA01165.jpg\" \/>\n\t<meta property=\"og:image:width\" content=\"1080\" \/>\n\t<meta property=\"og:image:height\" content=\"763\" \/>\n\t<meta property=\"og:image:type\" content=\"image\/jpeg\" \/>\n<meta name=\"author\" content=\"\u0639\u0628\u062f\u0627\u0644\u0644\u06472024\" \/>\n<meta name=\"twitter:card\" content=\"summary_large_image\" \/>\n<meta name=\"twitter:image\" content=\"https:\/\/kal-akal.com\/wp-content\/uploads\/2025\/11\/IMG-20250621-WA01165.jpg\" \/>\n<meta name=\"twitter:label1\" content=\"\u00c9crit par\" \/>\n\t<meta name=\"twitter:data1\" content=\"\u0639\u0628\u062f\u0627\u0644\u0644\u06472024\" \/>\n\t<meta name=\"twitter:label2\" content=\"Dur\u00e9e de lecture estim\u00e9e\" \/>\n\t<meta name=\"twitter:data2\" content=\"7 minutes\" \/>\n<script type=\"application\/ld+json\" class=\"yoast-schema-graph\">{\"@context\":\"https:\\\/\\\/schema.org\",\"@graph\":[{\"@type\":\"Article\",\"@id\":\"https:\\\/\\\/kal-akal.com\\\/?p=679#article\",\"isPartOf\":{\"@id\":\"https:\\\/\\\/kal-akal.com\\\/?p=679\"},\"author\":{\"name\":\"\u0639\u0628\u062f\u0627\u0644\u0644\u06472024\",\"@id\":\"https:\\\/\\\/kal-akal.com\\\/#\\\/schema\\\/person\\\/38fee61aab36e307bd27480803963845\"},\"headline\":\"Violations des droits humains en Azawad:&nbsp; Rapport mensuel de Novembre 2025.\",\"datePublished\":\"2025-12-01T10:18:36+00:00\",\"dateModified\":\"2025-12-01T10:19:53+00:00\",\"mainEntityOfPage\":{\"@id\":\"https:\\\/\\\/kal-akal.com\\\/?p=679\"},\"wordCount\":1287,\"commentCount\":0,\"publisher\":{\"@id\":\"https:\\\/\\\/kal-akal.com\\\/#organization\"},\"image\":{\"@id\":\"https:\\\/\\\/kal-akal.com\\\/?p=679#primaryimage\"},\"thumbnailUrl\":\"https:\\\/\\\/kal-akal.com\\\/wp-content\\\/uploads\\\/2025\\\/11\\\/IMG-20250621-WA01165.jpg\",\"articleSection\":[\"rapport\"],\"inLanguage\":\"fr-FR\",\"potentialAction\":[{\"@type\":\"CommentAction\",\"name\":\"Comment\",\"target\":[\"https:\\\/\\\/kal-akal.com\\\/?p=679#respond\"]}]},{\"@type\":\"WebPage\",\"@id\":\"https:\\\/\\\/kal-akal.com\\\/?p=679\",\"url\":\"https:\\\/\\\/kal-akal.com\\\/?p=679\",\"name\":\"Violations des droits humains en Azawad:&nbsp; Rapport mensuel de Novembre 2025. - Association Kal Akal\",\"isPartOf\":{\"@id\":\"https:\\\/\\\/kal-akal.com\\\/#website\"},\"primaryImageOfPage\":{\"@id\":\"https:\\\/\\\/kal-akal.com\\\/?p=679#primaryimage\"},\"image\":{\"@id\":\"https:\\\/\\\/kal-akal.com\\\/?p=679#primaryimage\"},\"thumbnailUrl\":\"https:\\\/\\\/kal-akal.com\\\/wp-content\\\/uploads\\\/2025\\\/11\\\/IMG-20250621-WA01165.jpg\",\"datePublished\":\"2025-12-01T10:18:36+00:00\",\"dateModified\":\"2025-12-01T10:19:53+00:00\",\"breadcrumb\":{\"@id\":\"https:\\\/\\\/kal-akal.com\\\/?p=679#breadcrumb\"},\"inLanguage\":\"fr-FR\",\"potentialAction\":[{\"@type\":\"ReadAction\",\"target\":[\"https:\\\/\\\/kal-akal.com\\\/?p=679\"]}]},{\"@type\":\"ImageObject\",\"inLanguage\":\"fr-FR\",\"@id\":\"https:\\\/\\\/kal-akal.com\\\/?p=679#primaryimage\",\"url\":\"https:\\\/\\\/kal-akal.com\\\/wp-content\\\/uploads\\\/2025\\\/11\\\/IMG-20250621-WA01165.jpg\",\"contentUrl\":\"https:\\\/\\\/kal-akal.com\\\/wp-content\\\/uploads\\\/2025\\\/11\\\/IMG-20250621-WA01165.jpg\",\"width\":1080,\"height\":763},{\"@type\":\"BreadcrumbList\",\"@id\":\"https:\\\/\\\/kal-akal.com\\\/?p=679#breadcrumb\",\"itemListElement\":[{\"@type\":\"ListItem\",\"position\":1,\"name\":\"Home\",\"item\":\"https:\\\/\\\/kal-akal.com\\\/\"},{\"@type\":\"ListItem\",\"position\":2,\"name\":\"Violations des droits humains en Azawad:&nbsp; Rapport mensuel de Novembre 2025.\"}]},{\"@type\":\"WebSite\",\"@id\":\"https:\\\/\\\/kal-akal.com\\\/#website\",\"url\":\"https:\\\/\\\/kal-akal.com\\\/\",\"name\":\"Association Kal Akal\",\"description\":\"l\u2019Association Kal Akal est un Observatoire Citoyen de Veille et de D\u00e9fense des Droits Humains du Peuple de l\u2019Azawad.\",\"publisher\":{\"@id\":\"https:\\\/\\\/kal-akal.com\\\/#organization\"},\"potentialAction\":[{\"@type\":\"SearchAction\",\"target\":{\"@type\":\"EntryPoint\",\"urlTemplate\":\"https:\\\/\\\/kal-akal.com\\\/?s={search_term_string}\"},\"query-input\":{\"@type\":\"PropertyValueSpecification\",\"valueRequired\":true,\"valueName\":\"search_term_string\"}}],\"inLanguage\":\"fr-FR\"},{\"@type\":\"Organization\",\"@id\":\"https:\\\/\\\/kal-akal.com\\\/#organization\",\"name\":\"Association Kal Akal\",\"url\":\"https:\\\/\\\/kal-akal.com\\\/\",\"logo\":{\"@type\":\"ImageObject\",\"inLanguage\":\"fr-FR\",\"@id\":\"https:\\\/\\\/kal-akal.com\\\/#\\\/schema\\\/logo\\\/image\\\/\",\"url\":\"https:\\\/\\\/kal-akal.com\\\/wp-content\\\/uploads\\\/2024\\\/06\\\/cropped-\u062c\u0645\u0639\u064a\u0629-\u0643\u0644-\u0623\u0643\u0627\u0644.png\",\"contentUrl\":\"https:\\\/\\\/kal-akal.com\\\/wp-content\\\/uploads\\\/2024\\\/06\\\/cropped-\u062c\u0645\u0639\u064a\u0629-\u0643\u0644-\u0623\u0643\u0627\u0644.png\",\"width\":200,\"height\":40,\"caption\":\"Association Kal Akal\"},\"image\":{\"@id\":\"https:\\\/\\\/kal-akal.com\\\/#\\\/schema\\\/logo\\\/image\\\/\"}},{\"@type\":\"Person\",\"@id\":\"https:\\\/\\\/kal-akal.com\\\/#\\\/schema\\\/person\\\/38fee61aab36e307bd27480803963845\",\"name\":\"\u0639\u0628\u062f\u0627\u0644\u0644\u06472024\",\"image\":{\"@type\":\"ImageObject\",\"inLanguage\":\"fr-FR\",\"@id\":\"https:\\\/\\\/secure.gravatar.com\\\/avatar\\\/3c56ec666afc88ba8e609c1f64df8546bde100acf43533800f1a1368f1fb350c?s=96&d=mm&r=g\",\"url\":\"https:\\\/\\\/secure.gravatar.com\\\/avatar\\\/3c56ec666afc88ba8e609c1f64df8546bde100acf43533800f1a1368f1fb350c?s=96&d=mm&r=g\",\"contentUrl\":\"https:\\\/\\\/secure.gravatar.com\\\/avatar\\\/3c56ec666afc88ba8e609c1f64df8546bde100acf43533800f1a1368f1fb350c?s=96&d=mm&r=g\",\"caption\":\"\u0639\u0628\u062f\u0627\u0644\u0644\u06472024\"},\"sameAs\":[\"http:\\\/\\\/kal-akal.com\"],\"url\":\"https:\\\/\\\/kal-akal.com\\\/?author=1\"}]}<\/script>\n<!-- \/ Yoast SEO plugin. -->","yoast_head_json":{"title":"Violations des droits humains en Azawad:&nbsp; Rapport mensuel de Novembre 2025. - Association Kal Akal","robots":{"index":"index","follow":"follow","max-snippet":"max-snippet:-1","max-image-preview":"max-image-preview:large","max-video-preview":"max-video-preview:-1"},"canonical":"https:\/\/kal-akal.com\/?p=679","og_locale":"fr_FR","og_type":"article","og_title":"Violations des droits humains en Azawad:&nbsp; Rapport mensuel de Novembre 2025. - Association Kal Akal","og_description":"RAPPORT N\u00b011\/AKA\/2025 P\u00e9riode : Mois de Novembre Date : le 1er D\u00e9cembre 2025 Introduction L\u2019Association Kal-Akal, Observatoire de Veille Citoyenne pour la D\u00e9fense des Droits Humains du Peuple de l\u2019Azawad,&hellip;","og_url":"https:\/\/kal-akal.com\/?p=679","og_site_name":"Association Kal Akal","article_published_time":"2025-12-01T10:18:36+00:00","article_modified_time":"2025-12-01T10:19:53+00:00","og_image":[{"width":1080,"height":763,"url":"http:\/\/kal-akal.com\/wp-content\/uploads\/2025\/11\/IMG-20250621-WA01165.jpg","type":"image\/jpeg"}],"author":"\u0639\u0628\u062f\u0627\u0644\u0644\u06472024","twitter_card":"summary_large_image","twitter_image":"https:\/\/kal-akal.com\/wp-content\/uploads\/2025\/11\/IMG-20250621-WA01165.jpg","twitter_misc":{"\u00c9crit par":"\u0639\u0628\u062f\u0627\u0644\u0644\u06472024","Dur\u00e9e de lecture estim\u00e9e":"7 minutes"},"schema":{"@context":"https:\/\/schema.org","@graph":[{"@type":"Article","@id":"https:\/\/kal-akal.com\/?p=679#article","isPartOf":{"@id":"https:\/\/kal-akal.com\/?p=679"},"author":{"name":"\u0639\u0628\u062f\u0627\u0644\u0644\u06472024","@id":"https:\/\/kal-akal.com\/#\/schema\/person\/38fee61aab36e307bd27480803963845"},"headline":"Violations des droits humains en Azawad:&nbsp; Rapport mensuel de Novembre 2025.","datePublished":"2025-12-01T10:18:36+00:00","dateModified":"2025-12-01T10:19:53+00:00","mainEntityOfPage":{"@id":"https:\/\/kal-akal.com\/?p=679"},"wordCount":1287,"commentCount":0,"publisher":{"@id":"https:\/\/kal-akal.com\/#organization"},"image":{"@id":"https:\/\/kal-akal.com\/?p=679#primaryimage"},"thumbnailUrl":"https:\/\/kal-akal.com\/wp-content\/uploads\/2025\/11\/IMG-20250621-WA01165.jpg","articleSection":["rapport"],"inLanguage":"fr-FR","potentialAction":[{"@type":"CommentAction","name":"Comment","target":["https:\/\/kal-akal.com\/?p=679#respond"]}]},{"@type":"WebPage","@id":"https:\/\/kal-akal.com\/?p=679","url":"https:\/\/kal-akal.com\/?p=679","name":"Violations des droits humains en Azawad:&nbsp; Rapport mensuel de Novembre 2025. - Association Kal Akal","isPartOf":{"@id":"https:\/\/kal-akal.com\/#website"},"primaryImageOfPage":{"@id":"https:\/\/kal-akal.com\/?p=679#primaryimage"},"image":{"@id":"https:\/\/kal-akal.com\/?p=679#primaryimage"},"thumbnailUrl":"https:\/\/kal-akal.com\/wp-content\/uploads\/2025\/11\/IMG-20250621-WA01165.jpg","datePublished":"2025-12-01T10:18:36+00:00","dateModified":"2025-12-01T10:19:53+00:00","breadcrumb":{"@id":"https:\/\/kal-akal.com\/?p=679#breadcrumb"},"inLanguage":"fr-FR","potentialAction":[{"@type":"ReadAction","target":["https:\/\/kal-akal.com\/?p=679"]}]},{"@type":"ImageObject","inLanguage":"fr-FR","@id":"https:\/\/kal-akal.com\/?p=679#primaryimage","url":"https:\/\/kal-akal.com\/wp-content\/uploads\/2025\/11\/IMG-20250621-WA01165.jpg","contentUrl":"https:\/\/kal-akal.com\/wp-content\/uploads\/2025\/11\/IMG-20250621-WA01165.jpg","width":1080,"height":763},{"@type":"BreadcrumbList","@id":"https:\/\/kal-akal.com\/?p=679#breadcrumb","itemListElement":[{"@type":"ListItem","position":1,"name":"Home","item":"https:\/\/kal-akal.com\/"},{"@type":"ListItem","position":2,"name":"Violations des droits humains en Azawad:&nbsp; Rapport mensuel de Novembre 2025."}]},{"@type":"WebSite","@id":"https:\/\/kal-akal.com\/#website","url":"https:\/\/kal-akal.com\/","name":"Association Kal Akal","description":"l\u2019Association Kal Akal est un Observatoire Citoyen de Veille et de D\u00e9fense des Droits Humains du Peuple de l\u2019Azawad.","publisher":{"@id":"https:\/\/kal-akal.com\/#organization"},"potentialAction":[{"@type":"SearchAction","target":{"@type":"EntryPoint","urlTemplate":"https:\/\/kal-akal.com\/?s={search_term_string}"},"query-input":{"@type":"PropertyValueSpecification","valueRequired":true,"valueName":"search_term_string"}}],"inLanguage":"fr-FR"},{"@type":"Organization","@id":"https:\/\/kal-akal.com\/#organization","name":"Association Kal Akal","url":"https:\/\/kal-akal.com\/","logo":{"@type":"ImageObject","inLanguage":"fr-FR","@id":"https:\/\/kal-akal.com\/#\/schema\/logo\/image\/","url":"https:\/\/kal-akal.com\/wp-content\/uploads\/2024\/06\/cropped-\u062c\u0645\u0639\u064a\u0629-\u0643\u0644-\u0623\u0643\u0627\u0644.png","contentUrl":"https:\/\/kal-akal.com\/wp-content\/uploads\/2024\/06\/cropped-\u062c\u0645\u0639\u064a\u0629-\u0643\u0644-\u0623\u0643\u0627\u0644.png","width":200,"height":40,"caption":"Association Kal Akal"},"image":{"@id":"https:\/\/kal-akal.com\/#\/schema\/logo\/image\/"}},{"@type":"Person","@id":"https:\/\/kal-akal.com\/#\/schema\/person\/38fee61aab36e307bd27480803963845","name":"\u0639\u0628\u062f\u0627\u0644\u0644\u06472024","image":{"@type":"ImageObject","inLanguage":"fr-FR","@id":"https:\/\/secure.gravatar.com\/avatar\/3c56ec666afc88ba8e609c1f64df8546bde100acf43533800f1a1368f1fb350c?s=96&d=mm&r=g","url":"https:\/\/secure.gravatar.com\/avatar\/3c56ec666afc88ba8e609c1f64df8546bde100acf43533800f1a1368f1fb350c?s=96&d=mm&r=g","contentUrl":"https:\/\/secure.gravatar.com\/avatar\/3c56ec666afc88ba8e609c1f64df8546bde100acf43533800f1a1368f1fb350c?s=96&d=mm&r=g","caption":"\u0639\u0628\u062f\u0627\u0644\u0644\u06472024"},"sameAs":["http:\/\/kal-akal.com"],"url":"https:\/\/kal-akal.com\/?author=1"}]}},"jetpack_featured_media_url":"https:\/\/kal-akal.com\/wp-content\/uploads\/2025\/11\/IMG-20250621-WA01165.jpg","jetpack_sharing_enabled":true,"_links":{"self":[{"href":"https:\/\/kal-akal.com\/index.php?rest_route=\/wp\/v2\/posts\/679","targetHints":{"allow":["GET"]}}],"collection":[{"href":"https:\/\/kal-akal.com\/index.php?rest_route=\/wp\/v2\/posts"}],"about":[{"href":"https:\/\/kal-akal.com\/index.php?rest_route=\/wp\/v2\/types\/post"}],"author":[{"embeddable":true,"href":"https:\/\/kal-akal.com\/index.php?rest_route=\/wp\/v2\/users\/1"}],"replies":[{"embeddable":true,"href":"https:\/\/kal-akal.com\/index.php?rest_route=%2Fwp%2Fv2%2Fcomments&post=679"}],"version-history":[{"count":1,"href":"https:\/\/kal-akal.com\/index.php?rest_route=\/wp\/v2\/posts\/679\/revisions"}],"predecessor-version":[{"id":680,"href":"https:\/\/kal-akal.com\/index.php?rest_route=\/wp\/v2\/posts\/679\/revisions\/680"}],"wp:featuredmedia":[{"embeddable":true,"href":"https:\/\/kal-akal.com\/index.php?rest_route=\/wp\/v2\/media\/674"}],"wp:attachment":[{"href":"https:\/\/kal-akal.com\/index.php?rest_route=%2Fwp%2Fv2%2Fmedia&parent=679"}],"wp:term":[{"taxonomy":"category","embeddable":true,"href":"https:\/\/kal-akal.com\/index.php?rest_route=%2Fwp%2Fv2%2Fcategories&post=679"},{"taxonomy":"post_tag","embeddable":true,"href":"https:\/\/kal-akal.com\/index.php?rest_route=%2Fwp%2Fv2%2Ftags&post=679"}],"curies":[{"name":"wp","href":"https:\/\/api.w.org\/{rel}","templated":true}]}}