{"id":821,"date":"2026-09-01T09:53:17","date_gmt":"2026-09-01T09:53:17","guid":{"rendered":"https:\/\/kal-akal.com\/?p=821"},"modified":"2026-09-01T09:58:00","modified_gmt":"2026-09-01T09:58:00","slug":"akal-8","status":"publish","type":"post","link":"https:\/\/kal-akal.com\/?p=821","title":{"rendered":"Violations des droits humains en Azawad : Rapport mensuel d&rsquo;ao\u00fbt 2026."},"content":{"rendered":"\n<p class=\"MsoNormal wp-block-paragraph\"><strong><u>RAPPORT N\u00b008\/AKA\/2026<\/u><\/strong><strong><\/strong><\/p>\n\n\n\n<p class=\"MsoNormal wp-block-paragraph\"><strong><u>P\u00e9riode<\/u><\/strong><strong> : Mois d\u2019<\/strong><strong>ao\u00fbt 2026<\/strong><\/p>\n\n\n\n<p class=\"MsoNormal wp-block-paragraph\"><strong><u>Date<\/u><\/strong><strong> : le 1<\/strong><strong><sup>er<\/sup><\/strong><strong> septembre 2026<\/strong><\/p>\n\n\n\n<p class=\"MsoNormal wp-block-paragraph\"><strong><u>Introduction<\/u><\/strong><\/p>\n\n\n\n<p class=\"MsoNormal wp-block-paragraph\">L\u2019Observatoire de Veille Citoyenne pour la D\u00e9fense des Droits Humains du Peuple de l\u2019Azawad, <strong>Association Kal-Akal<\/strong>, est une organisation de la soci\u00e9t\u00e9 civile dont le si\u00e8ge social se trouve dans la r\u00e9gion de Kidal.<\/p>\n\n\n\n<p class=\"MsoNormal wp-block-paragraph\">L\u2019Association \u0153uvre notamment \u00e0 la d\u00e9fense des droits humains du Peuple de l\u2019Azawad, \u00e0 la documentation des violations commises contre les populations civiles, \u00e0 la promotion de la paix, \u00e0 la pr\u00e9servation de la culture et au renforcement de la coh\u00e9sion sociale.<\/p>\n\n\n\n<p class=\"MsoNormal wp-block-paragraph\">Au cours du mois d\u2019ao\u00fbt 2026, les informations recueillies par le r\u00e9seau de relais locaux de l\u2019Association font \u00e9tat de la poursuite de la d\u00e9gradation de la situation s\u00e9curitaire et humanitaire dans plusieurs zones de l\u2019Azawad.<\/p>\n\n\n\n<p class=\"MsoNormal wp-block-paragraph\">Les incidents document\u00e9s au cours de cette p\u00e9riode sont notamment caract\u00e9ris\u00e9s par la multiplication des frappes de drones contre des populations civiles, des v\u00e9hicules, des habitations et des infrastructures essentielles, ainsi que par des ex\u00e9cutions de civils, des arrestations et des atteintes aux moyens de subsistance des populations.<\/p>\n\n\n\n<p class=\"MsoNormal wp-block-paragraph\">Apr\u00e8s recoupement des informations disponibles, l\u2019Association Kal-Akal a document\u00e9 les violations et incidents suivants.<\/p>\n\n\n\n<p class=\"MsoNormal wp-block-paragraph\">(La r\u00e9p\u00e9tition des violations ne doit pas conduire \u00e0 leur banalisation. Chaque nouvelle frappe, chaque ex\u00e9cution et chaque destruction constitue une nouvelle alerte qui m\u00e9rite l\u2019attention de la communaut\u00e9 nationale et internationale).<\/p>\n\n\n\n<p class=\"MsoNormal wp-block-paragraph\">&nbsp;<\/p>\n\n\n\n<p class=\"MsoNormal wp-block-paragraph\"><strong>I. EX\u00c9CUTIONS SOMMAIRES, FRAPPES CONTRE LES CIVILS ET MEURTRES CIBL\u00c9S<\/strong><\/p>\n\n\n\n<p class=\"MsoNormal wp-block-paragraph\"><strong>Au moins 18 &nbsp;civils tu\u00e9s et plusieurs bless\u00e9s document\u00e9s<\/strong><\/p>\n\n\n\n<p class=\"MsoNormal wp-block-paragraph\"><strong>4 ao\u00fbt 2026 \u2013 Hassi Sidi, au nord de Tombouctou<\/strong><\/p>\n\n\n\n<p class=\"MsoNormal wp-block-paragraph\">Une frappe visant un <strong>camion civil<\/strong> dans la zone de Hassi Sidi, au nord de Tombouctou, a fait deux morts et un bless\u00e9.<\/p>\n\n\n\n<p class=\"MsoNormal wp-block-paragraph\"><strong>6 ao\u00fbt 2026 \u2013 Inchawadj<\/strong><\/p>\n\n\n\n<p class=\"MsoNormal wp-block-paragraph\">Un berger touareg a \u00e9t\u00e9 tu\u00e9 \u00e0 Inchawadj par une patrouille compos\u00e9e, de membres de l\u2019arm\u00e9e malienne et d\u2019\u00e9l\u00e9ments de l\u2019Africa Corps.<\/p>\n\n\n\n<p class=\"MsoNormal wp-block-paragraph\"><strong>8 ao\u00fbt 2026 \u2013 Bambou<\/strong><\/p>\n\n\n\n<p class=\"MsoNormal wp-block-paragraph\">Une frappe de drone attribu\u00e9e \u00e0 l\u2019arm\u00e9e malienne a vis\u00e9 la localit\u00e9 de Bambou, situ\u00e9e \u00e0 environ 80 kilom\u00e8tres au sud de Gourma-Rharous, la frappe aurait caus\u00e9 la mort de sept civils.<\/p>\n\n\n\n<p class=\"MsoNormal wp-block-paragraph\"><strong>10 ao\u00fbt 2026 \u2013 Goundam<\/strong><\/p>\n\n\n\n<p class=\"MsoNormal wp-block-paragraph\">Des \u00e9l\u00e9ments russes de l\u2019Africa Corps pr\u00e9sents \u00e0 Goundam auraient tu\u00e9 <strong>un jeune civil<\/strong>.<\/p>\n\n\n\n<p class=\"MsoNormal wp-block-paragraph\"><strong>16 ao\u00fbt 2026 \u2013 Talahandak<\/strong><\/p>\n\n\n\n<p class=\"MsoNormal wp-block-paragraph\">Une frappe de drone de type Shahed attribu\u00e9e \u00e0 l\u2019arm\u00e9e malienne a caus\u00e9 la mort d\u2019un migrant haoussa originaire du Niger.<\/p>\n\n\n\n<p class=\"MsoNormal wp-block-paragraph\"><strong>29 ao\u00fbt 2026 \u2013 Gao<\/strong><\/p>\n\n\n\n<p class=\"MsoNormal wp-block-paragraph\">Une forte explosion est survenue aux environs de <strong>19 h 30<\/strong>, dans la zone d\u2019Annoura ou du Super Camp.<\/p>\n\n\n\n<p class=\"MsoNormal wp-block-paragraph\">Selon les informations re\u00e7ues, un ramasseur de fer aurait r\u00e9cup\u00e9r\u00e9 des restes explosifs de guerre. L\u2019explosion qui s\u2019en est suivie aurait caus\u00e9 cinq morts et plusieurs bless\u00e9s.<\/p>\n\n\n\n<p class=\"MsoNormal wp-block-paragraph\"><strong>30 ao\u00fbt 2026 \u2013 Gao<\/strong><\/p>\n\n\n\n<p class=\"MsoNormal wp-block-paragraph\">Un <strong>jeun homme cvile <\/strong>&nbsp;a \u00e9t\u00e9 tu\u00e9 \u00e0 Gao par l\u2019arm\u00e9e malienne, selon les informations re\u00e7ues par l\u2019Association.<\/p>\n\n\n\n<p class=\"MsoNormal wp-block-paragraph\"><strong>II. ARRESTATIONS ARBITRAIRES, ENL\u00c8VEMENTS, DISPARITIONS FORC\u00c9ES ET PRISES D\u2019OTAGES<\/strong><\/p>\n\n\n\n<p class=\"MsoNormal wp-block-paragraph\"><strong>Au moins un (1) cas de prise d\u2019otages document\u00e9, ainsi que plusieurs atteintes \u00e0 la libert\u00e9<\/strong><\/p>\n\n\n\n<p class=\"MsoNormal wp-block-paragraph\">Au cours du mois d\u2019ao\u00fbt 2026, les informations recueillies par l\u2019Association Kal-Akal font \u00e9galement \u00e9tat de situations pr\u00e9occupantes concernant la libert\u00e9 et la s\u00e9curit\u00e9 des populations civiles.<\/p>\n\n\n\n<p class=\"MsoNormal wp-block-paragraph\"><strong>30 ao\u00fbt 2026 \u2013 Zarho<\/strong><\/p>\n\n\n\n<p class=\"MsoNormal wp-block-paragraph\">Des \u00e9l\u00e9ments arm\u00e9s, identifi\u00e9s dans les informations re\u00e7ues comme des mercenaires et des membres de l\u2019arm\u00e9e malienne, retiendraient des femmes et des enfants en otages.<\/p>\n\n\n\n<p class=\"MsoNormal wp-block-paragraph\">Compte tenu de la gravit\u00e9 de ces informations, Kal-Akal consid\u00e8re que la situation n\u00e9cessite une v\u00e9rification urgente et ind\u00e9pendante ainsi qu\u2019une attention imm\u00e9diate des organisations de protection des civils.<\/p>\n\n\n\n<p class=\"MsoNormal wp-block-paragraph\"><strong>III. PILLAGES, DESTRUCTIONS ET SACCAGES DE BIENS CIVILS <\/strong><strong>7 cas document\u00e9s<\/strong><strong><\/strong><\/p>\n\n\n\n<p class=\"MsoNormal wp-block-paragraph\">Les op\u00e9rations militaires et les frappes de drones signal\u00e9es au cours du mois d\u2019ao\u00fbt ont \u00e9galement caus\u00e9 d\u2019importants d\u00e9g\u00e2ts aux biens civils.<\/p>\n\n\n\n<p class=\"MsoNormal wp-block-paragraph\"><strong>6\u20137 ao\u00fbt 2026 \u2013 Kidal<\/strong><\/p>\n\n\n\n<p class=\"MsoNormal wp-block-paragraph\">Une frappe attribu\u00e9e \u00e0 l\u2019arm\u00e9e malienne et \u00e0 des \u00e9l\u00e9ments russes de l\u2019Africa Corps a vis\u00e9 le cimeti\u00e8re d\u2019Aliou \u00e0 Kidal dans la nuit du 6 au 7 ao\u00fbt.<\/p>\n\n\n\n<p class=\"MsoNormal wp-block-paragraph\">Cette attaque a touch\u00e9 un lieu \u00e0 caract\u00e8re civil et religieux.<\/p>\n\n\n\n<p class=\"MsoNormal wp-block-paragraph\"><strong>9 ao\u00fbt 2026 \u2013 Alkhouba, r\u00e9gion de Tombouctou<\/strong><\/p>\n\n\n\n<p class=\"MsoNormal wp-block-paragraph\">Un <strong>v\u00e9hicule civil appartenant \u00e0 Aboubakren Ag Ahmad Mohamed<\/strong> a \u00e9t\u00e9 cibl\u00e9 par un drone malien \u00e0 Alkhouba.<\/p>\n\n\n\n<p class=\"MsoNormal wp-block-paragraph\"><strong>10 ao\u00fbt 2026 \u2013 Dar-Assalam, r\u00e9gion de Tombouctou<\/strong><\/p>\n\n\n\n<p class=\"MsoNormal wp-block-paragraph\">Des \u00e9l\u00e9ments russes et leurs suppl\u00e9tifs maliens auraient tu\u00e9 plusieurs vaches \u00e0 Dar-Assalam avant de les abandonner au milieu de la route.<\/p>\n\n\n\n<p class=\"MsoNormal wp-block-paragraph\"><strong>16 ao\u00fbt 2026 \u2013 Ikharabane<\/strong><\/p>\n\n\n\n<p class=\"MsoNormal wp-block-paragraph\">Un drone kamikaze de type Shahed attribu\u00e9 \u00e0 l\u2019arm\u00e9e malienne serait tomb\u00e9 sur une maison civile \u00e0 Ikharabane.<\/p>\n\n\n\n<p class=\"MsoNormal wp-block-paragraph\">La maison a \u00e9t\u00e9 d\u00e9truite et plusieurs membres de la famille ont \u00e9t\u00e9 bless\u00e9s, notamment une femme, un homme identifi\u00e9 comme Harouna et leurs enfants.<\/p>\n\n\n\n<p class=\"MsoNormal wp-block-paragraph\"><strong>19 ao\u00fbt 2026 \u2013 Talahandak<\/strong><\/p>\n\n\n\n<p class=\"MsoNormal wp-block-paragraph\">Une frappe de drone attribu\u00e9e \u00e0 l\u2019arm\u00e9e malienne et \u00e0 l\u2019Africa Corps a d\u00e9truit un centre de sant\u00e9 \u00e0 Talahandak.<\/p>\n\n\n\n<p class=\"MsoNormal wp-block-paragraph\">La destruction de cette infrastructure sanitaire constitue une cons\u00e9quence particuli\u00e8rement grave pour la population locale, qui se retrouve priv\u00e9e d\u2019un acc\u00e8s essentiel aux soins.<\/p>\n\n\n\n<p class=\"MsoNormal wp-block-paragraph\"><strong>24 ao\u00fbt 2026 \u2013 Talahandak<\/strong><\/p>\n\n\n\n<p class=\"MsoNormal wp-block-paragraph\">Une frappe de drone malien a cibl\u00e9 des boutiques civiles \u00e0 Talahandak, provoquant des d\u00e9g\u00e2ts mat\u00e9riels.<\/p>\n\n\n\n<p class=\"MsoNormal wp-block-paragraph\"><strong>28 ao\u00fbt 2026 \u2013 In Afarak<\/strong><\/p>\n\n\n\n<p class=\"MsoNormal wp-block-paragraph\">Le village d\u2019In Afarak a \u00e9t\u00e9 bombard\u00e9 par un drone malien qui aurait cibl\u00e9 un d\u00e9p\u00f4t de carburant.<\/p>\n\n\n\n<p class=\"MsoNormal wp-block-paragraph\"><strong>IV. CONS\u00c9QUENCES HUMANITAIRES (<\/strong><strong>PLUSIEURS CAS DOCUMENT\u00c9S)<\/strong><\/p>\n\n\n\n<p class=\"MsoNormal wp-block-paragraph\">Les \u00e9v\u00e9nements document\u00e9s au cours du mois d\u2019ao\u00fbt 2026 ont entra\u00een\u00e9 des cons\u00e9quences humanitaires importantes pour les populations civiles.<\/p>\n\n\n\n<p class=\"MsoNormal wp-block-paragraph\">Les cons\u00e9quences humanitaires ne se limitent toutefois pas aux victimes directement recens\u00e9es. La destruction d\u2019une infrastructure sanitaire, la perte de b\u00e9tail, les dommages caus\u00e9s aux commerces et les d\u00e9placements provoqu\u00e9s par l\u2019ins\u00e9curit\u00e9 peuvent affecter durablement des familles et des communaut\u00e9s enti\u00e8res.<\/p>\n\n\n\n<p class=\"MsoNormal wp-block-paragraph\">Les victimes recens\u00e9es ne sont donc pas de simples chiffres ells repr\u00e9sentent des familles &nbsp;des communaut\u00e9s et des moyens de subsistance d\u00e9truits<strong>.<\/strong><\/p>\n\n\n\n<p class=\"MsoNormal wp-block-paragraph\">&nbsp;<\/p>\n\n\n\n<p class=\"MsoNormal wp-block-paragraph\"><strong>V. VIOLS ET VIOLENCES SEXUELLES<\/strong><\/p>\n\n\n\n<p class=\"MsoNormal wp-block-paragraph\"><strong>Aucun cas confirm\u00e9 au cours de la p\u00e9riode<\/strong><\/p>\n\n\n\n<p class=\"MsoNormal wp-block-paragraph\">Au cours du mois d\u2019ao\u00fbt 2026, l\u2019Association Kal-Akal n\u2019a pas pu confirmer de cas de viol ou de violences sexuelles apr\u00e8s les informations recueillies par son r\u00e9seau de relais.<\/p>\n\n\n\n<p class=\"MsoNormal wp-block-paragraph\">Cette absence de cas confirm\u00e9 ne signifie toutefois pas n\u00e9cessairement l\u2019absence de violences sexuelles.<\/p>\n\n\n\n<p class=\"MsoNormal wp-block-paragraph\">Dans les zones affect\u00e9es par le conflit, la peur des repr\u00e9sailles, les difficult\u00e9s d\u2019acc\u00e8s aux victimes, l\u2019absence de m\u00e9canismes de protection et la stigmatisation peuvent emp\u00eacher les victimes de signaler les faits.<\/p>\n\n\n\n<p class=\"MsoNormal wp-block-paragraph\"><strong>VI. D\u00c9G\u00c2TS ENVIRONNEMENTAUX ET ATTEINTES AUX MOYENS DE SUBSISTANCE<\/strong><\/p>\n\n\n\n<p class=\"MsoNormal wp-block-paragraph\"><strong>Plusieurs cas document\u00e9s<\/strong><\/p>\n\n\n\n<p class=\"MsoNormal wp-block-paragraph\">Les op\u00e9rations militaires et les frappes enregistr\u00e9es au cours du mois d\u2019ao\u00fbt ont \u00e9galement eu des cons\u00e9quences sur l\u2019environnement et les moyens de subsistance des populations.<\/p>\n\n\n\n<p class=\"MsoNormal wp-block-paragraph\">Les principaux cas recens\u00e9s sont notamment :<\/p>\n\n\n\n<p class=\"MsoNormal wp-block-paragraph\">\u2022 la mort de plusieurs t\u00eates de b\u00e9tail \u00e0 Dar-Assalam<\/p>\n\n\n\n<p class=\"MsoNormal wp-block-paragraph\">\u2022 la destruction de b\u00e9tail appartenant aux populations pastorales<\/p>\n\n\n\n<p class=\"MsoNormal wp-block-paragraph\">\u2022 les d\u00e9g\u00e2ts caus\u00e9s aux zones d\u2019habitation et aux espaces de vie des communaut\u00e9s<\/p>\n\n\n\n<p class=\"MsoNormal wp-block-paragraph\">\u2022 les risques li\u00e9s \u00e0 la pr\u00e9sence de restes explosifs de guerre, notamment apr\u00e8s l\u2019incident survenu \u00e0 Gao ;<\/p>\n\n\n\n<p class=\"MsoNormal wp-block-paragraph\">\u2022 les dommages caus\u00e9s aux infrastructures et aux zones \u00e9conomiques locales.<\/p>\n\n\n\n<p class=\"MsoNormal wp-block-paragraph\">Dans les communaut\u00e9s pastorales de l\u2019Azawad, la perte du b\u00e9tail repr\u00e9sente une atteinte directe aux moyens de subsistance des familles. La multiplication des op\u00e9rations militaires et des frappes dans les zones rurales contribue ainsi \u00e0 fragiliser davantage les populations d\u00e9j\u00e0 expos\u00e9es \u00e0 l\u2019ins\u00e9curit\u00e9 alimentaire.<\/p>\n\n\n\n<p class=\"MsoNormal wp-block-paragraph\">&nbsp;<\/p>\n\n\n\n<p class=\"MsoNormal wp-block-paragraph\"><strong>CONCLUSION<\/strong><\/p>\n\n\n\n<p class=\"MsoNormal wp-block-paragraph\">Le mois d\u2019ao\u00fbt 2026 confirme une nouvelle fois la d\u00e9gradation pr\u00e9occupante de la situation s\u00e9curitaire et humanitaire en Azawad.<\/p>\n\n\n\n<p class=\"MsoNormal wp-block-paragraph\">Les informations document\u00e9es par l\u2019Association Kal-Akal font \u00e9tat de 18 civils tu\u00e9s au minimum, de plusieurs bless\u00e9s, de frappes r\u00e9p\u00e9t\u00e9es contre des zones civiles, de destructions d\u2019habitations et de commerces, de la destruction d\u2019un centre de sant\u00e9 et d\u2019atteintes importantes aux moyens de subsistance des populations.<\/p>\n\n\n\n<p class=\"MsoNormal wp-block-paragraph\">La r\u00e9p\u00e9tition de ces incidents soul\u00e8ve une question essentielle : combien de victimes faudra-t-il encore documenter avant qu\u2019une r\u00e9ponse concr\u00e8te et durable ne soit apport\u00e9e ?<\/p>\n\n\n\n<p class=\"MsoNormal wp-block-paragraph\">Le silence ne signifie pas que les violations ont cess\u00e9.<\/p>\n\n\n\n<p class=\"MsoNormal wp-block-paragraph\">Il signifie parfois simplement que les victimes n\u2019ont plus les moyens, la s\u00e9curit\u00e9 ou la possibilit\u00e9 de faire entendre leur voix.<\/p>\n\n\n\n<p class=\"MsoNormal wp-block-paragraph\">Kal-Akal ne demande pas que ses informations soient accept\u00e9es sans v\u00e9rification. Elle demande qu\u2019elles soient examin\u00e9es, v\u00e9rifi\u00e9es et prises au s\u00e9rieux. Chaque incident document\u00e9 constitue une piste qui m\u00e9rite une enqu\u00eate ind\u00e9pendante, chaque victime m\u00e9rite d\u2019\u00eatre identifi\u00e9e et chaque responsable pr\u00e9sum\u00e9 doit pouvoir r\u00e9pondre de ses actes devant les m\u00e9canismes comp\u00e9tents.<\/p>\n\n\n\n<p class=\"MsoNormal wp-block-paragraph\">L\u2019Association Kal-Akal appelle les Nations unies, l\u2019Union africaine, la Commission africaine des droits de l\u2019homme et des peuples, l\u2019Union europ\u00e9enne, les organisations humanitaires internationales et les m\u00e9canismes internationaux comp\u00e9tents \u00e0 accorder une attention urgente \u00e0 la situation des populations civiles en Azawad.<\/p>\n\n\n\n<p class=\"MsoNormal wp-block-paragraph\">Derri\u00e8re chaque chiffre, il y a un \u00eatre humain. Derri\u00e8re chaque victime, une famille. Derri\u00e8re chaque famille, une communaut\u00e9. Et derri\u00e8re chaque silence prolong\u00e9, le risque de voir l\u2019impunit\u00e9 s\u2019installer davantage.<\/p>\n\n\n\n<p class=\"MsoNormal wp-block-paragraph\">Fid\u00e8le \u00e0 sa mission, l\u2019Association Kal-Akal poursuivra son travail de documentation, de v\u00e9rification, de conservation des informations et de plaidoyer, afin que les victimes ne soient pas oubli\u00e9es et que les violations commises contre les populations civiles fassent l\u2019objet d\u2019une attention et d\u2019une r\u00e9ponse appropri\u00e9es de la part des m\u00e9canismes nationaux et internationaux comp\u00e9tents.<\/p>\n\n\n\n<p class=\"wp-block-paragraph\"><strong>Quelques images sur les crimes <\/strong><\/p>\n\n\n\n<p class=\"wp-block-paragraph\">1- une frappe de drone shahid de l&rsquo;arm\u00e9e malienne et de l&rsquo;Africa Corps \u00e0 Inafarak dans la r\u00e9gion de Kidal, le 26 Ao\u00fbt 2026 , contre un d\u00e9p\u00f4t de carburant des commer\u00e7ants locaux a fait d\u00e9g\u00e2ts mat\u00e9riels \u00e9normes. <\/p>\n\n\n\n<figure class=\"wp-block-image size-large\"><img loading=\"lazy\" decoding=\"async\" width=\"1024\" height=\"759\" src=\"https:\/\/kal-akal.com\/wp-content\/uploads\/2026\/09\/screenshot_20260901_094855_whatsapp4540022617258549936-1024x759.jpg\" alt=\"\" class=\"wp-image-820\" srcset=\"https:\/\/kal-akal.com\/wp-content\/uploads\/2026\/09\/screenshot_20260901_094855_whatsapp4540022617258549936-1024x759.jpg 1024w, https:\/\/kal-akal.com\/wp-content\/uploads\/2026\/09\/screenshot_20260901_094855_whatsapp4540022617258549936-300x222.jpg 300w, https:\/\/kal-akal.com\/wp-content\/uploads\/2026\/09\/screenshot_20260901_094855_whatsapp4540022617258549936-768x569.jpg 768w, https:\/\/kal-akal.com\/wp-content\/uploads\/2026\/09\/screenshot_20260901_094855_whatsapp4540022617258549936.jpg 1080w\" sizes=\"auto, (max-width: 1024px) 100vw, 1024px\" \/><\/figure>\n\n\n\n<p class=\"MsoNormal wp-block-paragraph\">&nbsp;<\/p>\n\n\n\n<p class=\"wp-block-paragraph\">2- Un berger touareg du nom Almaghrat Ag Almou a \u00e9t\u00e9 tu\u00e9 \u00e0 inchawadj jeudi le 6 Ao\u00fbt 2026 par une patrouille de l&rsquo;arm\u00e9e malienne et Africa corps.<\/p>\n\n\n\n<figure class=\"wp-block-image size-large\"><img loading=\"lazy\" decoding=\"async\" width=\"1024\" height=\"576\" src=\"https:\/\/kal-akal.com\/wp-content\/uploads\/2026\/09\/251265-1024x576.jpg\" alt=\"\" class=\"wp-image-824\" srcset=\"https:\/\/kal-akal.com\/wp-content\/uploads\/2026\/09\/251265-1024x576.jpg 1024w, https:\/\/kal-akal.com\/wp-content\/uploads\/2026\/09\/251265-300x169.jpg 300w, https:\/\/kal-akal.com\/wp-content\/uploads\/2026\/09\/251265-768x432.jpg 768w, https:\/\/kal-akal.com\/wp-content\/uploads\/2026\/09\/251265.jpg 1280w\" sizes=\"auto, (max-width: 1024px) 100vw, 1024px\" \/><\/figure>\n","protected":false},"excerpt":{"rendered":"<p>RAPPORT N\u00b008\/AKA\/2026 P\u00e9riode : Mois d\u2019ao\u00fbt 2026 Date : le 1er septembre 2026 Introduction L\u2019Observatoire de Veille Citoyenne pour la D\u00e9fense des Droits Humains du Peuple de l\u2019Azawad, Association Kal-Akal,&hellip;<\/p>\n","protected":false},"author":1,"featured_media":565,"comment_status":"open","ping_status":"open","sticky":false,"template":"","format":"standard","meta":{"_jetpack_newsletter_access":"","_jetpack_dont_email_post_to_subs":false,"_jetpack_newsletter_tier_id":0,"_jetpack_memberships_contains_paywalled_content":false,"_jetpack_feature_clip_id":0,"_jetpack_memberships_contains_paid_content":false,"footnotes":"","jetpack_post_was_ever_published":false},"categories":[3],"tags":[],"class_list":["post-821","post","type-post","status-publish","format-standard","has-post-thumbnail","hentry","category-rapport"],"yoast_head":"<!-- This site is optimized with the Yoast SEO plugin v28.3 - https:\/\/yoast.com\/product\/yoast-seo-wordpress\/ -->\n<title>Violations des droits humains en Azawad : Rapport mensuel d&#039;ao\u00fbt 2026. - Association Kal Akal<\/title>\n<meta name=\"robots\" content=\"index, follow, max-snippet:-1, max-image-preview:large, max-video-preview:-1\" \/>\n<link rel=\"canonical\" href=\"https:\/\/kal-akal.com\/?p=821\" \/>\n<meta property=\"og:locale\" content=\"fr_FR\" \/>\n<meta property=\"og:type\" content=\"article\" \/>\n<meta property=\"og:title\" content=\"Violations des droits humains en Azawad : Rapport mensuel d&#039;ao\u00fbt 2026. - Association Kal Akal\" \/>\n<meta property=\"og:description\" content=\"RAPPORT N\u00b008\/AKA\/2026 P\u00e9riode : Mois d\u2019ao\u00fbt 2026 Date : le 1er septembre 2026 Introduction L\u2019Observatoire de Veille Citoyenne pour la D\u00e9fense des Droits Humains du Peuple de l\u2019Azawad, Association Kal-Akal,&hellip;\" \/>\n<meta property=\"og:url\" content=\"https:\/\/kal-akal.com\/?p=821\" \/>\n<meta property=\"og:site_name\" content=\"Association Kal Akal\" \/>\n<meta property=\"article:published_time\" content=\"2026-09-01T09:53:17+00:00\" \/>\n<meta property=\"article:modified_time\" content=\"2026-09-01T09:58:00+00:00\" \/>\n<meta property=\"og:image\" content=\"http:\/\/kal-akal.com\/wp-content\/uploads\/2025\/06\/IMG-20250621-WA0116.jpg\" \/>\n\t<meta property=\"og:image:width\" content=\"1080\" \/>\n\t<meta property=\"og:image:height\" content=\"763\" \/>\n\t<meta property=\"og:image:type\" content=\"image\/jpeg\" \/>\n<meta name=\"author\" content=\"\u0639\u0628\u062f\u0627\u0644\u0644\u06472024\" \/>\n<meta name=\"twitter:card\" content=\"summary_large_image\" \/>\n<meta name=\"twitter:image\" content=\"https:\/\/kal-akal.com\/wp-content\/uploads\/2025\/11\/IMG-20250621-WA01165.jpg\" \/>\n<meta name=\"twitter:label1\" content=\"\u00c9crit par\" \/>\n\t<meta name=\"twitter:data1\" content=\"\u0639\u0628\u062f\u0627\u0644\u0644\u06472024\" \/>\n\t<meta name=\"twitter:label2\" content=\"Dur\u00e9e de lecture estim\u00e9e\" \/>\n\t<meta name=\"twitter:data2\" content=\"9 minutes\" \/>\n<script type=\"application\/ld+json\" class=\"yoast-schema-graph\">{\"@context\":\"https:\\\/\\\/schema.org\",\"@graph\":[{\"@type\":\"Article\",\"@id\":\"https:\\\/\\\/kal-akal.com\\\/?p=821#article\",\"isPartOf\":{\"@id\":\"https:\\\/\\\/kal-akal.com\\\/?p=821\"},\"author\":{\"name\":\"\u0639\u0628\u062f\u0627\u0644\u0644\u06472024\",\"@id\":\"https:\\\/\\\/kal-akal.com\\\/#\\\/schema\\\/person\\\/38fee61aab36e307bd27480803963845\"},\"headline\":\"Violations des droits humains en Azawad : Rapport mensuel d&rsquo;ao\u00fbt 2026.\",\"datePublished\":\"2026-09-01T09:53:17+00:00\",\"dateModified\":\"2026-09-01T09:58:00+00:00\",\"mainEntityOfPage\":{\"@id\":\"https:\\\/\\\/kal-akal.com\\\/?p=821\"},\"wordCount\":1746,\"commentCount\":0,\"publisher\":{\"@id\":\"https:\\\/\\\/kal-akal.com\\\/#organization\"},\"image\":{\"@id\":\"https:\\\/\\\/kal-akal.com\\\/?p=821#primaryimage\"},\"thumbnailUrl\":\"https:\\\/\\\/kal-akal.com\\\/wp-content\\\/uploads\\\/2025\\\/06\\\/IMG-20250621-WA0116.jpg\",\"articleSection\":[\"rapport\"],\"inLanguage\":\"fr-FR\",\"potentialAction\":[{\"@type\":\"CommentAction\",\"name\":\"Comment\",\"target\":[\"https:\\\/\\\/kal-akal.com\\\/?p=821#respond\"]}]},{\"@type\":\"WebPage\",\"@id\":\"https:\\\/\\\/kal-akal.com\\\/?p=821\",\"url\":\"https:\\\/\\\/kal-akal.com\\\/?p=821\",\"name\":\"Violations des droits humains en Azawad : Rapport mensuel d'ao\u00fbt 2026. - Association Kal Akal\",\"isPartOf\":{\"@id\":\"https:\\\/\\\/kal-akal.com\\\/#website\"},\"primaryImageOfPage\":{\"@id\":\"https:\\\/\\\/kal-akal.com\\\/?p=821#primaryimage\"},\"image\":{\"@id\":\"https:\\\/\\\/kal-akal.com\\\/?p=821#primaryimage\"},\"thumbnailUrl\":\"https:\\\/\\\/kal-akal.com\\\/wp-content\\\/uploads\\\/2025\\\/06\\\/IMG-20250621-WA0116.jpg\",\"datePublished\":\"2026-09-01T09:53:17+00:00\",\"dateModified\":\"2026-09-01T09:58:00+00:00\",\"breadcrumb\":{\"@id\":\"https:\\\/\\\/kal-akal.com\\\/?p=821#breadcrumb\"},\"inLanguage\":\"fr-FR\",\"potentialAction\":[{\"@type\":\"ReadAction\",\"target\":[\"https:\\\/\\\/kal-akal.com\\\/?p=821\"]}]},{\"@type\":\"ImageObject\",\"inLanguage\":\"fr-FR\",\"@id\":\"https:\\\/\\\/kal-akal.com\\\/?p=821#primaryimage\",\"url\":\"https:\\\/\\\/kal-akal.com\\\/wp-content\\\/uploads\\\/2025\\\/06\\\/IMG-20250621-WA0116.jpg\",\"contentUrl\":\"https:\\\/\\\/kal-akal.com\\\/wp-content\\\/uploads\\\/2025\\\/06\\\/IMG-20250621-WA0116.jpg\",\"width\":1080,\"height\":763},{\"@type\":\"BreadcrumbList\",\"@id\":\"https:\\\/\\\/kal-akal.com\\\/?p=821#breadcrumb\",\"itemListElement\":[{\"@type\":\"ListItem\",\"position\":1,\"name\":\"Home\",\"item\":\"https:\\\/\\\/kal-akal.com\\\/\"},{\"@type\":\"ListItem\",\"position\":2,\"name\":\"Violations des droits humains en Azawad : Rapport mensuel d&#8217;ao\u00fbt 2026.\"}]},{\"@type\":\"WebSite\",\"@id\":\"https:\\\/\\\/kal-akal.com\\\/#website\",\"url\":\"https:\\\/\\\/kal-akal.com\\\/\",\"name\":\"Association Kal Akal\",\"description\":\"l\u2019Association Kal Akal est un Observatoire Citoyen de Veille et de D\u00e9fense des Droits Humains du Peuple de l\u2019Azawad.\",\"publisher\":{\"@id\":\"https:\\\/\\\/kal-akal.com\\\/#organization\"},\"potentialAction\":[{\"@type\":\"SearchAction\",\"target\":{\"@type\":\"EntryPoint\",\"urlTemplate\":\"https:\\\/\\\/kal-akal.com\\\/?s={search_term_string}\"},\"query-input\":{\"@type\":\"PropertyValueSpecification\",\"valueRequired\":true,\"valueName\":\"search_term_string\"}}],\"inLanguage\":\"fr-FR\"},{\"@type\":\"Organization\",\"@id\":\"https:\\\/\\\/kal-akal.com\\\/#organization\",\"name\":\"Association Kal Akal\",\"url\":\"https:\\\/\\\/kal-akal.com\\\/\",\"logo\":{\"@type\":\"ImageObject\",\"inLanguage\":\"fr-FR\",\"@id\":\"https:\\\/\\\/kal-akal.com\\\/#\\\/schema\\\/logo\\\/image\\\/\",\"url\":\"https:\\\/\\\/kal-akal.com\\\/wp-content\\\/uploads\\\/2024\\\/06\\\/cropped-\u062c\u0645\u0639\u064a\u0629-\u0643\u0644-\u0623\u0643\u0627\u0644.png\",\"contentUrl\":\"https:\\\/\\\/kal-akal.com\\\/wp-content\\\/uploads\\\/2024\\\/06\\\/cropped-\u062c\u0645\u0639\u064a\u0629-\u0643\u0644-\u0623\u0643\u0627\u0644.png\",\"width\":200,\"height\":40,\"caption\":\"Association Kal Akal\"},\"image\":{\"@id\":\"https:\\\/\\\/kal-akal.com\\\/#\\\/schema\\\/logo\\\/image\\\/\"}},{\"@type\":\"Person\",\"@id\":\"https:\\\/\\\/kal-akal.com\\\/#\\\/schema\\\/person\\\/38fee61aab36e307bd27480803963845\",\"name\":\"\u0639\u0628\u062f\u0627\u0644\u0644\u06472024\",\"image\":{\"@type\":\"ImageObject\",\"inLanguage\":\"fr-FR\",\"@id\":\"https:\\\/\\\/secure.gravatar.com\\\/avatar\\\/3c56ec666afc88ba8e609c1f64df8546bde100acf43533800f1a1368f1fb350c?s=96&d=mm&r=g\",\"url\":\"https:\\\/\\\/secure.gravatar.com\\\/avatar\\\/3c56ec666afc88ba8e609c1f64df8546bde100acf43533800f1a1368f1fb350c?s=96&d=mm&r=g\",\"contentUrl\":\"https:\\\/\\\/secure.gravatar.com\\\/avatar\\\/3c56ec666afc88ba8e609c1f64df8546bde100acf43533800f1a1368f1fb350c?s=96&d=mm&r=g\",\"caption\":\"\u0639\u0628\u062f\u0627\u0644\u0644\u06472024\"},\"sameAs\":[\"http:\\\/\\\/kal-akal.com\"],\"url\":\"https:\\\/\\\/kal-akal.com\\\/?author=1\"}]}<\/script>\n<!-- \/ Yoast SEO plugin. -->","yoast_head_json":{"title":"Violations des droits humains en Azawad : Rapport mensuel d'ao\u00fbt 2026. - Association Kal Akal","robots":{"index":"index","follow":"follow","max-snippet":"max-snippet:-1","max-image-preview":"max-image-preview:large","max-video-preview":"max-video-preview:-1"},"canonical":"https:\/\/kal-akal.com\/?p=821","og_locale":"fr_FR","og_type":"article","og_title":"Violations des droits humains en Azawad : Rapport mensuel d'ao\u00fbt 2026. - Association Kal Akal","og_description":"RAPPORT N\u00b008\/AKA\/2026 P\u00e9riode : Mois d\u2019ao\u00fbt 2026 Date : le 1er septembre 2026 Introduction L\u2019Observatoire de Veille Citoyenne pour la D\u00e9fense des Droits Humains du Peuple de l\u2019Azawad, Association Kal-Akal,&hellip;","og_url":"https:\/\/kal-akal.com\/?p=821","og_site_name":"Association Kal Akal","article_published_time":"2026-09-01T09:53:17+00:00","article_modified_time":"2026-09-01T09:58:00+00:00","og_image":[{"width":1080,"height":763,"url":"http:\/\/kal-akal.com\/wp-content\/uploads\/2025\/06\/IMG-20250621-WA0116.jpg","type":"image\/jpeg"}],"author":"\u0639\u0628\u062f\u0627\u0644\u0644\u06472024","twitter_card":"summary_large_image","twitter_image":"https:\/\/kal-akal.com\/wp-content\/uploads\/2025\/11\/IMG-20250621-WA01165.jpg","twitter_misc":{"\u00c9crit par":"\u0639\u0628\u062f\u0627\u0644\u0644\u06472024","Dur\u00e9e de lecture estim\u00e9e":"9 minutes"},"schema":{"@context":"https:\/\/schema.org","@graph":[{"@type":"Article","@id":"https:\/\/kal-akal.com\/?p=821#article","isPartOf":{"@id":"https:\/\/kal-akal.com\/?p=821"},"author":{"name":"\u0639\u0628\u062f\u0627\u0644\u0644\u06472024","@id":"https:\/\/kal-akal.com\/#\/schema\/person\/38fee61aab36e307bd27480803963845"},"headline":"Violations des droits humains en Azawad : Rapport mensuel d&rsquo;ao\u00fbt 2026.","datePublished":"2026-09-01T09:53:17+00:00","dateModified":"2026-09-01T09:58:00+00:00","mainEntityOfPage":{"@id":"https:\/\/kal-akal.com\/?p=821"},"wordCount":1746,"commentCount":0,"publisher":{"@id":"https:\/\/kal-akal.com\/#organization"},"image":{"@id":"https:\/\/kal-akal.com\/?p=821#primaryimage"},"thumbnailUrl":"https:\/\/kal-akal.com\/wp-content\/uploads\/2025\/06\/IMG-20250621-WA0116.jpg","articleSection":["rapport"],"inLanguage":"fr-FR","potentialAction":[{"@type":"CommentAction","name":"Comment","target":["https:\/\/kal-akal.com\/?p=821#respond"]}]},{"@type":"WebPage","@id":"https:\/\/kal-akal.com\/?p=821","url":"https:\/\/kal-akal.com\/?p=821","name":"Violations des droits humains en Azawad : Rapport mensuel d'ao\u00fbt 2026. - Association Kal Akal","isPartOf":{"@id":"https:\/\/kal-akal.com\/#website"},"primaryImageOfPage":{"@id":"https:\/\/kal-akal.com\/?p=821#primaryimage"},"image":{"@id":"https:\/\/kal-akal.com\/?p=821#primaryimage"},"thumbnailUrl":"https:\/\/kal-akal.com\/wp-content\/uploads\/2025\/06\/IMG-20250621-WA0116.jpg","datePublished":"2026-09-01T09:53:17+00:00","dateModified":"2026-09-01T09:58:00+00:00","breadcrumb":{"@id":"https:\/\/kal-akal.com\/?p=821#breadcrumb"},"inLanguage":"fr-FR","potentialAction":[{"@type":"ReadAction","target":["https:\/\/kal-akal.com\/?p=821"]}]},{"@type":"ImageObject","inLanguage":"fr-FR","@id":"https:\/\/kal-akal.com\/?p=821#primaryimage","url":"https:\/\/kal-akal.com\/wp-content\/uploads\/2025\/06\/IMG-20250621-WA0116.jpg","contentUrl":"https:\/\/kal-akal.com\/wp-content\/uploads\/2025\/06\/IMG-20250621-WA0116.jpg","width":1080,"height":763},{"@type":"BreadcrumbList","@id":"https:\/\/kal-akal.com\/?p=821#breadcrumb","itemListElement":[{"@type":"ListItem","position":1,"name":"Home","item":"https:\/\/kal-akal.com\/"},{"@type":"ListItem","position":2,"name":"Violations des droits humains en Azawad : Rapport mensuel d&#8217;ao\u00fbt 2026."}]},{"@type":"WebSite","@id":"https:\/\/kal-akal.com\/#website","url":"https:\/\/kal-akal.com\/","name":"Association Kal Akal","description":"l\u2019Association Kal Akal est un Observatoire Citoyen de Veille et de D\u00e9fense des Droits Humains du Peuple de l\u2019Azawad.","publisher":{"@id":"https:\/\/kal-akal.com\/#organization"},"potentialAction":[{"@type":"SearchAction","target":{"@type":"EntryPoint","urlTemplate":"https:\/\/kal-akal.com\/?s={search_term_string}"},"query-input":{"@type":"PropertyValueSpecification","valueRequired":true,"valueName":"search_term_string"}}],"inLanguage":"fr-FR"},{"@type":"Organization","@id":"https:\/\/kal-akal.com\/#organization","name":"Association Kal Akal","url":"https:\/\/kal-akal.com\/","logo":{"@type":"ImageObject","inLanguage":"fr-FR","@id":"https:\/\/kal-akal.com\/#\/schema\/logo\/image\/","url":"https:\/\/kal-akal.com\/wp-content\/uploads\/2024\/06\/cropped-\u062c\u0645\u0639\u064a\u0629-\u0643\u0644-\u0623\u0643\u0627\u0644.png","contentUrl":"https:\/\/kal-akal.com\/wp-content\/uploads\/2024\/06\/cropped-\u062c\u0645\u0639\u064a\u0629-\u0643\u0644-\u0623\u0643\u0627\u0644.png","width":200,"height":40,"caption":"Association Kal Akal"},"image":{"@id":"https:\/\/kal-akal.com\/#\/schema\/logo\/image\/"}},{"@type":"Person","@id":"https:\/\/kal-akal.com\/#\/schema\/person\/38fee61aab36e307bd27480803963845","name":"\u0639\u0628\u062f\u0627\u0644\u0644\u06472024","image":{"@type":"ImageObject","inLanguage":"fr-FR","@id":"https:\/\/secure.gravatar.com\/avatar\/3c56ec666afc88ba8e609c1f64df8546bde100acf43533800f1a1368f1fb350c?s=96&d=mm&r=g","url":"https:\/\/secure.gravatar.com\/avatar\/3c56ec666afc88ba8e609c1f64df8546bde100acf43533800f1a1368f1fb350c?s=96&d=mm&r=g","contentUrl":"https:\/\/secure.gravatar.com\/avatar\/3c56ec666afc88ba8e609c1f64df8546bde100acf43533800f1a1368f1fb350c?s=96&d=mm&r=g","caption":"\u0639\u0628\u062f\u0627\u0644\u0644\u06472024"},"sameAs":["http:\/\/kal-akal.com"],"url":"https:\/\/kal-akal.com\/?author=1"}]}},"jetpack_sharing_enabled":true,"jetpack_featured_media_url":"https:\/\/kal-akal.com\/wp-content\/uploads\/2025\/06\/IMG-20250621-WA0116.jpg","_links":{"self":[{"href":"https:\/\/kal-akal.com\/index.php?rest_route=\/wp\/v2\/posts\/821","targetHints":{"allow":["GET"]}}],"collection":[{"href":"https:\/\/kal-akal.com\/index.php?rest_route=\/wp\/v2\/posts"}],"about":[{"href":"https:\/\/kal-akal.com\/index.php?rest_route=\/wp\/v2\/types\/post"}],"author":[{"embeddable":true,"href":"https:\/\/kal-akal.com\/index.php?rest_route=\/wp\/v2\/users\/1"}],"replies":[{"embeddable":true,"href":"https:\/\/kal-akal.com\/index.php?rest_route=%2Fwp%2Fv2%2Fcomments&post=821"}],"version-history":[{"count":2,"href":"https:\/\/kal-akal.com\/index.php?rest_route=\/wp\/v2\/posts\/821\/revisions"}],"predecessor-version":[{"id":825,"href":"https:\/\/kal-akal.com\/index.php?rest_route=\/wp\/v2\/posts\/821\/revisions\/825"}],"wp:featuredmedia":[{"embeddable":true,"href":"https:\/\/kal-akal.com\/index.php?rest_route=\/wp\/v2\/media\/565"}],"wp:attachment":[{"href":"https:\/\/kal-akal.com\/index.php?rest_route=%2Fwp%2Fv2%2Fmedia&parent=821"}],"wp:term":[{"taxonomy":"category","embeddable":true,"href":"https:\/\/kal-akal.com\/index.php?rest_route=%2Fwp%2Fv2%2Fcategories&post=821"},{"taxonomy":"post_tag","embeddable":true,"href":"https:\/\/kal-akal.com\/index.php?rest_route=%2Fwp%2Fv2%2Ftags&post=821"}],"curies":[{"name":"wp","href":"https:\/\/api.w.org\/{rel}","templated":true}]}}